{"id":873,"date":"2025-02-14T11:36:55","date_gmt":"2025-02-14T10:36:55","guid":{"rendered":"http:\/\/localhost\/mdi_w\/?p=873"},"modified":"2025-07-01T14:47:08","modified_gmt":"2025-07-01T12:47:08","slug":"site-internet-enseignons","status":"publish","type":"post","link":"https:\/\/api-lux.be\/index.php\/2025\/02\/14\/site-internet-enseignons\/","title":{"rendered":"Site: \u00ab\u00a0Enseignons.be\u00a0\u00bb"},"content":{"rendered":"\n<div class=\"wp-block-columns is-layout-flex wp-container-core-columns-is-layout-9d6595d7 wp-block-columns-is-layout-flex\">\n<div class=\"wp-block-column is-layout-flow wp-block-column-is-layout-flow\"><\/div>\n\n\n\n<div class=\"wp-block-column is-layout-flow wp-block-column-is-layout-flow\"><\/div>\n<\/div>\n\n\n\n<div class=\"wp-block-columns is-layout-flex wp-container-core-columns-is-layout-9d6595d7 wp-block-columns-is-layout-flex\">\n<div class=\"wp-block-column is-vertically-aligned-center is-layout-flow wp-block-column-is-layout-flow\"><div class=\"wp-block-image\">\n<figure class=\"aligncenter size-full is-resized\"><img loading=\"lazy\" decoding=\"async\" width=\"245\" height=\"206\" src=\"https:\/\/api-lux.be\/wp-content\/uploads\/2025\/02\/enseignonsbe-2.jpg\" alt=\"\" class=\"wp-image-1661\" style=\"width:328px;height:auto\"\/><\/figure>\n<\/div><\/div>\n\n\n\n<div class=\"wp-block-column is-layout-flow wp-block-column-is-layout-flow\">\n<p>\ud83c\udf92 <strong>Soutien scolaire<\/strong> &#8211; Plateforme \u00e9ducative collaborative pour les enseignants de la F\u00e9d\u00e9ration Wallonie-Bruxelles.<\/p>\n\n\n\n<!--more-->\n\n\n\n<h2 class=\"wp-block-heading\">\u00c2ge cible<\/h2>\n\n\n\n<p>De 4 \u00e0 18 ans.<\/p>\n<\/div>\n<\/div>\n\n\n\n<h2 class=\"wp-block-heading\">Descriptif de l&rsquo;outil<\/h2>\n\n\n\n<p>\ud83c\udf10 <strong>Enseignons.be<\/strong> est une plateforme collaborative d\u00e9di\u00e9e aux professionnels de l&rsquo;\u00e9ducation, offrant un large \u00e9ventail de ressources p\u00e9dagogiques pour accompagner les jeunes dans leur apprentissage et leur d\u00e9veloppement.<br>\ud83d\udcda Le site propose des plans de cours, des activit\u00e9s et des documents adapt\u00e9s, cr\u00e9\u00e9s et partag\u00e9s par des enseignants pour r\u00e9pondre aux besoins \u00e9ducatifs vari\u00e9s dans des espaces de vie comme l\u2019\u00e9cole ou les activit\u00e9s de d\u00e9couverte.<\/p>\n\n\n\n<div class=\"wp-block-columns is-layout-flex wp-container-core-columns-is-layout-9d6595d7 wp-block-columns-is-layout-flex\">\n<div class=\"wp-block-column is-layout-flow wp-block-column-is-layout-flow\">\n<h2 class=\"wp-block-heading\">Objectif(s) d&rsquo;utilisation<\/h2>\n\n\n\n<p>\ud83c\udfaf <strong>Simplification de l\u2019acc\u00e8s aux ressources p\u00e9dagogiques<\/strong> : rendre les ressources p\u00e9dagogiques facilement accessibles pour tous.<\/p>\n\n\n\n<p>\ud83d\udcda <strong>Enrichissement des m\u00e9thodes d\u2019enseignement<\/strong> : permettre aux enseignants d\u2019\u00e9largir leurs approches p\u00e9dagogiques avec des contenus diversifi\u00e9s.<\/p>\n\n\n\n<p>\ud83d\udd0d <strong>Accompagnement individualis\u00e9<\/strong> : Les enseignants peuvent puiser dans un vaste r\u00e9seau de contenus adapt\u00e9s aux diff\u00e9rents niveaux d\u2019apprentissage, favorisant un soutien personnalis\u00e9.<\/p>\n\n\n\n<p>\ud83e\udd1d <strong>Facilitation des \u00e9changes entre pairs<\/strong> : Enseignons.be encourage l\u2019\u00e9change entre enseignants, favorisant l\u2019innovation et l\u2019int\u00e9gration de nouvelles pratiques p\u00e9dagogiques.<\/p>\n<\/div>\n\n\n\n<div class=\"wp-block-column is-layout-flow wp-block-column-is-layout-flow\">\n<h2 class=\"wp-block-heading\">Liens utiles<\/h2>\n\n\n\n<p><a href=\"https:\/\/www.enseignons.be\/\" target=\"_blank\" rel=\"noreferrer noopener\">\ud83c\udf10 SITE INTERNET officiel<\/a><\/p>\n\n\n\n<p><strong>\u00a9 Enseignons.be ASBL. Tous droits r\u00e9serv\u00e9s.<\/strong><br><em>Reproduction ou diffusion interdite sans autorisation pr\u00e9alable.<\/em><br><\/p>\n<\/div>\n<\/div>\n\n\n\n<p>Des outils \u00e0 nous partager ?&nbsp;<a href=\"https:\/\/api-lux.be\/index.php\/contact\/\">Cliquez ici<\/a><\/p>\n","protected":false},"excerpt":{"rendered":"<p>\ud83c\udf92 Soutien scolaire &#8211; Plateforme \u00e9ducative collaborative pour les enseignants de la F\u00e9d\u00e9ration Wallonie-Bruxelles.<\/p>\n","protected":false},"author":1,"featured_media":0,"comment_status":"closed","ping_status":"closed","sticky":false,"template":"","format":"standard","meta":{"iawp_total_views":1,"footnotes":""},"categories":[22,46,47,26],"tags":[],"class_list":["post-873","post","type-post","status-publish","format-standard","hentry","category-besoins-cognitifs","category-fiches-outils","category-fiches-outils-pour-les-professionnels","category-outils-pedagogiques-pour-les-pro"],"_links":{"self":[{"href":"https:\/\/api-lux.be\/index.php\/wp-json\/wp\/v2\/posts\/873","targetHints":{"allow":["GET"]}}],"collection":[{"href":"https:\/\/api-lux.be\/index.php\/wp-json\/wp\/v2\/posts"}],"about":[{"href":"https:\/\/api-lux.be\/index.php\/wp-json\/wp\/v2\/types\/post"}],"author":[{"embeddable":true,"href":"https:\/\/api-lux.be\/index.php\/wp-json\/wp\/v2\/users\/1"}],"replies":[{"embeddable":true,"href":"https:\/\/api-lux.be\/index.php\/wp-json\/wp\/v2\/comments?post=873"}],"version-history":[{"count":10,"href":"https:\/\/api-lux.be\/index.php\/wp-json\/wp\/v2\/posts\/873\/revisions"}],"predecessor-version":[{"id":7789,"href":"https:\/\/api-lux.be\/index.php\/wp-json\/wp\/v2\/posts\/873\/revisions\/7789"}],"wp:attachment":[{"href":"https:\/\/api-lux.be\/index.php\/wp-json\/wp\/v2\/media?parent=873"}],"wp:term":[{"taxonomy":"category","embeddable":true,"href":"https:\/\/api-lux.be\/index.php\/wp-json\/wp\/v2\/categories?post=873"},{"taxonomy":"post_tag","embeddable":true,"href":"https:\/\/api-lux.be\/index.php\/wp-json\/wp\/v2\/tags?post=873"}],"curies":[{"name":"wp","href":"https:\/\/api.w.org\/{rel}","templated":true}]}}