{"id":872,"date":"2025-02-14T11:36:55","date_gmt":"2025-02-14T10:36:55","guid":{"rendered":"http:\/\/localhost\/mdi_w\/?p=872"},"modified":"2025-07-01T14:46:55","modified_gmt":"2025-07-01T12:46:55","slug":"handicap-et-sexualite-entre-desir-et-realite","status":"publish","type":"post","link":"https:\/\/api-lux.be\/index.php\/2025\/02\/14\/handicap-et-sexualite-entre-desir-et-realite\/","title":{"rendered":"Mallette handicap et sexualit\u00e9: \u00ab\u00a0Entre d\u00e9sir et r\u00e9alit\u00e9\u00a0\u00bb"},"content":{"rendered":"\n<div class=\"wp-block-columns is-layout-flex wp-container-core-columns-is-layout-9d6595d7 wp-block-columns-is-layout-flex\">\n<div class=\"wp-block-column is-vertically-aligned-center is-layout-flow wp-block-column-is-layout-flow\"><div class=\"wp-block-image\">\n<figure class=\"aligncenter size-full\"><img decoding=\"async\" src=\"https:\/\/api-lux.be\/wp-content\/uploads\/2025\/02\/handicap_et_sexualite.jpg\" alt=\" \" class=\"wp-image-202\"\/><\/figure>\n<\/div><\/div>\n\n\n\n<div class=\"wp-block-column is-layout-flow wp-block-column-is-layout-flow\">\n<p>\ud83c\udf43\ud83d\udc69\u200d\ud83c\udfeb <strong>EVRAS \u2013 \u00e9ducation affective, relationnelle et sexuelle <\/strong>&#8211; Mallette p\u00e9dagogique (EVRAS) pour accompagner la d\u00e9couverte de soi et la relation aux autres dans le cadre de l&rsquo;\u00e9ducation \u00e0 la sexualit\u00e9.<\/p>\n\n\n\n<!--more-->\n\n\n\n<h2 class=\"wp-block-heading\">\u00c2ge cible<\/h2>\n\n\n\n<p>De 6 \u00e0 20 ans.<\/p>\n<\/div>\n<\/div>\n\n\n\n<h2 class=\"wp-block-heading\">Descriptif de l&rsquo;outil<\/h2>\n\n\n\n<p>\ud83c\udf1f Cet outil p\u00e9dagogique permet d&rsquo;explorer des th\u00e8mes fondamentaux tels que la sexualit\u00e9, l&rsquo;amiti\u00e9, l&rsquo;amour et les relations interpersonnelles.<\/p>\n\n\n\n<p>\ud83c\udf92 L\u2019outil se pr\u00e9sente sous la forme d\u2019une mallette p\u00e9dagogique compos\u00e9e d\u2019un cahier d\u2019animations de 84 pages d\u00e9taill\u00e9es avec des fiches d\u2019animation et des supports p\u00e9dagogiques (pictogrammes, feuilles de travail et d\u2019explications).<\/p>\n\n\n\n<p>\ud83d\udcda Le cahier est un recueil d\u2019id\u00e9es et d\u2019outils pour aller\u2026 \u00e0 la rencontre de soi, de l\u2019autre, de l\u2019amiti\u00e9 et de l\u2019amour.<\/p>\n\n\n\n<p>\ud83d\udca1 <strong>Mise en avant des notions essentielles<\/strong> :<\/p>\n\n\n\n<ul class=\"wp-block-list\">\n<li>\ud83c\udf1f <strong>Respect de soi<\/strong> et des autres<\/li>\n\n\n\n<li>\ud83e\udd0d <strong>Gestion des \u00e9motions<\/strong><\/li>\n\n\n\n<li>\ud83d\udee1\ufe0f <strong>Consentement<\/strong> et limites personnelles<\/li>\n\n\n\n<li>\ud83e\udd1d <strong>Relations interpersonnelles saines<\/strong><\/li>\n<\/ul>\n\n\n\n<p>\ud83d\udcda <strong>Approche p\u00e9dagogique<\/strong> :<\/p>\n\n\n\n<ul class=\"wp-block-list\">\n<li>Favoriser un <strong>cheminement progressif<\/strong> : d\u00e9marrage par les aspects relationnels et affectifs avant d&rsquo;aborder l&rsquo;anatomie et la sexualit\u00e9.<\/li>\n\n\n\n<li><strong>Utilisation flexible<\/strong> : les animations peuvent \u00eatre choisies \u00e0 la carte selon les besoins des jeunes et des animateurs EVRAS.<\/li>\n\n\n\n<li><strong>Conception inclusive<\/strong> : cet outil s\u2019adapte \u00e0 divers publics et contextes.<\/li>\n<\/ul>\n\n\n\n<p>\ud83c\udf10 <strong>Collaboration<\/strong> : Outil d\u00e9velopp\u00e9 par Esenca Li\u00e8ge et les Centres de Planning Familial Soralia de Li\u00e8ge et Spa.<br><br>Le stock est actuellement \u00e9puis\u00e9. Vous pouvez cependant consulter la mallette p\u00e9dagogique dans diff\u00e9rents centres de documentation. (<a href=\"https:\/\/api-lux.be\/index.php\/2025\/02\/14\/clps-luxembourg\/\" target=\"_blank\" rel=\"noreferrer noopener\">CLPS<\/a>, <a href=\"https:\/\/lesassociationssolidaris.be\/portfolio-items\/handicap-et-sexualite\/\" target=\"_blank\" rel=\"noreferrer noopener\">centre de documentations handicap et sexualit\u00e9<\/a>, et centre de <a href=\"https:\/\/api-lux.be\/index.php\/2025\/02\/14\/centre-documentation-laviq\/\" target=\"_blank\" rel=\"noreferrer noopener\">documentations AVIQ<\/a>)<\/p>\n\n\n\n<div class=\"wp-block-columns is-layout-flex wp-container-core-columns-is-layout-9d6595d7 wp-block-columns-is-layout-flex\">\n<div class=\"wp-block-column is-layout-flow wp-block-column-is-layout-flow\">\n<h2 class=\"wp-block-heading\">Objectif(s) d&rsquo;utilisation<\/h2>\n\n\n\n<p>\ud83d\udca1 <strong>Autonomie<\/strong> : aider les jeunes \u00e0 prendre des d\u00e9cisions \u00e9clair\u00e9es sur leur corps et leurs relations.<\/p>\n\n\n\n<p>\ud83e\udd1d <strong>Responsabilisation<\/strong> : encourager une attitude respectueuse et responsable vis-\u00e0-vis de soi et des autres.<\/p>\n\n\n\n<p>\ud83d\udde3\ufe0f <strong>Sociabilisation<\/strong> : d\u00e9velopper les comp\u00e9tences relationnelles et la communication.<\/p>\n\n\n\n<p>\u2764\ufe0f <strong>D\u00e9veloppement \u00e9motionnel<\/strong> : apprendre \u00e0 g\u00e9rer ses \u00e9motions et \u00e0 exprimer ses besoins.<\/p>\n\n\n\n<p>\ud83d\udcda <strong>Apprentissage<\/strong> : fournir des connaissances accessibles et adapt\u00e9es.<\/p>\n\n\n\n<p>\ud83c\udf1f <strong>Valorisation<\/strong> : renforcer l\u2019estime de soi et la confiance.<\/p>\n\n\n\n<p>\ud83e\uddd8\u200d\u2640\ufe0f <strong>Auto-r\u00e9gulation<\/strong> : int\u00e9grer des strat\u00e9gies de gestion du stress et des relations.<\/p>\n<\/div>\n\n\n\n<div class=\"wp-block-column is-layout-flow wp-block-column-is-layout-flow\">\n<h2 class=\"wp-block-heading\">Variantes &#8211; am\u00e9nagements<\/h2>\n\n\n\n<p>\ud83d\udc8c <strong>Approches adaptatives<\/strong> :<\/p>\n\n\n\n<ul class=\"wp-block-list\">\n<li>\ud83c\udf3f Mettre en place des supports visuels et sensoriels pour les jeunes ayant des besoins sp\u00e9cifiques.<\/li>\n\n\n\n<li>\ud83d\udcac Int\u00e9grer des d\u00e9bats guid\u00e9s et des jeux de r\u00f4le pour renforcer la discussion.<\/li>\n\n\n\n<li>\ud83d\udc8e Personnaliser les activit\u00e9s en fonction des int\u00e9r\u00eats des jeunes.<\/li>\n<\/ul>\n\n\n\n<p>\ud83c\udf1f <strong>Exemples d&rsquo;activit\u00e9s<\/strong> :<\/p>\n\n\n\n<ul class=\"wp-block-list\">\n<li>\ud83c\udf10 <strong>Carte du respect<\/strong> : identifier les limites personnelles et celles des autres.<\/li>\n\n\n\n<li>\ud83d\udcad <strong>Le cercle de confiance<\/strong> : identifier les personnes ressources.<\/li>\n\n\n\n<li>\ud83c\udfae <strong>Sc\u00e9narios interactifs<\/strong> : analyser des situations de la vie quotidienne et proposer des solutions respectueuses.<\/li>\n<\/ul>\n<\/div>\n<\/div>\n\n\n\n<h2 class=\"wp-block-heading\">Liens utiles<\/h2>\n\n\n\n<p>\ud83c\udfa5 <strong>VID\u00c9O youtube<\/strong> des associations Solidaris de Li\u00e8ge (3min43): <a href=\"https:\/\/www.youtube.com\/watch?v=t5xSpF6udWA\" target=\"_blank\" rel=\"noreferrer noopener\">\u00ab\u00a0Animation Esenca &#8211; EVRAS &#8211; <\/a><strong><a href=\"https:\/\/www.youtube.com\/watch?v=t5xSpF6udWA\">Les \u00e9motions<\/a>\u00ab\u00a0<\/strong><\/p>\n\n\n\n<p>\ud83c\udfa5 VID\u00c9O youtube des associations Solidaris de Li\u00e8ge (3min58): <a href=\"https:\/\/www.youtube.com\/watch?v=7dkuy9_T7pc\" target=\"_blank\" rel=\"noreferrer noopener\">\u00ab\u00a0Animation Esenca &#8211; Evras- <strong>Comprendre les relations\u00a0\u00bb<\/strong><\/a><\/p>\n\n\n\n<p>\ud83c\udfa5 VID\u00c9O youtube des associations Solidaris de Li\u00e8ge (3min10): <a href=\"https:\/\/www.youtube.com\/watch?v=-fcVcgIekgo\" target=\"_blank\" rel=\"noreferrer noopener\">\u00ab\u00a0Animation Esenca- EVRAS &#8211; <strong>Comprendre les relations &#8211; Les d\u00e9s de l&rsquo;intimit\u00e9<\/strong>\u00ab\u00a0<\/a><\/p>\n\n\n\n<p>\ud83c\udfa5 VID\u00c9O youtube des associations Solidaris de Li\u00e8ge (1min34): <a href=\"https:\/\/www.youtube.com\/watch?v=FYT1JFXhdGE\" target=\"_blank\" rel=\"noreferrer noopener\">\u00ab\u00a0Animation- <strong>J&rsquo;accepte ou je n&rsquo;accepte pas<\/strong><\/a>\u00a0\u00bb<\/p>\n\n\n\n<p>Des outils \u00e0 nous partager ?&nbsp;<a href=\"https:\/\/api-lux.be\/index.php\/contact\/\">Cliquez ici<\/a><\/p>\n","protected":false},"excerpt":{"rendered":"<p>\ud83c\udf43\ud83d\udc69\u200d\ud83c\udfeb EVRAS \u2013 \u00e9ducation affective, relationnelle et sexuelle &#8211; Mallette p\u00e9dagogique (EVRAS) pour accompagner la d\u00e9couverte de soi et la relation aux autres dans le cadre de l&rsquo;\u00e9ducation \u00e0 la [&hellip;]<\/p>\n","protected":false},"author":1,"featured_media":0,"comment_status":"closed","ping_status":"closed","sticky":false,"template":"","format":"standard","meta":{"iawp_total_views":47,"footnotes":""},"categories":[22,46,48,47,26],"tags":[],"class_list":["post-872","post","type-post","status-publish","format-standard","hentry","category-besoins-cognitifs","category-fiches-outils","category-fiches-outils-pour-les-aidants-proches","category-fiches-outils-pour-les-professionnels","category-outils-pedagogiques-pour-les-pro"],"_links":{"self":[{"href":"https:\/\/api-lux.be\/index.php\/wp-json\/wp\/v2\/posts\/872","targetHints":{"allow":["GET"]}}],"collection":[{"href":"https:\/\/api-lux.be\/index.php\/wp-json\/wp\/v2\/posts"}],"about":[{"href":"https:\/\/api-lux.be\/index.php\/wp-json\/wp\/v2\/types\/post"}],"author":[{"embeddable":true,"href":"https:\/\/api-lux.be\/index.php\/wp-json\/wp\/v2\/users\/1"}],"replies":[{"embeddable":true,"href":"https:\/\/api-lux.be\/index.php\/wp-json\/wp\/v2\/comments?post=872"}],"version-history":[{"count":9,"href":"https:\/\/api-lux.be\/index.php\/wp-json\/wp\/v2\/posts\/872\/revisions"}],"predecessor-version":[{"id":7788,"href":"https:\/\/api-lux.be\/index.php\/wp-json\/wp\/v2\/posts\/872\/revisions\/7788"}],"wp:attachment":[{"href":"https:\/\/api-lux.be\/index.php\/wp-json\/wp\/v2\/media?parent=872"}],"wp:term":[{"taxonomy":"category","embeddable":true,"href":"https:\/\/api-lux.be\/index.php\/wp-json\/wp\/v2\/categories?post=872"},{"taxonomy":"post_tag","embeddable":true,"href":"https:\/\/api-lux.be\/index.php\/wp-json\/wp\/v2\/tags?post=872"}],"curies":[{"name":"wp","href":"https:\/\/api.w.org\/{rel}","templated":true}]}}