{"id":871,"date":"2025-02-14T11:36:55","date_gmt":"2025-02-14T10:36:55","guid":{"rendered":"http:\/\/localhost\/mdi_w\/?p=871"},"modified":"2025-07-01T14:46:21","modified_gmt":"2025-07-01T12:46:21","slug":"livre-grandir-avec-toi","status":"publish","type":"post","link":"https:\/\/api-lux.be\/index.php\/2025\/02\/14\/livre-grandir-avec-toi\/","title":{"rendered":"Livre: \u00ab\u00a0Grandir avec toi\u00a0\u00bb"},"content":{"rendered":"\n<div class=\"wp-block-columns is-layout-flex wp-container-core-columns-is-layout-9d6595d7 wp-block-columns-is-layout-flex\">\n<div class=\"wp-block-column is-vertically-aligned-center is-layout-flow wp-block-column-is-layout-flow\"><div class=\"wp-block-image\">\n<figure class=\"aligncenter size-full is-resized\"><img loading=\"lazy\" decoding=\"async\" width=\"340\" height=\"340\" src=\"https:\/\/api-lux.be\/wp-content\/uploads\/2025\/02\/Grandir-avec-toi.jpg\" alt=\"\" class=\"wp-image-1666\" style=\"width:340px;height:auto\" srcset=\"https:\/\/api-lux.be\/wp-content\/uploads\/2025\/02\/Grandir-avec-toi.jpg 340w, https:\/\/api-lux.be\/wp-content\/uploads\/2025\/02\/Grandir-avec-toi-300x300.jpg 300w, https:\/\/api-lux.be\/wp-content\/uploads\/2025\/02\/Grandir-avec-toi-150x150.jpg 150w\" sizes=\"auto, (max-width: 340px) 100vw, 340px\" \/><\/figure>\n<\/div><\/div>\n\n\n\n<div class=\"wp-block-column is-layout-flow wp-block-column-is-layout-flow\">\n<p>\ud83d\udc68\u200d\ud83d\udc69\u200d\ud83d\udc67\u200d\ud83d\udc66 <strong>Outil Parentalit\u00e9<\/strong> &#8211; Bande-dessin\u00e9e pour comprendre et accompagner le d\u00e9veloppement de son b\u00e9b\u00e9 (0 \u00e0 2 ans).<\/p>\n\n\n\n<!--more-->\n\n\n\n<h2 class=\"wp-block-heading\">Public cible<\/h2>\n\n\n\n<p>Les parents ou professionnels de l&rsquo;enfance.<\/p>\n<\/div>\n<\/div>\n\n\n\n<h2 class=\"wp-block-heading\">Descriptif de l&rsquo;outil<\/h2>\n\n\n\n<p><strong>Grandir avec toi<\/strong> est une bande dessin\u00e9e (<em>Caroline Couppey &#8211; infirmi\u00e8re pu\u00e9ricultrice<\/em>) con\u00e7ue pour aider les parents et les professionnels \u00e0 mieux comprendre le d\u00e9veloppement des b\u00e9b\u00e9s de 0 \u00e0 2 ans. Il est particuli\u00e8rement adapt\u00e9 \u00e0 ceux qui cherchent \u00e0 instaurer une relation saine et respectueuse avec leurs enfants d\u00e8s leur plus jeune \u00e2ge, en valorisant une approche douce et bienveillante.<\/p>\n\n\n\n<p>\ud83c\udf1f <strong>Illustrations simples et ludiques<\/strong> pour expliquer les \u00e9tapes du d\u00e9veloppement moteur, cognitif et \u00e9motionnel du b\u00e9b\u00e9.<br>\ud83c\udf1f <strong>Conseils pratiques<\/strong> sur l&rsquo;accompagnement du nourrisson au quotidien.<br>\ud83c\udf1f <strong>Mises en situation concr\u00e8tes<\/strong> pour mieux interpr\u00e9ter les besoins et r\u00e9actions des tout-petits.<br>\ud83c\udf1f <strong>Encouragement \u00e0 une parentalit\u00e9 bienveillante<\/strong> et renforcement des liens affectifs.<\/p>\n\n\n\n<p>Disponible \u00e0 la vente en ligne ou dans sa librairie de proximit\u00e9, au prix r\u00e9f\u00e9renc\u00e9 en janvier 2025, de&nbsp;<strong>19,95\u20ac<\/strong>&nbsp;\u2013 En pr\u00eat: Se renseigner aupr\u00e8s de sa biblioth\u00e8que locale.<\/p>\n\n\n\n<p><strong>Points d&rsquo;attention :<\/strong><br>\ud83d\udd04 Adapter les conseils \u00e0 chaque famille et contexte culturel.<br>\ud83d\udd04 Sensibiliser les parents \u00e0 l\u2019importance du rythme et du d\u00e9veloppement propre \u00e0 chaque enfant..<\/p>\n\n\n\n<div class=\"wp-block-columns is-layout-flex wp-container-core-columns-is-layout-9d6595d7 wp-block-columns-is-layout-flex\">\n<div class=\"wp-block-column is-layout-flow wp-block-column-is-layout-flow\">\n<h2 class=\"wp-block-heading\">Objectif(s) d&rsquo;utilisation<\/h2>\n\n\n\n<p>\ud83e\udd1d <strong>Renforcer la confiance des parents<\/strong> en leur apportant des conseils pour mieux comprendre leur r\u00f4le.<\/p>\n\n\n\n<p>\ud83d\udee0\ufe0f <strong>Offrir des conseils pratiques<\/strong> pour accompagner leur enfant avec bienveillance et bien s&rsquo;adapter \u00e0 ses besoins.<\/p>\n\n\n\n<p>\ud83d\udc76 <strong>Am\u00e9liorer la communication<\/strong> avec le b\u00e9b\u00e9 en apprenant \u00e0 comprendre ses signaux et ses \u00e9motions.<\/p>\n\n\n\n<p>\u2764\ufe0f <strong>Favoriser des liens affectifs solides<\/strong> pour garantir un attachement s\u00e9curisant et rassurant.<\/p>\n\n\n\n<p>\ud83c\udf31 <strong>Rassurer les parents<\/strong> en d\u00e9dramatisant les \u00e9tapes du d\u00e9veloppement et en les aidant \u00e0 mieux vivre ces moments.<\/p>\n\n\n\n<p>\ud83d\udc40 <strong>Encourager l\u2019observation attentive<\/strong> des besoins du b\u00e9b\u00e9 pour r\u00e9pondre de mani\u00e8re plus juste \u00e0 ses attentes.<\/p>\n<\/div>\n\n\n\n<div class=\"wp-block-column is-layout-flow wp-block-column-is-layout-flow\">\n<h2 class=\"wp-block-heading\">Variantes &#8211; am\u00e9nagement<\/h2>\n\n\n\n<p>\ud83d\udcda <strong>Lecture interactive en cr\u00e8che ou en PMI<\/strong> : Faire une lecture comment\u00e9e avec les parents pour encourager l&rsquo;\u00e9change et la r\u00e9flexion sur les th\u00e8mes abord\u00e9s dans la BD.<\/p>\n\n\n\n<p>\ud83e\uddf8 <strong>Ateliers th\u00e9matiques<\/strong> : Associer la BD \u00e0 des discussions sur des sujets essentiels comme l&rsquo;attachement, le sommeil, l&rsquo;alimentation ou les pleurs pour approfondir la compr\u00e9hension des parents.<\/p>\n\n\n\n<p>\ud83c\udf93 <strong>Utilisation en formation<\/strong> : Utiliser cette BD comme support p\u00e9dagogique pour les \u00e9tudiants et les professionnels de la petite enfance afin d&rsquo;illustrer des situations concr\u00e8tes et de favoriser l&rsquo;apprentissage.<\/p>\n\n\n\n<p>\ud83d\udd17 <strong>Mise en lien avec d&rsquo;autres ressources<\/strong> : Associer cette BD \u00e0 des vid\u00e9os ou des articles pertinents pour enrichir et approfondir les discussions autour de certains sujets trait\u00e9s.<\/p>\n<\/div>\n<\/div>\n\n\n\n<h2 class=\"wp-block-heading\">Lien(s) utile(s)<\/h2>\n\n\n\n<p><a href=\"https:\/\/www.amazon.fr\/Grandir-avec-toi-Caroline-Couppey\/dp\/2036047513\" data-type=\"link\" data-id=\"https:\/\/www.amazon.fr\/Grandir-avec-toi-Caroline-Couppey\/dp\/2036047513\" target=\"_blank\" rel=\"noreferrer noopener\"><strong>\ud83d\udecd\ufe0f SITE DE VENTE<\/strong> en ligne &#8211; amazon<\/a><\/p>\n\n\n\n<p><em>Les liens vers les sites propos\u00e9s sont fournis \u00e0 titre indicatif et ne constituent en aucun cas une recommandation publicitaire. De nombreux mat\u00e9riaux et \u00e9quipements similaires peuvent \u00eatre trouv\u00e9s dans les magasins de proximit\u00e9 et les enseignes discount.<\/em><\/p>\n\n\n\n<p>Des outils \u00e0 nous partager ?&nbsp;<a href=\"https:\/\/api-lux.be\/index.php\/contact\/\">Cliquez ici<\/a><\/p>\n","protected":false},"excerpt":{"rendered":"<p>\ud83d\udc68\u200d\ud83d\udc69\u200d\ud83d\udc67\u200d\ud83d\udc66 Outil Parentalit\u00e9 &#8211; Bande-dessin\u00e9e pour comprendre et accompagner le d\u00e9veloppement de son b\u00e9b\u00e9 (0 \u00e0 2 ans).<\/p>\n","protected":false},"author":1,"featured_media":0,"comment_status":"closed","ping_status":"closed","sticky":false,"template":"","format":"standard","meta":{"iawp_total_views":1,"footnotes":""},"categories":[14,9,12,46,48,47,16],"tags":[],"class_list":["post-871","post","type-post","status-publish","format-standard","hentry","category-besoins-dappartenance","category-besoins-de-securite","category-cadre-et-limites","category-fiches-outils","category-fiches-outils-pour-les-aidants-proches","category-fiches-outils-pour-les-professionnels","category-vie-affective"],"_links":{"self":[{"href":"https:\/\/api-lux.be\/index.php\/wp-json\/wp\/v2\/posts\/871","targetHints":{"allow":["GET"]}}],"collection":[{"href":"https:\/\/api-lux.be\/index.php\/wp-json\/wp\/v2\/posts"}],"about":[{"href":"https:\/\/api-lux.be\/index.php\/wp-json\/wp\/v2\/types\/post"}],"author":[{"embeddable":true,"href":"https:\/\/api-lux.be\/index.php\/wp-json\/wp\/v2\/users\/1"}],"replies":[{"embeddable":true,"href":"https:\/\/api-lux.be\/index.php\/wp-json\/wp\/v2\/comments?post=871"}],"version-history":[{"count":12,"href":"https:\/\/api-lux.be\/index.php\/wp-json\/wp\/v2\/posts\/871\/revisions"}],"predecessor-version":[{"id":7787,"href":"https:\/\/api-lux.be\/index.php\/wp-json\/wp\/v2\/posts\/871\/revisions\/7787"}],"wp:attachment":[{"href":"https:\/\/api-lux.be\/index.php\/wp-json\/wp\/v2\/media?parent=871"}],"wp:term":[{"taxonomy":"category","embeddable":true,"href":"https:\/\/api-lux.be\/index.php\/wp-json\/wp\/v2\/categories?post=871"},{"taxonomy":"post_tag","embeddable":true,"href":"https:\/\/api-lux.be\/index.php\/wp-json\/wp\/v2\/tags?post=871"}],"curies":[{"name":"wp","href":"https:\/\/api.w.org\/{rel}","templated":true}]}}