{"id":867,"date":"2025-02-14T11:36:55","date_gmt":"2025-02-14T10:36:55","guid":{"rendered":"http:\/\/localhost\/mdi_w\/?p=867"},"modified":"2025-07-01T14:45:31","modified_gmt":"2025-07-01T12:45:31","slug":"soiree-dansante-inclusive","status":"publish","type":"post","link":"https:\/\/api-lux.be\/index.php\/2025\/02\/14\/soiree-dansante-inclusive\/","title":{"rendered":"Soir\u00e9e dansante inclusive"},"content":{"rendered":"\n<div class=\"wp-block-columns is-layout-flex wp-container-core-columns-is-layout-9d6595d7 wp-block-columns-is-layout-flex\">\n<div class=\"wp-block-column is-vertically-aligned-center is-layout-flow wp-block-column-is-layout-flow\"><div class=\"wp-block-image\">\n<figure class=\"aligncenter size-full is-resized\"><img decoding=\"async\" src=\"https:\/\/api-lux.be\/wp-content\/uploads\/2025\/02\/fete.jpg\" alt=\" \" class=\"wp-image-202\" style=\"width:306px;height:auto\"\/><\/figure>\n<\/div><\/div>\n\n\n\n<div class=\"wp-block-column is-layout-flow wp-block-column-is-layout-flow\">\n<p>\ud83c\udfa1 <strong>LOISIRS INCLUSIFS <\/strong>&#8211; Ev\u00e9nement festif ouvert \u00e0 tous, o\u00f9 chacun, quelle que soit sa situation, peut s&rsquo;amuser, danser et partager un moment convivial. L&rsquo;accent est mis sur l&rsquo;accessibilit\u00e9, le respect et la diversit\u00e9, pour que tout le monde se sente \u00e0 l&rsquo;aise et bienvenu.<\/p>\n\n\n\n<!--more-->\n\n\n\n<h2 class=\"wp-block-heading\">\u00c2ge cible<\/h2>\n\n\n\n<p>Tout \u00e2ge.<\/p>\n<\/div>\n<\/div>\n\n\n\n<h2 class=\"wp-block-heading\">Descriptif de l&rsquo;outil<\/h2>\n\n\n\n<p>\ud83d\udc83\ud83d\udd7a <strong>Les soir\u00e9es dansantes inclusives<\/strong> permettent \u00e0 des personnes, de tous horizons et capacit\u00e9s \u267f, de se r\u00e9unir dans une ambiance joyeuse et accessible.<\/p>\n\n\n\n<p><strong>Des am\u00e9nagements sont pr\u00e9vus<\/strong> pour que chacun puisse participer pleinement :<\/p>\n\n\n\n<ul class=\"wp-block-list\">\n<li>Accessibilit\u00e9 pour les personnes \u00e0 mobilit\u00e9 r\u00e9duite \ud83d\udeb6\u200d\u2642\ufe0f\ud83d\udeb6\u200d\u2640\ufe0f<\/li>\n\n\n\n<li>Musique adapt\u00e9e \u00e0 diff\u00e9rents publics \ud83c\udfb6\ud83c\udfa7<\/li>\n\n\n\n<li>Un encadrement bienveillant pour assurer le confort de tous \ud83e\udd17<\/li>\n<\/ul>\n\n\n\n<p>C&rsquo;est un moment de partage, o\u00f9 la diversit\u00e9 des participants enrichit la f\u00eate et favorise l\u2019inclusion.<\/p>\n\n\n\n<p><strong>Exemples d&rsquo;\u00e9v\u00e9nements<\/strong> :<\/p>\n\n\n\n<ul class=\"wp-block-list\">\n<li>APRES-MIDI: <strong>\u00ab\u00a0<a href=\"https:\/\/www.blegny-initiatives.be\/articles\/20160303-HanDiscotheque.php?id=2\" data-type=\"link\" data-id=\"https:\/\/www.blegny-initiatives.be\/articles\/20160303-HanDiscotheque.php?id=2\" target=\"_blank\" rel=\"noreferrer noopener\">Han&rsquo;discoth\u00e8que<\/a>\u00ab\u00a0<\/strong> \ud83d\udcda\ud83d\udc83 &#8211; Karaok\u00e9 ou dansing<\/li>\n\n\n\n<li>APRES-MIDI DANSANTE: <strong>\u00ab\u00a0Rest&rsquo;Hand dance\u00a0\u00bb<\/strong> organis\u00e9 par la <strong>\u00ab\u00a0Jeunesse de Resteigne\u00a0\u00bb<\/strong> \ud83c\udf1f<br><br><br>\ud83d\udc1d <strong>LES AUTRES PISTES VIA  FICHES OUTILS API-LUX &#8211; COMPL\u00c9MENTAIRES &#8211; R\u00c9COLT\u00c9ES AUPR\u00c8S DES PROFESSIONNELS :<\/strong><br><\/li>\n\n\n\n<li>FESTIVAL: <a href=\"https:\/\/rockagrumefestival.be\" target=\"_blank\" rel=\"noreferrer noopener\"><strong>Rock a&rsquo;grume<\/strong><\/a>: \u00a0Depuis\u00a02017, <a href=\"https:\/\/asbl-pointdeau.be\" target=\"_blank\" rel=\"noreferrer noopener\">Point d\u2019Eau<\/a> organise ce\u00a0<strong>festival\u00a0<\/strong>plein air qui se veut\u00a0<strong>inclusif\u00a0<\/strong>pour tous avec un\u00a0<strong>am\u00e9nagement pr\u00e9vu<\/strong>\u00a0pour toute personne en situation de handicap. (Grumelange)<\/li>\n\n\n\n<li>FESTIVAL <a href=\"https:\/\/api-lux.be\/index.php\/2025\/02\/14\/festival-inclusif-unisound\/\" target=\"_blank\" rel=\"noreferrer noopener\"><strong>UNISOUND<\/strong><\/a> (Court-Saint-Etienne)<\/li>\n\n\n\n<li>FESTIVAL <a href=\"https:\/\/www.lasemo.be\/fr\/accessibilite\/\" target=\"_blank\" rel=\"noreferrer noopener\"><strong>LaSEMO<\/strong><\/a> (parc d\u2019Enghien)<\/li>\n<\/ul>\n\n\n\n<div class=\"wp-block-columns is-layout-flex wp-container-core-columns-is-layout-9d6595d7 wp-block-columns-is-layout-flex\">\n<div class=\"wp-block-column is-layout-flow wp-block-column-is-layout-flow\">\n<h2 class=\"wp-block-heading\">Objectif(s) d&rsquo;utilisation<\/h2>\n\n\n\n<p>\ud83e\udd1d <strong>Cr\u00e9er un moment de convivialit\u00e9<\/strong> : Favoriser le partage et la rencontre entre des personnes de tous horizons.<\/p>\n\n\n\n<p>\u267f <strong>Assurer l\u2019accessibilit\u00e9<\/strong> : Garantir que chacun, quel que soit son handicap ou sa diff\u00e9rence, puisse participer.<\/p>\n\n\n\n<p>\ud83c\udf0d <strong>Promouvoir l\u2019inclusion<\/strong> : C\u00e9l\u00e9brer la diversit\u00e9 et cr\u00e9er un environnement accueillant pour tous.<\/p>\n\n\n\n<p>\ud83d\udc83 <strong>Encourager l\u2019expression de soi<\/strong> : Offrir \u00e0 chacun la possibilit\u00e9 de s&rsquo;amuser et de danser \u00e0 son rythme.<\/p>\n<\/div>\n\n\n\n<div class=\"wp-block-column is-layout-flow wp-block-column-is-layout-flow\">\n<h2 class=\"wp-block-heading\">Liens utiles<\/h2>\n\n\n\n<p><a href=\"https:\/\/www.tvlux.be\/video\/info\/une-apres-midi-inclusive-par-la-jeunesse-de-resteigne_43495.html\" data-type=\"link\" data-id=\"https:\/\/www.tvlux.be\/video\/info\/une-apres-midi-inclusive-par-la-jeunesse-de-resteigne_43495.html\" target=\"_blank\" rel=\"noreferrer noopener\"><strong>\ud83c\udfa5 VID\u00c9O TV Lux:<\/strong> \u00ab\u00a0Une apr\u00e8s-midi inclusive par la jeunesse de Resteigne\u00a0\u00bb<\/a><\/p>\n\n\n\n<p><strong>\ud83d\udcf0 ARTICLE RTBF &#8211; Cl\u00e9ment Larue:<\/strong> <a href=\"https:\/\/www.rtbf.be\/article\/la-fete-n-a-pas-de-frontieres-des-apres-midi-discotheque-karaoke-ou-festival-pour-personnes-porteuses-de-handicap-11131810\" target=\"_blank\" rel=\"noreferrer noopener\">\u00ab\u00a0La f\u00eate n\u2019a pas de fronti\u00e8res\u00a0: des apr\u00e8s-midi discoth\u00e8que, karaok\u00e9 ou festival pour personnes porteuses de handicap\u00a0\u00bb<\/a><\/p>\n<\/div>\n<\/div>\n\n\n\n<p>Des outils \u00e0 nous partager ?&nbsp;<a href=\"https:\/\/api-lux.be\/index.php\/contact\/\">Cliquez ici<\/a><\/p>\n","protected":false},"excerpt":{"rendered":"<p>\ud83c\udfa1 LOISIRS INCLUSIFS &#8211; Ev\u00e9nement festif ouvert \u00e0 tous, o\u00f9 chacun, quelle que soit sa situation, peut s&rsquo;amuser, danser et partager un moment convivial. L&rsquo;accent est mis sur l&rsquo;accessibilit\u00e9, le [&hellip;]<\/p>\n","protected":false},"author":1,"featured_media":0,"comment_status":"closed","ping_status":"closed","sticky":false,"template":"","format":"standard","meta":{"iawp_total_views":15,"footnotes":""},"categories":[30],"tags":[],"class_list":["post-867","post","type-post","status-publish","format-standard","hentry","category-spiritualite"],"_links":{"self":[{"href":"https:\/\/api-lux.be\/index.php\/wp-json\/wp\/v2\/posts\/867","targetHints":{"allow":["GET"]}}],"collection":[{"href":"https:\/\/api-lux.be\/index.php\/wp-json\/wp\/v2\/posts"}],"about":[{"href":"https:\/\/api-lux.be\/index.php\/wp-json\/wp\/v2\/types\/post"}],"author":[{"embeddable":true,"href":"https:\/\/api-lux.be\/index.php\/wp-json\/wp\/v2\/users\/1"}],"replies":[{"embeddable":true,"href":"https:\/\/api-lux.be\/index.php\/wp-json\/wp\/v2\/comments?post=867"}],"version-history":[{"count":10,"href":"https:\/\/api-lux.be\/index.php\/wp-json\/wp\/v2\/posts\/867\/revisions"}],"predecessor-version":[{"id":7784,"href":"https:\/\/api-lux.be\/index.php\/wp-json\/wp\/v2\/posts\/867\/revisions\/7784"}],"wp:attachment":[{"href":"https:\/\/api-lux.be\/index.php\/wp-json\/wp\/v2\/media?parent=867"}],"wp:term":[{"taxonomy":"category","embeddable":true,"href":"https:\/\/api-lux.be\/index.php\/wp-json\/wp\/v2\/categories?post=867"},{"taxonomy":"post_tag","embeddable":true,"href":"https:\/\/api-lux.be\/index.php\/wp-json\/wp\/v2\/tags?post=867"}],"curies":[{"name":"wp","href":"https:\/\/api.w.org\/{rel}","templated":true}]}}