{"id":866,"date":"2025-02-14T11:36:55","date_gmt":"2025-02-14T10:36:55","guid":{"rendered":"http:\/\/localhost\/mdi_w\/?p=866"},"modified":"2025-07-01T14:44:52","modified_gmt":"2025-07-01T12:44:52","slug":"festival-inclusif-unisound","status":"publish","type":"post","link":"https:\/\/api-lux.be\/index.php\/2025\/02\/14\/festival-inclusif-unisound\/","title":{"rendered":"Festival inclusif \u00ab\u00a0UNISOUND\u00a0\u00bb"},"content":{"rendered":"\n<div class=\"wp-block-columns is-layout-flex wp-container-core-columns-is-layout-9d6595d7 wp-block-columns-is-layout-flex\">\n<div class=\"wp-block-column is-layout-flow wp-block-column-is-layout-flow\"><div class=\"wp-block-image\">\n<figure class=\"aligncenter size-full is-resized\"><img decoding=\"async\" src=\"https:\/\/api-lux.be\/wp-content\/uploads\/2025\/02\/unisound.jpg\" alt=\" \" class=\"wp-image-202\" style=\"width:264px;height:auto\"\/><\/figure>\n<\/div><\/div>\n\n\n\n<div class=\"wp-block-column is-layout-flow wp-block-column-is-layout-flow\">\n<p>\ud83c\udfa1 <strong>LOISIRS INCLUSIFS <\/strong>&#8211; Le Unisound Festival est un \u00e9v\u00e9nement musical et culturel inclusif qui c\u00e9l\u00e8bre la diversit\u00e9 et l\u2019accessibilit\u00e9, pour que chacun puisse profiter de la musique et des arts sans barri\u00e8res.<\/p>\n\n\n\n<!--more-->\n\n\n\n<h2 class=\"wp-block-heading\">\u00c2ge cible<\/h2>\n\n\n\n<p>Tout \u00e2ge.<\/p>\n<\/div>\n<\/div>\n\n\n\n<h2 class=\"wp-block-heading\">Descriptif de l&rsquo;outil<\/h2>\n\n\n\n<p>\u200b\ud83c\udf89 <strong>Le Festival Unisound<\/strong>  est le plus grand festival francophone d&rsquo;Europe d\u00e9di\u00e9 aux personnes en situation de handicap et &#8230; il est belge ! (Court-Saint-Etienne &#8211; Belgique) <br>(Copyright \u00a9 2025 Unisound Festival)<\/p>\n\n\n\n<p>\ud83d\udd0a <strong>Au programme :<\/strong><\/p>\n\n\n\n<ul class=\"wp-block-list\">\n<li>Des concerts d&rsquo;artistes belges \u00e9mergents<\/li>\n\n\n\n<li>Des animations pour tous les \u00e2ges : maquillage, jeux en bois, karaok\u00e9<\/li>\n\n\n\n<li>Des ateliers cr\u00e9atifs <\/li>\n\n\n\n<li>Des d\u00e9monstrations de danse<\/li>\n<\/ul>\n\n\n\n<p>\ud83c\udf1f <strong>L&rsquo;ASBL Unisound<\/strong> pr\u00e9voit des \u00e9v\u00e9nements adapt\u00e9s pour accueillir <strong>toutes<\/strong> les personnes, avec ou sans handicap.<br>L\u2019Unisound Festival met un point d\u2019honneur \u00e0 garantir une exp\u00e9rience inclusive et accessible \u00e0 toutes et tous.&nbsp;<\/p>\n\n\n\n<p>Plusieurs dispositifs sont mis en place pour r\u00e9pondre aux besoins des personnes en situation de handicap, et favoriser un environnement accueillant, confortable et adapt\u00e9.<br>Si vous avez des besoins sp\u00e9cifiques ou toutes questions concernant l\u2019accessibilit\u00e9, contactez-les via l\u2019adresse accessibilite@unisound.be<\/p>\n\n\n\n<p>Gr\u00e2ce \u00e0 des <strong>adaptations sp\u00e9cifiques<\/strong>, un <strong>accompagnement<\/strong> et une <strong>sensibilisation<\/strong> du public, ce festival favorise un moment de <strong>partage<\/strong> et de <strong>d\u00e9couverte<\/strong>. \u2728<\/p>\n\n\n\n<div class=\"wp-block-columns is-layout-flex wp-container-core-columns-is-layout-9d6595d7 wp-block-columns-is-layout-flex\">\n<div class=\"wp-block-column is-layout-flow wp-block-column-is-layout-flow\">\n<h2 class=\"wp-block-heading\">Objectif(s) d&rsquo;utilisation<\/h2>\n\n\n\n<p>\ud83c\udf0d <strong>Cr\u00e9er un festival pour tous<\/strong> : Ils veillent \u00e0 ce que toutes les personnes, quelles que soient leurs capacit\u00e9s, puissent participer et s\u2019amuser.<\/p>\n\n\n\n<p>\ud83c\udfdb\ufe0f <strong>Rendre la culture accessible<\/strong> : Ils adaptent les lieux et les activit\u00e9s pour garantir l\u2019accessibilit\u00e9 de chaque espace.<\/p>\n\n\n\n<p>\ud83e\udd1d <strong>Encourager l\u2019inclusion<\/strong> : Ils favorisent des rencontres et \u00e9changes pour c\u00e9l\u00e9brer la diversit\u00e9 et apprendre les uns des autres.<\/p>\n\n\n\n<p>\ud83c\udf97\ufe0f <strong>Sensibiliser<\/strong> : Ils sensibilisent les participants et le public \u00e0 l&rsquo;importance de l&rsquo;inclusivit\u00e9 dans les arts et la culture.<\/p>\n<\/div>\n\n\n\n<div class=\"wp-block-column is-layout-flow wp-block-column-is-layout-flow\">\n<h2 class=\"wp-block-heading\">Liens utiles<\/h2>\n\n\n\n<p><strong>\ud83c\udf10 <a href=\"https:\/\/www.unisound.be\/\" data-type=\"link\" data-id=\"https:\/\/www.unisound.be\/\" target=\"_blank\" rel=\"noreferrer noopener\">SITE INTERNET<\/a><\/strong><a href=\"https:\/\/www.unisound.be\/\" data-type=\"link\" data-id=\"https:\/\/www.unisound.be\/\"> officiel du festival unisound <\/a><\/p>\n\n\n\n<p><strong>\ud83c\udfa5 <a href=\"https:\/\/www.youtube.com\/watch?v=Dn9_6xedQAk\" data-type=\"link\" data-id=\"https:\/\/www.youtube.com\/watch?v=Dn9_6xedQAk\">VID\u00c9O<\/a><\/strong><a href=\"https:\/\/www.youtube.com\/watch?v=Dn9_6xedQAk\" data-type=\"link\" data-id=\"https:\/\/www.youtube.com\/watch?v=Dn9_6xedQAk\" target=\"_blank\" rel=\"noreferrer noopener\"> youtube (3min38): \u00ab\u00a0Aftermovie Unisound 2022\u00a0\u00bb<\/a><br><\/p>\n<\/div>\n<\/div>\n\n\n\n<p>Des outils \u00e0 nous partager ?&nbsp;<a href=\"https:\/\/api-lux.be\/index.php\/contact\/\">Cliquez ici<\/a><\/p>\n","protected":false},"excerpt":{"rendered":"<p>\ud83c\udfa1 LOISIRS INCLUSIFS &#8211; Le Unisound Festival est un \u00e9v\u00e9nement musical et culturel inclusif qui c\u00e9l\u00e8bre la diversit\u00e9 et l\u2019accessibilit\u00e9, pour que chacun puisse profiter de la musique et des [&hellip;]<\/p>\n","protected":false},"author":1,"featured_media":0,"comment_status":"closed","ping_status":"closed","sticky":false,"template":"","format":"standard","meta":{"iawp_total_views":3,"footnotes":""},"categories":[27,14,46,48,49,47,17,30],"tags":[],"class_list":["post-866","post","type-post","status-publish","format-standard","hentry","category-besoins-daccomplissement","category-besoins-dappartenance","category-fiches-outils","category-fiches-outils-pour-les-aidants-proches","category-fiches-outils-pour-les-jeunes","category-fiches-outils-pour-les-professionnels","category-inclusion-sociale-et-reseau-sociaux","category-spiritualite"],"_links":{"self":[{"href":"https:\/\/api-lux.be\/index.php\/wp-json\/wp\/v2\/posts\/866","targetHints":{"allow":["GET"]}}],"collection":[{"href":"https:\/\/api-lux.be\/index.php\/wp-json\/wp\/v2\/posts"}],"about":[{"href":"https:\/\/api-lux.be\/index.php\/wp-json\/wp\/v2\/types\/post"}],"author":[{"embeddable":true,"href":"https:\/\/api-lux.be\/index.php\/wp-json\/wp\/v2\/users\/1"}],"replies":[{"embeddable":true,"href":"https:\/\/api-lux.be\/index.php\/wp-json\/wp\/v2\/comments?post=866"}],"version-history":[{"count":8,"href":"https:\/\/api-lux.be\/index.php\/wp-json\/wp\/v2\/posts\/866\/revisions"}],"predecessor-version":[{"id":7783,"href":"https:\/\/api-lux.be\/index.php\/wp-json\/wp\/v2\/posts\/866\/revisions\/7783"}],"wp:attachment":[{"href":"https:\/\/api-lux.be\/index.php\/wp-json\/wp\/v2\/media?parent=866"}],"wp:term":[{"taxonomy":"category","embeddable":true,"href":"https:\/\/api-lux.be\/index.php\/wp-json\/wp\/v2\/categories?post=866"},{"taxonomy":"post_tag","embeddable":true,"href":"https:\/\/api-lux.be\/index.php\/wp-json\/wp\/v2\/tags?post=866"}],"curies":[{"name":"wp","href":"https:\/\/api.w.org\/{rel}","templated":true}]}}