{"id":865,"date":"2025-02-14T11:36:55","date_gmt":"2025-02-14T10:36:55","guid":{"rendered":"http:\/\/localhost\/mdi_w\/?p=865"},"modified":"2025-07-01T14:44:31","modified_gmt":"2025-07-01T12:44:31","slug":"sorties-culturelles","status":"publish","type":"post","link":"https:\/\/api-lux.be\/index.php\/2025\/02\/14\/sorties-culturelles\/","title":{"rendered":"Oser la culture"},"content":{"rendered":"\n<div class=\"wp-block-columns is-layout-flex wp-container-core-columns-is-layout-9d6595d7 wp-block-columns-is-layout-flex\">\n<div class=\"wp-block-column is-layout-flow wp-block-column-is-layout-flow\"><div class=\"wp-block-image\">\n<figure class=\"aligncenter size-full is-resized\"><img decoding=\"async\" src=\"https:\/\/api-lux.be\/wp-content\/uploads\/2025\/02\/culture.jpg\" alt=\" \" class=\"wp-image-202\" style=\"width:223px;height:auto\"\/><\/figure>\n<\/div><\/div>\n\n\n\n<div class=\"wp-block-column is-layout-flow wp-block-column-is-layout-flow\">\n<p>\ud83c\udfa1 <strong>LOISIRS INCLUSIFS <\/strong>&#8211; L&rsquo;\u00e9veil culturel : un levier d&rsquo;\u00e9panouissement personnel et citoyen<\/p>\n\n\n\n<!--more-->\n\n\n\n<h2 class=\"wp-block-heading\">\u00c2ge cible<\/h2>\n\n\n\n<p>Tout \u00e2ge.<\/p>\n<\/div>\n<\/div>\n\n\n\n<h2 class=\"wp-block-heading\">Descriptif de l&rsquo;outil<\/h2>\n\n\n\n<p>L\u2019\u00e9veil culturel est une opportunit\u00e9 d\u2019enrichissement personnel, de d\u00e9veloppement des apprentissages sociaux et d&rsquo;affirmation de l\u2019identit\u00e9. Il joue un r\u00f4le cl\u00e9 dans la construction de la citoyennet\u00e9 en favorisant l&rsquo;ouverture aux autres et au monde. Participer \u00e0 des sorties culturelles permet aux jeunes d\u2019explorer des \u0153uvres et des \u00e9v\u00e9nements qui stimulent leur sensibilit\u00e9, leur esprit critique et leur acc\u00e8s \u00e0 la vie sociale. \ud83c\udfad\ud83c\udf0d<\/p>\n\n\n\n<p>\ud83d\udd39 <strong>\u00catre spectateur, curieux et engag\u00e9 s\u2019apprend et se cultive :<\/strong><\/p>\n\n\n\n<ul class=\"wp-block-list\">\n<li>\ud83d\udc41\ufe0f\u200d\ud83d\udde8\ufe0f D\u00e9velopper un regard critique face aux \u0153uvres et \u00e9v\u00e9nements.<\/li>\n\n\n\n<li>\ud83e\udd1d Apprendre \u00e0 se comporter en soci\u00e9t\u00e9 et \u00e0 interagir dans des contextes culturels vari\u00e9s.<\/li>\n\n\n\n<li>\ud83c\udfa8 Se projeter vers des d\u00e9marches inspirantes et artistiques.<\/li>\n\n\n\n<li>\ud83c\udf10 Cultiver le sens de l\u2019esth\u00e9tique et de la diversit\u00e9 culturelle.<\/li>\n<\/ul>\n\n\n\n<p>\ud83c\udf9f <strong>Acc\u00e8s facilit\u00e9 \u00e0 la culture<\/strong> :<\/p>\n\n\n\n<ul class=\"wp-block-list\">\n<li><strong><a href=\"https:\/\/www.article27.be\" target=\"_blank\" rel=\"noreferrer noopener\">Article 27<\/a><\/strong> : Permet aux jeunes et aux familles en situation de pr\u00e9carit\u00e9 d\u2019acc\u00e9der \u00e0 la culture \u00e0 un tarif adapt\u00e9.<\/li>\n\n\n\n<li><strong>Agendas culturels<\/strong> : De nombreux sites r\u00e9pertorient les \u00e9v\u00e9nements accessibles en province du Luxembourg. (<a href=\"https:\/\/www.quefaire.be\/province-de-luxembourg\" target=\"_blank\" rel=\"noreferrer noopener\">Que faire.be<\/a> \/ <a href=\"https:\/\/www.out.be\/fr\/w\/luxembourg\/\" target=\"_blank\" rel=\"noreferrer noopener\">Out.be<\/a> \/ initiative de la province du Luxembourg: agenda plus \/ etc.)<\/li>\n\n\n\n<li><strong>Maisons culturelles locales<\/strong> : Organisent r\u00e9guli\u00e8rement des spectacles, facilitant l\u2019inclusion et le tissage de liens sociaux autour de sa localit\u00e9.<\/li>\n\n\n\n<li><strong>Cin\u00e9ma forum<\/strong> : Espaces d\u2019\u00e9change et de d\u00e9bat autour de th\u00e9matiques vari\u00e9es.<\/li>\n<\/ul>\n\n\n\n<div class=\"wp-block-columns is-layout-flex wp-container-core-columns-is-layout-9d6595d7 wp-block-columns-is-layout-flex\">\n<div class=\"wp-block-column is-layout-flow wp-block-column-is-layout-flow\">\n<h2 class=\"wp-block-heading\">Objectif(s) d&rsquo;utilisation<\/h2>\n\n\n\n<p>\ud83c\udfa8 <strong>D\u00e9velopper des comp\u00e9tences personnelles<\/strong> : Explorer et exprimer ses \u00e9motions \u00e0 travers l\u2019art et la culture.<\/p>\n\n\n\n<p>\ud83e\uddd0 <strong>Encourager l&rsquo;esprit critique<\/strong> : Apprendre \u00e0 analyser et d\u00e9battre sur des sujets vari\u00e9s.<\/p>\n\n\n\n<p>\ud83e\udd1d <strong>Favoriser l&rsquo;inclusion<\/strong> : Offrir un acc\u00e8s \u00e9quitable aux \u00e9v\u00e9nements culturels.<\/p>\n\n\n\n<p>\ud83c\udf0d <strong>Renforcer la citoyennet\u00e9<\/strong> : Stimuler l\u2019engagement culturel et social des jeunes.<\/p>\n\n\n\n<p>\ud83c\udf31 <strong>Cultiver la curiosit\u00e9 et l\u2019ouverture d\u2019esprit<\/strong> : S\u2019ouvrir \u00e0 de nouvelles perspectives et exp\u00e9riences.<\/p>\n\n\n\n<p>\ud83e\uddd1\u200d\ud83e\udd1d\u200d\ud83e\uddd1 <strong>Enrichir son tissu social.<\/strong><\/p>\n\n\n\n<h2 class=\"wp-block-heading\">Liens utiles<\/h2>\n\n\n\n<p><strong>\ud83c\udf10 <a href=\"https:\/\/www.quefaire.be\/province-de-luxembourg\">SITE INTERNET<\/a><\/strong><a href=\"https:\/\/www.quefaire.be\/province-de-luxembourg\" target=\"_blank\" rel=\"noreferrer noopener\"> Quefaire.be<\/a> &#8211; concerts, stages, cours, expositions, spectacles, soir\u00e9es, activit\u00e9s de groupe, activit\u00e9s avec enfants, brocantes, etc.<\/p>\n\n\n\n<p>\ud83c\udf10 <a href=\"https:\/\/visitwallonia.be\/fr-be\/?cookie_lang=fr-be\" target=\"_blank\" rel=\"noreferrer noopener\"><strong>SITE INTERNET<\/strong> VisitWallonia.be<\/a> &#8211; activit\u00e9s, s\u00e9jours, agenda, bons plans, etc.<\/p>\n\n\n\n<p><strong>AUTRES PISTES:<\/strong> soir\u00e9e dansante, festival inclusif &#8211; n\u2019h\u00e9sitez pas \u00e0 consulter nos fiches<\/p>\n<\/div>\n\n\n\n<div class=\"wp-block-column is-layout-flow wp-block-column-is-layout-flow\">\n<h2 class=\"wp-block-heading\">Variantes &#8211; am\u00e9nagements<\/h2>\n\n\n\n<p>\ud83d\udca1 <strong>Id\u00e9es de sorties culturelles en Province de Luxembourg<\/strong> :<\/p>\n\n\n\n<p>\ud83c\udfad <strong>Maisons culturelles locales<\/strong> : Espaces pour assister \u00e0 des spectacles et s\u2019inclure dans un r\u00e9seau social actif.<\/p>\n\n\n\n<p>\ud83c\udfa8 <strong>Mudia &#8211; Mus\u00e9e didactique d&rsquo;art (Redu)<\/strong> : Parcours interactif pour \u00e9veiller la curiosit\u00e9 artistique.<\/p>\n\n\n\n<p>\ud83c\udf3f <strong>Parc Chlorophylle (Manhay)<\/strong> : D\u00e9couverte ludique de la nature et de la biodiversit\u00e9.<\/p>\n\n\n\n<p>\ud83c\udfa5 <strong>Euro Space Center (Transinne)<\/strong> : Immersion interactive dans l\u2019univers spatial.<\/p>\n\n\n\n<p>\ud83e\udd8c <strong>Parc \u00e0 gibier (La Roche-en-Ardenne)<\/strong> : Rencontre avec la faune locale dans un cadre naturel.<\/p>\n\n\n\n<p>\ud83c\udf33 <strong>Parc des Topiaires (Durbuy)<\/strong> : Sculptures v\u00e9g\u00e9tales \u00e9tonnantes pour \u00e9veiller le regard esth\u00e9tique.<\/p>\n\n\n\n<p>\ud83d\udc04 <strong>Ferme d\u2019animation du Monceau (Juseret)<\/strong> : Exp\u00e9rience immersive sur la vie \u00e0 la ferme.<\/p>\n<\/div>\n<\/div>\n\n\n\n<p>Des outils \u00e0 nous partager ?&nbsp;<a href=\"https:\/\/api-lux.be\/index.php\/contact\/\">Cliquez ici<\/a><\/p>\n","protected":false},"excerpt":{"rendered":"<p>\ud83c\udfa1 LOISIRS INCLUSIFS &#8211; L&rsquo;\u00e9veil culturel : un levier d&rsquo;\u00e9panouissement personnel et citoyen<\/p>\n","protected":false},"author":1,"featured_media":0,"comment_status":"closed","ping_status":"closed","sticky":false,"template":"","format":"standard","meta":{"iawp_total_views":2,"footnotes":""},"categories":[22,27,14,51,48,49,47,17,30],"tags":[],"class_list":["post-865","post","type-post","status-publish","format-standard","hentry","category-besoins-cognitifs","category-besoins-daccomplissement","category-besoins-dappartenance","category-culture","category-fiches-outils-pour-les-aidants-proches","category-fiches-outils-pour-les-jeunes","category-fiches-outils-pour-les-professionnels","category-inclusion-sociale-et-reseau-sociaux","category-spiritualite"],"_links":{"self":[{"href":"https:\/\/api-lux.be\/index.php\/wp-json\/wp\/v2\/posts\/865","targetHints":{"allow":["GET"]}}],"collection":[{"href":"https:\/\/api-lux.be\/index.php\/wp-json\/wp\/v2\/posts"}],"about":[{"href":"https:\/\/api-lux.be\/index.php\/wp-json\/wp\/v2\/types\/post"}],"author":[{"embeddable":true,"href":"https:\/\/api-lux.be\/index.php\/wp-json\/wp\/v2\/users\/1"}],"replies":[{"embeddable":true,"href":"https:\/\/api-lux.be\/index.php\/wp-json\/wp\/v2\/comments?post=865"}],"version-history":[{"count":15,"href":"https:\/\/api-lux.be\/index.php\/wp-json\/wp\/v2\/posts\/865\/revisions"}],"predecessor-version":[{"id":7782,"href":"https:\/\/api-lux.be\/index.php\/wp-json\/wp\/v2\/posts\/865\/revisions\/7782"}],"wp:attachment":[{"href":"https:\/\/api-lux.be\/index.php\/wp-json\/wp\/v2\/media?parent=865"}],"wp:term":[{"taxonomy":"category","embeddable":true,"href":"https:\/\/api-lux.be\/index.php\/wp-json\/wp\/v2\/categories?post=865"},{"taxonomy":"post_tag","embeddable":true,"href":"https:\/\/api-lux.be\/index.php\/wp-json\/wp\/v2\/tags?post=865"}],"curies":[{"name":"wp","href":"https:\/\/api.w.org\/{rel}","templated":true}]}}