{"id":864,"date":"2025-02-14T11:36:55","date_gmt":"2025-02-14T10:36:55","guid":{"rendered":"http:\/\/localhost\/mdi_w\/?p=864"},"modified":"2025-07-01T14:44:00","modified_gmt":"2025-07-01T12:44:00","slug":"transition-insertion","status":"publish","type":"post","link":"https:\/\/api-lux.be\/index.php\/2025\/02\/14\/transition-insertion\/","title":{"rendered":"Transition- insertion professionnelle"},"content":{"rendered":"\n<div class=\"wp-block-columns is-layout-flex wp-container-core-columns-is-layout-9d6595d7 wp-block-columns-is-layout-flex\">\n<div class=\"wp-block-column is-vertically-aligned-center is-layout-flow wp-block-column-is-layout-flow\"><div class=\"wp-block-image\">\n<figure class=\"aligncenter size-full\"><img decoding=\"async\" src=\"https:\/\/api-lux.be\/wp-content\/uploads\/2025\/02\/transition_insertion.jpg\" alt=\" \" class=\"wp-image-202\"\/><\/figure>\n<\/div><\/div>\n\n\n\n<div class=\"wp-block-column is-layout-flow wp-block-column-is-layout-flow\">\n<p>\ud83c\udf0d <strong>Inclusion, travail &amp; handicap<\/strong> &#8211; Ressource pour l&rsquo;accompagnement des jeunes en situation de handicap vers l\u2019insertion professionnelle et sociale.<\/p>\n\n\n\n<!--more-->\n\n\n\n<h2 class=\"wp-block-heading\">\u00c2ge cible<\/h2>\n\n\n\n<p>Tout \u00e2ge.<\/p>\n<\/div>\n<\/div>\n\n\n\n<h2 class=\"wp-block-heading\">Descriptif de l&rsquo;outil<\/h2>\n\n\n\n<p>Ce projet accompagne les jeunes en situation de handicap dans la construction de leur avenir professionnel, en leur fournissant un soutien structur\u00e9 d\u00e8s la fin de leur scolarit\u00e9 jusqu\u2019\u00e0 leur insertion dans le monde du travail ou de la formation continue.<\/p>\n\n\n\n<p>\ud83d\udd39 <strong>Pourquoi ?<\/strong><\/p>\n\n\n\n<ul class=\"wp-block-list\">\n<li>Aider les jeunes \u00e0 d\u00e9finir leurs attentes et renforcer leurs comp\u00e9tences.<\/li>\n\n\n\n<li>Pr\u00e9parer progressivement la transition de l&rsquo;\u00e9cole \u00e0 la vie active.<\/li>\n\n\n\n<li>Offrir un accompagnement personnalis\u00e9 avec l\u2019appui de mentors et de ressources adapt\u00e9es.<\/li>\n<\/ul>\n\n\n\n<p>\ud83d\udd17 <strong>Le site met \u00e0 disposition plusieurs ressources essentielles :<\/strong><\/p>\n\n\n\n<ul class=\"wp-block-list\">\n<li>\ud83d\udcda <strong>Brochures et Farde du jeune<\/strong> : Fiches th\u00e9matiques en Facile \u00c0 Lire et \u00e0 Comprendre (FALC) pour favoriser l\u2019autonomie.<\/li>\n\n\n\n<li>\ud83d\udcbc <strong>Fiches exp\u00e9rience<\/strong> : T\u00e9moignages inspirants du projet \u00ab \u00c9cole et apr\u00e8s ? \u00bb mis en \u0153uvre par l\u2019AMO SOS Jeunes Quartier Libre.<\/li>\n\n\n\n<li>\ud83c\udccf <strong>Jeu de cartes \u00ab\u00a0Mon projet professionnel\u00a0\u00bb<\/strong> : Un outil ludique pour explorer les comp\u00e9tences, les envies et les obstacles li\u00e9s \u00e0 l\u2019insertion professionnelle.<\/li>\n\n\n\n<li>\ud83c\udf99\ufe0f <strong>T\u00e9moignages audio<\/strong> : Exp\u00e9riences partag\u00e9es pour mieux comprendre la transition vers la vie adulte.<\/li>\n<\/ul>\n\n\n\n<div class=\"wp-block-columns is-layout-flex wp-container-core-columns-is-layout-9d6595d7 wp-block-columns-is-layout-flex\">\n<div class=\"wp-block-column is-layout-flow wp-block-column-is-layout-flow\">\n<h2 class=\"wp-block-heading\">Objectif(s) d&rsquo;utilisation<\/h2>\n\n\n\n<p>\ud83c\udf31 Aider chaque jeune \u00e0<strong> construire son avenir professionnel.<\/strong><\/p>\n\n\n\n<p>\ud83d\udee0\ufe0f D\u00e9velopper des<strong> comp\u00e9tences pratiques <\/strong>adapt\u00e9es \u00e0 son projet.<\/p>\n\n\n\n<p>\ud83d\udcc8 Offrir <strong>un suivi personnalis\u00e9<\/strong> pour une transition r\u00e9ussie.<\/p>\n\n\n\n<p>\ud83e\udd1d Favoriser l&rsquo;<strong>int\u00e9gration sociale et professionnelle <\/strong>durable.<\/p>\n<\/div>\n\n\n\n<div class=\"wp-block-column is-layout-flow wp-block-column-is-layout-flow\">\n<h2 class=\"wp-block-heading\">Variantes &#8211; am\u00e9nagements<\/h2>\n\n\n\n<p>\ud83d\udca1 Adapter les supports aux besoins sp\u00e9cifiques du jeune (supports visuels, version audio des fiches).<\/p>\n\n\n\n<p>\ud83c\udfad Organiser des mises en situation et des rencontres avec des professionnels pour enrichir l\u2019exp\u00e9rience.<\/p>\n\n\n\n<p>\ud83d\uddc2\ufe0f Int\u00e9grer des sessions de coaching collectif ou individuel pour renforcer la pr\u00e9paration \u00e0 l\u2019emploi.<\/p>\n<\/div>\n<\/div>\n\n\n\n<div class=\"wp-block-columns is-layout-flex wp-container-core-columns-is-layout-9d6595d7 wp-block-columns-is-layout-flex\">\n<div class=\"wp-block-column is-layout-flow wp-block-column-is-layout-flow\">\n<h2 class=\"wp-block-heading\">Liens utiles<\/h2>\n\n\n\n<p>\ud83c\udf10 <strong>SITE OFFICIEL<\/strong>: <a href=\"https:\/\/transition-insertion.be\/\" data-type=\"link\" data-id=\"https:\/\/transition-insertion.be\/\" target=\"_blank\" rel=\"noreferrer noopener\"><strong>SITE INTERNET<\/strong> officiel Transition Insertion<\/a><\/p>\n\n\n\n<p>\ud83c\udccf <strong>LIEN DIRECT VERS LE JEU DE CARTE<\/strong>: <a href=\"https:\/\/transition-insertion.be\/jeu-de-cartes\/\" data-type=\"link\" data-id=\"https:\/\/transition-insertion.be\/jeu-de-cartes\/\" target=\"_blank\" rel=\"noreferrer noopener\"><strong>JEU DE CARTE : <\/strong>\u00ab\u00a0Mon projet professionnel\u00a0\u00bb<\/a><\/p>\n\n\n\n<p><strong>\ud83d\udd27<\/strong> <strong>LIEN DIRECT VERS LES OUTILS DISPONIBLES<\/strong><a href=\"https:\/\/transition-insertion.be\/farde-du-jeune\/\" data-type=\"link\" data-id=\"https:\/\/transition-insertion.be\/farde-du-jeune\/\" target=\"_blank\" rel=\"noreferrer noopener\">  \u00ab\u00a0La farde du jeune\u00a0\u00bb<\/a><\/p>\n<\/div>\n<\/div>\n\n\n\n<p>Des outils \u00e0 nous partager ?&nbsp;<a href=\"https:\/\/api-lux.be\/index.php\/contact\/\">Cliquez ici<\/a><\/p>\n\n\n\n<p><br><\/p>\n","protected":false},"excerpt":{"rendered":"<p>\ud83c\udf0d Inclusion, travail &amp; handicap &#8211; Ressource pour l&rsquo;accompagnement des jeunes en situation de handicap vers l\u2019insertion professionnelle et sociale.<\/p>\n","protected":false},"author":1,"featured_media":0,"comment_status":"closed","ping_status":"closed","sticky":false,"template":"","format":"standard","meta":{"iawp_total_views":11,"footnotes":""},"categories":[28,27,48,49,47,29],"tags":[],"class_list":["post-864","post","type-post","status-publish","format-standard","hentry","category-autonomie-et-responsabilisation","category-besoins-daccomplissement","category-fiches-outils-pour-les-aidants-proches","category-fiches-outils-pour-les-jeunes","category-fiches-outils-pour-les-professionnels","category-projection"],"_links":{"self":[{"href":"https:\/\/api-lux.be\/index.php\/wp-json\/wp\/v2\/posts\/864","targetHints":{"allow":["GET"]}}],"collection":[{"href":"https:\/\/api-lux.be\/index.php\/wp-json\/wp\/v2\/posts"}],"about":[{"href":"https:\/\/api-lux.be\/index.php\/wp-json\/wp\/v2\/types\/post"}],"author":[{"embeddable":true,"href":"https:\/\/api-lux.be\/index.php\/wp-json\/wp\/v2\/users\/1"}],"replies":[{"embeddable":true,"href":"https:\/\/api-lux.be\/index.php\/wp-json\/wp\/v2\/comments?post=864"}],"version-history":[{"count":11,"href":"https:\/\/api-lux.be\/index.php\/wp-json\/wp\/v2\/posts\/864\/revisions"}],"predecessor-version":[{"id":7781,"href":"https:\/\/api-lux.be\/index.php\/wp-json\/wp\/v2\/posts\/864\/revisions\/7781"}],"wp:attachment":[{"href":"https:\/\/api-lux.be\/index.php\/wp-json\/wp\/v2\/media?parent=864"}],"wp:term":[{"taxonomy":"category","embeddable":true,"href":"https:\/\/api-lux.be\/index.php\/wp-json\/wp\/v2\/categories?post=864"},{"taxonomy":"post_tag","embeddable":true,"href":"https:\/\/api-lux.be\/index.php\/wp-json\/wp\/v2\/tags?post=864"}],"curies":[{"name":"wp","href":"https:\/\/api.w.org\/{rel}","templated":true}]}}