{"id":863,"date":"2025-02-14T11:36:55","date_gmt":"2025-02-14T10:36:55","guid":{"rendered":"http:\/\/localhost\/mdi_w\/?p=863"},"modified":"2025-05-22T12:40:40","modified_gmt":"2025-05-22T10:40:40","slug":"anticiper-avec-le-jeune-les-risques-pour-demain","status":"publish","type":"post","link":"https:\/\/api-lux.be\/index.php\/2025\/02\/14\/anticiper-avec-le-jeune-les-risques-pour-demain\/","title":{"rendered":"Anticiper avec le jeune les risques et besoins pour demain"},"content":{"rendered":"\n<div class=\"wp-block-columns is-layout-flex wp-container-core-columns-is-layout-9d6595d7 wp-block-columns-is-layout-flex\">\n<div class=\"wp-block-column is-layout-flow wp-block-column-is-layout-flow\"><div class=\"wp-block-image\">\n<figure class=\"aligncenter size-full\"><img decoding=\"async\" src=\"https:\/\/api-lux.be\/wp-content\/uploads\/2025\/02\/anticiper_risques_pour_jeune.jpg\" alt=\" \" class=\"wp-image-202\"\/><\/figure>\n<\/div><\/div>\n\n\n\n<div class=\"wp-block-column is-layout-flow wp-block-column-is-layout-flow\">\n<p>\ud83e\ude84 <strong>Accompagner vers plus d\u2019autonomie et cultiver la singularit\u00e9<\/strong> &#8211; Accompagner le jeune dans la gestion future de ses ressources personnelles et administratives.<\/p>\n\n\n\n<!--more-->\n\n\n\n<h2 class=\"wp-block-heading\">\u00c2ge cible<\/h2>\n\n\n\n<p>Tout \u00e2ge.<b> <\/b><\/p>\n<\/div>\n<\/div>\n\n\n\n<h2 class=\"wp-block-heading\">Descriptif de l&rsquo;outil<\/h2>\n\n\n\n<p>Cet outil vise \u00e0 encadrer et accompagner le jeune dans la gestion de ses biens, finances et d\u00e9cisions administratives. Il s\u2019agit d\u2019un apprentissage progressif qui n\u00e9cessite du temps, de la r\u00e9p\u00e9tition et des automatismes pour favoriser l\u2019autonomie \u00e0 long terme.<\/p>\n\n\n\n<p>\ud83d\udd39 <strong>Pourquoi ?<\/strong><\/p>\n\n\n\n<ul class=\"wp-block-list\">\n<li>Certains jeunes peuvent \u00eatre amen\u00e9s \u00e0 b\u00e9n\u00e9ficier d\u2019un <strong>administrateur de biens ou de la personne<\/strong> pour garantir un cadre juridique et financier structur\u00e9.<\/li>\n\n\n\n<li>La gestion des ressources personnelles implique une sensibilisation aux obligations l\u00e9gales, \u00e0 la planification financi\u00e8re et \u00e0 la prise de d\u00e9cisions \u00e9clair\u00e9es.<\/li>\n\n\n\n<li>Les espaces \u00e9ducatifs peuvent proposer des <strong>ateliers pratiques et simulations<\/strong> pour aider \u00e0 comprendre l\u2019importance de ces enjeux.<\/li>\n<\/ul>\n\n\n\n<p>\ud83d\udee0\ufe0f <strong>Mise en pratique exemples concrets:<\/strong><\/p>\n\n\n\n<p>\ud83d\udcb0 <strong>Ateliers pratiques de gestion financi\u00e8re<\/strong><\/p>\n\n\n\n<ul class=\"wp-block-list\">\n<li>\ud83d\udcca Simulations de gestion de budget et paiement de factures.<\/li>\n\n\n\n<li>\ud83d\udcf1 Introduction aux outils num\u00e9riques de gestion (applications bancaires, logiciels de suivi).<\/li>\n<\/ul>\n\n\n\n<p>\ud83d\udcdc <strong>Sensibilisation aux obligations l\u00e9gales<\/strong><\/p>\n\n\n\n<ul class=\"wp-block-list\">\n<li>\ud83d\udcd6 Lecture et compr\u00e9hension de contrats (location, assurance, abonnements).<\/li>\n\n\n\n<li>\ud83d\udd8a\ufe0f Exercices pratiques sur les d\u00e9marches administratives (ouverture de compte, d\u00e9claration d\u2019imp\u00f4ts).<\/li>\n<\/ul>\n\n\n\n<p>\ud83d\udc68\u200d\u2696\ufe0f <strong>Accompagnement par un administrateur de biens\/personne<\/strong><\/p>\n\n\n\n<ul class=\"wp-block-list\">\n<li>\ud83e\udd1d Rencontres r\u00e9guli\u00e8res avec un administrateur pour un suivi juridique et financier.<\/li>\n\n\n\n<li>\ud83d\udce2 Explication claire du r\u00f4le de l\u2019administrateur et des droits du jeune.<\/li>\n<\/ul>\n\n\n\n<p>\ud83c\udf7d\ufe0f <strong>Simulations et gestion du quotidien<\/strong><\/p>\n\n\n\n<ul class=\"wp-block-list\">\n<li>\ud83d\uded2 Exercices pratiques : faire les courses, planifier un budget alimentaire, pr\u00e9parer un repas.<\/li>\n\n\n\n<li>\u26a1 Simulations de crises (perte de documents, urgence financi\u00e8re, facture impay\u00e9e).<\/li>\n<\/ul>\n\n\n\n<p>\ud83d\udcc5 <strong>Planification des ressources et des objectifs<\/strong><\/p>\n\n\n\n<ul class=\"wp-block-list\">\n<li>\ud83c\udfaf D\u00e9finition d\u2019objectifs \u00e0 court, moyen et long terme (projet de vie, \u00e9tudes, emploi).<\/li>\n\n\n\n<li>\ud83d\uddc2\ufe0f Apprentissage de l\u2019organisation de l\u2019espace de vie et gestion des priorit\u00e9s.<\/li>\n<\/ul>\n\n\n\n<p>\ud83e\udd1d <strong>R\u00e9seau de soutien et ressources<\/strong><\/p>\n\n\n\n<ul class=\"wp-block-list\">\n<li>\ud83d\udc65 Cr\u00e9ation de r\u00e9seaux avec des pairs et des professionnels (\u00e9ducateurs, assistants sociaux, mentors).<\/li>\n\n\n\n<li>\ud83d\udccd Mise \u00e0 disposition de ressources locales (services d\u2019aide, num\u00e9ros utiles, plateformes d\u2019accompagnement).<\/li>\n<\/ul>\n\n\n\n<p>\ud83d\udcca <strong>Suivi personnalis\u00e9 et \u00e9valuation de l&rsquo;autonomie<\/strong><\/p>\n\n\n\n<ul class=\"wp-block-list\">\n<li>\ud83d\udcdd Points de suivi mensuels pour \u00e9valuer les progr\u00e8s.<\/li>\n\n\n\n<li>\ud83d\udd04 Ajustement du parcours d&rsquo;accompagnement en fonction des besoins.<\/li>\n<\/ul>\n\n\n\n<p>\ud83d\udc40 <strong>Points d&rsquo;attention :<\/strong> <br>\u26a0\ufe0f Adopter une approche progressive pour \u00e9viter toute surcharge cognitive.<br>\u26a0\ufe0f Adapter les apprentissages aux capacit\u00e9s du jeune (support visuel, mise en situation, accompagnement renforc\u00e9 si n\u00e9cessaire).<br>\u26a0\ufe0f Instaurer un suivi r\u00e9gulier pour renforcer les acquis.<br><\/p>\n\n\n\n<div class=\"wp-block-columns is-layout-flex wp-container-core-columns-is-layout-9d6595d7 wp-block-columns-is-layout-flex\">\n<div class=\"wp-block-column is-layout-flow wp-block-column-is-layout-flow\">\n<h2 class=\"wp-block-heading\">Objectif(s) d&rsquo;utilisation<\/h2>\n\n\n\n<p>\ud83d\udcb0 <strong>D\u00e9velopper l\u2019autonomie<\/strong> dans la gestion des finances et des d\u00e9marches administratives.<\/p>\n\n\n\n<p><strong>\u2696\ufe0f Sensibiliser<\/strong> aux droits et obligations l\u00e9gales.<\/p>\n\n\n\n<p><strong>\ud83d\udcc5 Apprendre \u00e0 organiser<\/strong> son espace de vie et ses priorit\u00e9s.<\/p>\n\n\n\n<p><strong>\ud83d\udd2e Renforcer<\/strong> la capacit\u00e9 \u00e0 <strong>anticiper et g\u00e9rer<\/strong> les impr\u00e9vus.<\/p>\n\n\n\n<p><strong>\ud83c\udfaf Encourager la responsabilisation<\/strong> et la prise de d\u00e9cision \u00e9clair\u00e9e.<\/p>\n<\/div>\n\n\n\n<div class=\"wp-block-column is-layout-flow wp-block-column-is-layout-flow\">\n<h2 class=\"wp-block-heading\">Variantes &#8211; am\u00e9nagements <\/h2>\n\n\n\n<p>\ud83d\udca1 <strong>Adapter les supports<\/strong> selon le niveau de compr\u00e9hension (visuels, fiches simplifi\u00e9es, vid\u00e9os explicatives).<\/p>\n\n\n\n<p>\ud83c\udfad <strong>Utiliser des jeux de r\u00f4le<\/strong> et mises en situation interactives pour ancrer les apprentissages.<\/p>\n\n\n\n<p>\ud83d\udcc5 <strong>Int\u00e9grer un calendrier interactif<\/strong> pour aider \u00e0 la planification des t\u00e2ches administratives.<\/p>\n\n\n\n<p>\ud83d\udcbc <strong>Organiser des rencontres avec des professionnels<\/strong> (banques, assurances, services sociaux) pour des t\u00e9moignages et conseils pratiques.<\/p>\n<\/div>\n<\/div>\n\n\n\n<p>Des outils \u00e0 nous partager ?&nbsp;<a href=\"https:\/\/api-lux.be\/index.php\/contact\/\">Cliquez ici<\/a><\/p>\n","protected":false},"excerpt":{"rendered":"<p>\ud83e\ude84 Accompagner vers plus d\u2019autonomie et cultiver la singularit\u00e9 &#8211; Accompagner le jeune dans la gestion future de ses ressources personnelles et administratives.<\/p>\n","protected":false},"author":1,"featured_media":0,"comment_status":"closed","ping_status":"closed","sticky":false,"template":"","format":"standard","meta":{"iawp_total_views":2,"footnotes":""},"categories":[10,28,27,9,46,48,47,29],"tags":[],"class_list":["post-863","post","type-post","status-publish","format-standard","hentry","category-amenagement-environnement","category-autonomie-et-responsabilisation","category-besoins-daccomplissement","category-besoins-de-securite","category-fiches-outils","category-fiches-outils-pour-les-aidants-proches","category-fiches-outils-pour-les-professionnels","category-projection"],"_links":{"self":[{"href":"https:\/\/api-lux.be\/index.php\/wp-json\/wp\/v2\/posts\/863","targetHints":{"allow":["GET"]}}],"collection":[{"href":"https:\/\/api-lux.be\/index.php\/wp-json\/wp\/v2\/posts"}],"about":[{"href":"https:\/\/api-lux.be\/index.php\/wp-json\/wp\/v2\/types\/post"}],"author":[{"embeddable":true,"href":"https:\/\/api-lux.be\/index.php\/wp-json\/wp\/v2\/users\/1"}],"replies":[{"embeddable":true,"href":"https:\/\/api-lux.be\/index.php\/wp-json\/wp\/v2\/comments?post=863"}],"version-history":[{"count":7,"href":"https:\/\/api-lux.be\/index.php\/wp-json\/wp\/v2\/posts\/863\/revisions"}],"predecessor-version":[{"id":6770,"href":"https:\/\/api-lux.be\/index.php\/wp-json\/wp\/v2\/posts\/863\/revisions\/6770"}],"wp:attachment":[{"href":"https:\/\/api-lux.be\/index.php\/wp-json\/wp\/v2\/media?parent=863"}],"wp:term":[{"taxonomy":"category","embeddable":true,"href":"https:\/\/api-lux.be\/index.php\/wp-json\/wp\/v2\/categories?post=863"},{"taxonomy":"post_tag","embeddable":true,"href":"https:\/\/api-lux.be\/index.php\/wp-json\/wp\/v2\/tags?post=863"}],"curies":[{"name":"wp","href":"https:\/\/api.w.org\/{rel}","templated":true}]}}