{"id":862,"date":"2025-02-14T11:36:55","date_gmt":"2025-02-14T10:36:55","guid":{"rendered":"http:\/\/localhost\/mdi_w\/?p=862"},"modified":"2025-05-22T12:37:50","modified_gmt":"2025-05-22T10:37:50","slug":"accepter-les-limites-de-la-famille","status":"publish","type":"post","link":"https:\/\/api-lux.be\/index.php\/2025\/02\/14\/accepter-les-limites-de-la-famille\/","title":{"rendered":"Identifier, accepter et accompagner les limites de la famille"},"content":{"rendered":"\n<div class=\"wp-block-columns is-layout-flex wp-container-core-columns-is-layout-9d6595d7 wp-block-columns-is-layout-flex\">\n<div class=\"wp-block-column is-vertically-aligned-center is-layout-flow wp-block-column-is-layout-flow\"><div class=\"wp-block-image\">\n<figure class=\"aligncenter size-full\"><img decoding=\"async\" src=\"https:\/\/api-lux.be\/wp-content\/uploads\/2025\/02\/limites_famille.jpg\" alt=\" \" class=\"wp-image-202\"\/><\/figure>\n<\/div><\/div>\n\n\n\n<div class=\"wp-block-column is-layout-flow wp-block-column-is-layout-flow\">\n<p>\ud83d\udd0d <strong>Postures<\/strong> &#8211; Comprendre et respecter ce que la famille peut faire ou supporter, sans exiger plus.<\/p>\n\n\n\n<!--more-->\n\n\n\n<h2 class=\"wp-block-heading\">\u00c2ge cible<\/h2>\n\n\n\n<p>Tout \u00e2ge.<\/p>\n<\/div>\n<\/div>\n\n\n\n<h2 class=\"wp-block-heading\">Descriptif de l&rsquo;outil<\/h2>\n\n\n\n<p><strong>\ud83c\udf3f Identifier et accepter les limites des familles que nous accompagnons<\/strong><\/p>\n\n\n\n<p>Dans le cadre de notre accompagnement aupr\u00e8s de jeunes porteurs d\u2019une d\u00e9ficience intellectuelle, il est essentiel de reconna\u00eetre que chaque famille poss\u00e8de ses propres forces, ses fragilit\u00e9s et ses limites. En acceptant ces r\u00e9alit\u00e9s, nous nous donnons les moyens de proposer un soutien plus juste, plus respectueux, et surtout mieux adapt\u00e9.<\/p>\n\n\n\n<p>Notre objectif n\u2019est pas de transformer ces familles, mais d\u2019am\u00e9liorer la qualit\u00e9 de vie de chacun en tenant compte des ressources r\u00e9ellement disponibles, sans ajouter de pression inutile. \ud83c\udfe1\ud83d\udc99<\/p>\n\n\n\n<p>Lorsqu\u2019une famille demande de l\u2019aide, elle exprime un <strong>besoin<\/strong>. Notre r\u00f4le est alors d\u2019<strong>accueillir cette demande sans jugement<\/strong>, en ayant conscience \u00e0 la fois :<\/p>\n\n\n\n<ul class=\"wp-block-list\">\n<li>des freins qui peuvent exister (fatigue, isolement, manque de moyens, surcharge mentale\u2026),<\/li>\n\n\n\n<li>mais aussi des ressources pr\u00e9sentes (solidarit\u00e9 familiale, rep\u00e8res \u00e9ducatifs, r\u00e9silience\u2026).<\/li>\n<\/ul>\n\n\n\n<p>Accompagner une famille, c\u2019est donc <strong>soutenir sans imposer<\/strong>, en respectant son rythme, ses choix et ses capacit\u00e9s.<\/p>\n\n\n\n<p>Cela implique \u00e9galement d\u2019aider le <strong>jeune<\/strong> \u00e0 comprendre les limites de son environnement familial. Lui permettre d\u2019identifier ce que sa famille peut ou ne peut pas offrir, c\u2019est l\u2019aider \u00e0 ajuster ses attentes, \u00e0 d\u00e9velopper des strat\u00e9gies d\u2019adaptation, et \u00e0 se construire dans un cadre r\u00e9aliste, mais porteur de sens.<\/p>\n\n\n\n<h3 class=\"wp-block-heading\">\ud83e\udde9 <strong>Exemple concret :<\/strong><\/h3>\n\n\n\n<p><strong>Jules<\/strong>, 15 ans, porteur d\u2019une d\u00e9ficience intellectuelle, vit avec sa m\u00e8re seule et sa petite s\u0153ur. Sans permis et en situation de pr\u00e9carit\u00e9, sa m\u00e8re montre des signes d\u2019\u00e9puisement et a du mal \u00e0 suivre les rendez-vous.<\/p>\n\n\n\n<ul class=\"wp-block-list\">\n<li><strong>\ud83d\udd0d Identification des limites<\/strong><br>Les absences ne sont pas un d\u00e9sint\u00e9r\u00eat, mais le reflet de contraintes r\u00e9elles : fatigue, isolement, surcharge.<\/li>\n<\/ul>\n\n\n\n<ul class=\"wp-block-list\">\n<li><strong>\u2705 Acceptation et ajustement<\/strong><\/li>\n<\/ul>\n\n\n\n<ul class=\"wp-block-list\">\n<li>R\u00e9duction et regroupement des rendez-vous<\/li>\n\n\n\n<li>Mise en place d\u2019un soutien \u00e0 domicile<\/li>\n\n\n\n<li>Travail avec Jules pour comprendre les limites de sa m\u00e8re et ajuster ses attentes<\/li>\n<\/ul>\n\n\n\n<ul class=\"wp-block-list\">\n<li><strong>\ud83d\udca1 R\u00e9sultat<\/strong><br>Une relation plus sereine, un accompagnement plus r\u00e9aliste et respectueux des capacit\u00e9s de chacun.<\/li>\n<\/ul>\n\n\n\n<div class=\"wp-block-columns is-layout-flex wp-container-core-columns-is-layout-9d6595d7 wp-block-columns-is-layout-flex\">\n<div class=\"wp-block-column is-layout-flow wp-block-column-is-layout-flow\">\n<h2 class=\"wp-block-heading\">Objectif(s) d&rsquo;utilisation<\/h2>\n\n\n\n<p>\ud83d\udc6a <strong>Respecter la famille et ses capacit\u00e9s<\/strong> : Ne pas exiger plus que ce qu\u2019elle peut donner.<\/p>\n\n\n\n<p>\ud83e\udd1d <strong>Soutenir sans pression<\/strong> : Accompagner sans surcharger ni culpabiliser.<\/p>\n\n\n\n<p>\ud83c\udf3f <strong>Maintenir un environnement serein<\/strong> : Trouver un \u00e9quilibre pour pr\u00e9server le bien-\u00eatre familial.<\/p>\n\n\n\n<p>\ud83c\udf1f <strong>Renforcer la confiance<\/strong> : Valoriser les ressources existantes et donner aux familles un sentiment de comp\u00e9tence.<\/p>\n\n\n\n<p>\ud83e\udde0 <strong>Aider le jeune \u00e0 ajuster ses attentes<\/strong> : L\u2019amener \u00e0 comprendre et accepter les limites de son entourage.<\/p>\n<\/div>\n\n\n\n<div class=\"wp-block-column is-layout-flow wp-block-column-is-layout-flow\">\n<h2 class=\"wp-block-heading\">Variantes &#8211; am\u00e9nagements<\/h2>\n\n\n\n<p>\ud83c\udf0d <strong>Cr\u00e9er une \u201ccarte des ressources\u201d<\/strong> : Identifier avec la famille ce qui est disponible (soutien ext\u00e9rieur, proches, associations, aides mat\u00e9rielles\u2026).<\/p>\n\n\n\n<p>\ud83d\udde3\ufe0f <strong>M\u00e9diation parent-enfant<\/strong> : Encourager des espaces de discussion pour ajuster les attentes et trouver des solutions ensemble.<\/p>\n\n\n\n<p>\ud83c\udfad <strong>Mise en situation<\/strong> : \u00c0 travers des jeux de r\u00f4le, aider les jeunes \u00e0 comprendre les contraintes des adultes et vice-versa.<br><\/p>\n<\/div>\n<\/div>\n\n\n\n<p>Des outils \u00e0 nous partager ?&nbsp;<a href=\"https:\/\/api-lux.be\/index.php\/contact\/\">Cliquez ici<\/a><\/p>\n","protected":false},"excerpt":{"rendered":"<p>\ud83d\udd0d Postures &#8211; Comprendre et respecter ce que la famille peut faire ou supporter, sans exiger plus.<\/p>\n","protected":false},"author":1,"featured_media":0,"comment_status":"closed","ping_status":"closed","sticky":false,"template":"","format":"standard","meta":{"iawp_total_views":0,"footnotes":""},"categories":[4,27,14,18,9,17,39,29],"tags":[],"class_list":["post-862","post","type-post","status-publish","format-standard","hentry","category-besoins","category-besoins-daccomplissement","category-besoins-dappartenance","category-besoins-destime","category-besoins-de-securite","category-inclusion-sociale-et-reseau-sociaux","category-pour-les-professionnels","category-projection"],"_links":{"self":[{"href":"https:\/\/api-lux.be\/index.php\/wp-json\/wp\/v2\/posts\/862","targetHints":{"allow":["GET"]}}],"collection":[{"href":"https:\/\/api-lux.be\/index.php\/wp-json\/wp\/v2\/posts"}],"about":[{"href":"https:\/\/api-lux.be\/index.php\/wp-json\/wp\/v2\/types\/post"}],"author":[{"embeddable":true,"href":"https:\/\/api-lux.be\/index.php\/wp-json\/wp\/v2\/users\/1"}],"replies":[{"embeddable":true,"href":"https:\/\/api-lux.be\/index.php\/wp-json\/wp\/v2\/comments?post=862"}],"version-history":[{"count":9,"href":"https:\/\/api-lux.be\/index.php\/wp-json\/wp\/v2\/posts\/862\/revisions"}],"predecessor-version":[{"id":6768,"href":"https:\/\/api-lux.be\/index.php\/wp-json\/wp\/v2\/posts\/862\/revisions\/6768"}],"wp:attachment":[{"href":"https:\/\/api-lux.be\/index.php\/wp-json\/wp\/v2\/media?parent=862"}],"wp:term":[{"taxonomy":"category","embeddable":true,"href":"https:\/\/api-lux.be\/index.php\/wp-json\/wp\/v2\/categories?post=862"},{"taxonomy":"post_tag","embeddable":true,"href":"https:\/\/api-lux.be\/index.php\/wp-json\/wp\/v2\/tags?post=862"}],"curies":[{"name":"wp","href":"https:\/\/api.w.org\/{rel}","templated":true}]}}