{"id":861,"date":"2025-02-14T11:36:55","date_gmt":"2025-02-14T10:36:55","guid":{"rendered":"http:\/\/localhost\/mdi_w\/?p=861"},"modified":"2025-07-01T14:43:27","modified_gmt":"2025-07-01T12:43:27","slug":"accepter-les-limites-du-jeune","status":"publish","type":"post","link":"https:\/\/api-lux.be\/index.php\/2025\/02\/14\/accepter-les-limites-du-jeune\/","title":{"rendered":"Accepter les limites du jeune et construire des alternatives"},"content":{"rendered":"\n<div class=\"wp-block-columns is-layout-flex wp-container-core-columns-is-layout-9d6595d7 wp-block-columns-is-layout-flex\">\n<div class=\"wp-block-column is-vertically-aligned-center is-layout-flow wp-block-column-is-layout-flow\"><div class=\"wp-block-image\">\n<figure class=\"aligncenter size-full\"><img decoding=\"async\" src=\"https:\/\/api-lux.be\/wp-content\/uploads\/2025\/02\/limites_du_jeune.jpg\" alt=\" \" class=\"wp-image-202\"\/><\/figure>\n<\/div><\/div>\n\n\n\n<div class=\"wp-block-column is-layout-flow wp-block-column-is-layout-flow\">\n<p>\ud83d\udd0d <strong>Postures<\/strong> &#8211; Ne pas porter des attentes au-del\u00e0 de ce que le jeune peut g\u00e9rer, tout en lui offrant des perspectives adapt\u00e9es.<\/p>\n\n\n\n<!--more-->\n\n\n\n<h2 class=\"wp-block-heading\">\u00c2ge cible<\/h2>\n\n\n\n<p>Tout \u00e2ge.<\/p>\n<\/div>\n<\/div>\n\n\n\n<h2 class=\"wp-block-heading\">Descriptif de l&rsquo;outil<\/h2>\n\n\n\n<p>Chaque jeune a ses propres <strong>forces et limites<\/strong>. En reconnaissant cela, on lui permet d\u2019\u00e9voluer <strong>\u00e0 son rythme<\/strong>, sans pression inutile. Cette approche bienveillante l\u2019aide \u00e0 <strong>se sentir respect\u00e9<\/strong>, \u00e0 <strong>gagner en confiance<\/strong> et \u00e0 <strong>progresser de mani\u00e8re adapt\u00e9e<\/strong>.<\/p>\n\n\n\n<p>\ud83d\udca1 <strong>L\u2019accompagner dans ses petits deuils<\/strong> : Parfois, certains chemins sont hors d\u2019atteinte, mais il existe toujours d\u2019autres voies valorisantes ! L\u2019important est d\u2019aider le jeune \u00e0 fermer certaines portes sans frustration, tout en lui ouvrant de <strong>nouvelles opportunit\u00e9s<\/strong> pour <strong>maintenir sa motivation et son engagement<\/strong>.<\/p>\n\n\n\n<p>\ud83c\udfaf <strong>Exemple concret :<\/strong><\/p>\n\n\n\n<ul class=\"wp-block-list\">\n<li>Si un jeune r\u00eave de devenir v\u00e9t\u00e9rinaire mais ne peut pas suivre cette voie, on peut l\u2019aider \u00e0 trouver des alternatives : <strong>faire du b\u00e9n\u00e9volat dans un refuge animalier, devenir assistant en soin animalier, ou s\u2019impliquer dans des associations de protection animale<\/strong>. L\u2019essentiel est qu\u2019il puisse <strong>trouver un sens et une satisfaction dans son investissement<\/strong>, m\u00eame s\u2019il doit adapter son ambition initiale.<\/li>\n\n\n\n<li>Un autre exemple : s&rsquo;il souhaite travailler aupr\u00e8s des personnes mais ne peut pas devenir aide-soignant, il peut <strong>se tourner vers du b\u00e9n\u00e9volat en maison de retraite ou des actions solidaires<\/strong>.<\/li>\n<\/ul>\n\n\n\n<p>\ud83d\udd04 <strong>Accompagner aussi les familles et les professionnels<\/strong> : Les attentes des proches doivent \u00eatre align\u00e9es avec <strong>les r\u00e9elles capacit\u00e9s du jeune<\/strong>. Une coh\u00e9rence entre les \u00e9ducateurs, les familles et les autres professionnels permet d\u2019\u00e9viter des <strong>demandes irr\u00e9alistes<\/strong> et d\u2019adapter les objectifs pour <strong>valoriser chaque progression<\/strong>.<\/p>\n\n\n\n<div class=\"wp-block-columns is-layout-flex wp-container-core-columns-is-layout-9d6595d7 wp-block-columns-is-layout-flex\">\n<div class=\"wp-block-column is-layout-flow wp-block-column-is-layout-flow\">\n<h2 class=\"wp-block-heading\">Objectif(s) d&rsquo;utilisation<\/h2>\n\n\n\n<p>\ud83d\udc22 <strong>Respecter le rythme du jeune<\/strong> : Lui permettre d\u2019avancer \u00e0 son propre rythme, sans le brusquer.<\/p>\n\n\n\n<p>\ud83d\udeab <strong>\u00c9viter la pression inutile<\/strong> : Accompagner sans imposer des attentes inatteignables.<\/p>\n\n\n\n<p>\ud83c\udf08 <strong>Favoriser le bien-\u00eatre et la motivation<\/strong> : Lui offrir des alternatives qui font sens et qui le valorisent.<\/p>\n\n\n\n<p>\ud83c\udf31 <strong>Renforcer la confiance<\/strong> : L\u2019aider \u00e0 accepter ses capacit\u00e9s tout en l\u2019encourageant \u00e0 explorer de nouveaux chemins.<\/p>\n\n\n\n<p>\ud83e\udd1d <strong>Soutenir l\u2019entourage<\/strong> : Travailler avec la famille et les professionnels pour une vision commune des possibilit\u00e9s du jeune.<\/p>\n<\/div>\n\n\n\n<div class=\"wp-block-column is-layout-flow wp-block-column-is-layout-flow\">\n<h2 class=\"wp-block-heading\">Variantes &#8211; am\u00e9nagements<\/h2>\n\n\n\n<p>\ud83d\uddfa\ufe0f <strong>Carte des possibles<\/strong> : Construire avec le jeune un tableau de ses comp\u00e9tences et des chemins alternatifs envisageables.<\/p>\n\n\n\n<p>\ud83c\udfad <strong>Mise en situation<\/strong> : Faire <a href=\"https:\/\/api-lux.be\/index.php\/2025\/02\/14\/permettre-lexperimentation-en-contexte-reel\/\" target=\"_blank\" rel=\"noreferrer noopener\">d\u00e9couvrir des m\u00e9tiers<\/a> ou des engagements b\u00e9n\u00e9voles qui correspondent \u00e0 ses capacit\u00e9s.<\/p>\n\n\n\n<p>\ud83d\udcac <strong>Ateliers d\u2019\u00e9change<\/strong> : Discussions en groupe sur les r\u00eaves et les alternatives r\u00e9alistes pour chacun.<\/p>\n\n\n\n<p>\ud83c\udfc6 <strong>Valorisation des r\u00e9ussites<\/strong> : Mettre en avant chaque progression pour montrer que chaque <a href=\"https:\/\/api-lux.be\/index.php\/2025\/02\/14\/travailler-un-objectif-a-la-fois-cible-par-le-jeune-lui-meme\/\" target=\"_blank\" rel=\"noreferrer noopener\">pas compte.<\/a><\/p>\n<\/div>\n<\/div>\n\n\n\n<p>Des outils \u00e0 nous partager ?&nbsp;<a href=\"https:\/\/api-lux.be\/index.php\/contact\/\">Cliquez ici<\/a><\/p>\n","protected":false},"excerpt":{"rendered":"<p>\ud83d\udd0d Postures &#8211; Ne pas porter des attentes au-del\u00e0 de ce que le jeune peut g\u00e9rer, tout en lui offrant des perspectives adapt\u00e9es.<\/p>\n","protected":false},"author":1,"featured_media":0,"comment_status":"closed","ping_status":"closed","sticky":false,"template":"","format":"standard","meta":{"iawp_total_views":0,"footnotes":""},"categories":[4,27,14,18,15,20,39,29,16],"tags":[],"class_list":["post-861","post","type-post","status-publish","format-standard","hentry","category-besoins","category-besoins-daccomplissement","category-besoins-dappartenance","category-besoins-destime","category-famille-et-milieu-de-vie","category-individualisation","category-pour-les-professionnels","category-projection","category-vie-affective"],"_links":{"self":[{"href":"https:\/\/api-lux.be\/index.php\/wp-json\/wp\/v2\/posts\/861","targetHints":{"allow":["GET"]}}],"collection":[{"href":"https:\/\/api-lux.be\/index.php\/wp-json\/wp\/v2\/posts"}],"about":[{"href":"https:\/\/api-lux.be\/index.php\/wp-json\/wp\/v2\/types\/post"}],"author":[{"embeddable":true,"href":"https:\/\/api-lux.be\/index.php\/wp-json\/wp\/v2\/users\/1"}],"replies":[{"embeddable":true,"href":"https:\/\/api-lux.be\/index.php\/wp-json\/wp\/v2\/comments?post=861"}],"version-history":[{"count":11,"href":"https:\/\/api-lux.be\/index.php\/wp-json\/wp\/v2\/posts\/861\/revisions"}],"predecessor-version":[{"id":7780,"href":"https:\/\/api-lux.be\/index.php\/wp-json\/wp\/v2\/posts\/861\/revisions\/7780"}],"wp:attachment":[{"href":"https:\/\/api-lux.be\/index.php\/wp-json\/wp\/v2\/media?parent=861"}],"wp:term":[{"taxonomy":"category","embeddable":true,"href":"https:\/\/api-lux.be\/index.php\/wp-json\/wp\/v2\/categories?post=861"},{"taxonomy":"post_tag","embeddable":true,"href":"https:\/\/api-lux.be\/index.php\/wp-json\/wp\/v2\/tags?post=861"}],"curies":[{"name":"wp","href":"https:\/\/api.w.org\/{rel}","templated":true}]}}