{"id":860,"date":"2025-02-14T11:36:55","date_gmt":"2025-02-14T10:36:55","guid":{"rendered":"http:\/\/localhost\/mdi_w\/?p=860"},"modified":"2025-07-01T14:43:06","modified_gmt":"2025-07-01T12:43:06","slug":"projection","status":"publish","type":"post","link":"https:\/\/api-lux.be\/index.php\/2025\/02\/14\/projection\/","title":{"rendered":"Projection"},"content":{"rendered":"\n<div class=\"wp-block-columns is-layout-flex wp-container-core-columns-is-layout-9d6595d7 wp-block-columns-is-layout-flex\">\n<div class=\"wp-block-column is-layout-flow wp-block-column-is-layout-flow\"><div class=\"wp-block-image\">\n<figure class=\"aligncenter size-full is-resized\"><img decoding=\"async\" src=\"https:\/\/api-lux.be\/wp-content\/uploads\/2025\/02\/projection.jpg\" alt=\" \" class=\"wp-image-202\" style=\"width:331px;height:auto\"\/><\/figure>\n<\/div><\/div>\n\n\n\n<div class=\"wp-block-column is-layout-flow wp-block-column-is-layout-flow\">\n<p>\ud83e\ude84 <strong>Accompagner vers plus d\u2019autonomie et cultiver la singularit\u00e9<\/strong> &#8211; Pr\u00e9parer le jeune \u00e0 sa r\u00e9alit\u00e9 de demain afin le mettre en mouvement aujourd\u2019hui.<\/p>\n\n\n\n<!--more-->\n\n\n\n<h2 class=\"wp-block-heading\">\u00c2ge cible<\/h2>\n\n\n\n<p>Tout \u00e2ge.<\/p>\n<\/div>\n<\/div>\n\n\n\n<h2 class=\"wp-block-heading\">Descriptif de l&rsquo;outil<\/h2>\n\n\n\n<p>Chaque petit apprentissage d\u2019aujourd\u2019hui aide \u00e0 construire l\u2019autonomie de demain. Cet outil aide le jeune \u00e0 comprendre que ses actions actuelles ont un impact sur son futur, en le mettant en mouvement vers son objectif d\u2019adulte libre et actif au maximum de ses comp\u00e9tences.<\/p>\n\n\n\n<p>Il s\u2019agit de <strong>l\u2019amener \u00e0 faire le lien entre ses efforts quotidiens et son avenir<\/strong>, en mettant en lumi\u00e8re l\u2019utilit\u00e9 des apprentissages de tous les jours.<\/p>\n\n\n\n<h3 class=\"wp-block-heading\">\ud83c\udfa8 <strong>Exemples concrets :<\/strong><\/h3>\n\n\n\n<ul class=\"wp-block-list\">\n<li><strong>Garder un rythme de sommeil r\u00e9gulier<\/strong> \u2794 Avoir l&rsquo;\u00e9nergie pour apprendre et \u00eatre en forme au travail plus tard.<\/li>\n\n\n\n<li><strong>Se brosser les dents<\/strong> \u2794 \u00c9viter des probl\u00e8mes dentaires graves \u00e0 l&rsquo;\u00e2ge adulte.<\/li>\n\n\n\n<li><strong>S\u2019habiller en fonction de la m\u00e9t\u00e9o<\/strong> \u2794 Se pr\u00e9server des maladies et se sentir bien dans son corps.<\/li>\n\n\n\n<li><strong><a href=\"https:\/\/api-lux.be\/index.php\/2025\/02\/14\/apprendre-a-gerer-son-budget\/\" target=\"_blank\" rel=\"noreferrer noopener\">G\u00e9rer son argent de poche<\/a><\/strong> \u2794 Apprendre \u00e0 budg\u00e9ter pour mieux g\u00e9rer son salaire plus tard.<\/li>\n\n\n\n<li><strong>S\u2019investir \u00e0 l&rsquo;\u00e9cole<\/strong> \u2794 Acc\u00e9der aux m\u00e9tiers souhait\u00e9s et gagner en autonomie.<\/li>\n\n\n\n<li><strong>S\u2019impliquer dans des t\u00e2ches domestiques<\/strong> \u2794 Apprendre \u00e0 g\u00e9rer un logement seul.<\/li>\n<\/ul>\n\n\n\n<p>\ud83c\udf1f <strong>L\u2019objectif est que chaque jeune puisse se projeter et comprendre que ses actions ont du sens dans la construction de son avenir.<\/strong><\/p>\n\n\n\n<div class=\"wp-block-columns is-layout-flex wp-container-core-columns-is-layout-9d6595d7 wp-block-columns-is-layout-flex\">\n<div class=\"wp-block-column is-layout-flow wp-block-column-is-layout-flow\">\n<h2 class=\"wp-block-heading\">Objectif(s) d&rsquo;utilisation<\/h2>\n\n\n\n<p>D\u00e9velopper chez le jeune la capacit\u00e9 \u00e0 envisager son avenir et \u00e0 lier ses actions actuelles \u00e0 ses objectifs:<\/p>\n\n\n\n<p>\ud83d\udd17 <strong>Faire le lien entre aujourd\u2019hui et demain :<\/strong><br>Comprendre l\u2019utilit\u00e9 des apprentissages quotidiens pour l\u2019avenir.<\/p>\n\n\n\n<p>\ud83d\ude80 <strong>Favoriser la motivation :<\/strong><br>Donner du sens aux efforts pour maintenir l\u2019engagement.<\/p>\n\n\n\n<p>\ud83c\udf31 <strong>D\u00e9velopper l\u2019autonomie et l&rsquo;engagement :<\/strong><br>Rendre le jeune acteur de sa propre \u00e9volution.<\/p>\n<\/div>\n\n\n\n<div class=\"wp-block-column is-layout-flow wp-block-column-is-layout-flow\">\n<h2 class=\"wp-block-heading\">Variantes &#8211; am\u00e9nagements<\/h2>\n\n\n\n<p>\ud83d\udcc8 <strong>Cr\u00e9er un \u00ab\u00a0tableau de vision\u00a0\u00bb<\/strong> : Un collage d\u2019images illustrant ses aspirations et les actions \u00e0 mener pour les atteindre.<\/p>\n\n\n\n<p>\ud83c\udf1f <strong>Ateliers de discussion<\/strong> : Partager en groupe sur ses r\u00eaves et <a href=\"https:\/\/api-lux.be\/index.php\/2025\/02\/14\/travailler-un-objectif-a-la-fois-cible-par-le-jeune-lui-meme\/\" target=\"_blank\" rel=\"noreferrer noopener\">les petits pas<\/a> pour les r\u00e9aliser.<\/p>\n\n\n\n<p>\ud83c\udf93 <strong>Simulations et mises en situation<\/strong> : G\u00e9rer un faux budget, planifier une journ\u00e9e type d\u2019adulte, d\u00e9couvrir <a href=\"https:\/\/api-lux.be\/index.php\/2025\/02\/14\/permettre-lexperimentation-en-contexte-reel\/\" target=\"_blank\" rel=\"noreferrer noopener\">les exigences d\u2019un m\u00e9tier<\/a>.<br><br><\/p>\n<\/div>\n<\/div>\n\n\n\n<h2 class=\"wp-block-heading\">Liens utiles<\/h2>\n\n\n\n<p>\ud83d\udd27 <a href=\"https:\/\/transition-insertion.be\/farde-du-jeune\/\" data-type=\"link\" data-id=\"https:\/\/transition-insertion.be\/farde-du-jeune\/\" target=\"_blank\" rel=\"noreferrer noopener\">OUTIL \u00ab\u00a0La farde du jeune\u00a0\u00bb<\/a> \u00e9quipe Transition-insertion (Transition Insertion est un projet cofinanc\u00e9 par le Fonds Social Europ\u00e9en et g\u00e9r\u00e9 par le Centre de Coordination et de Gestion des Programmes Europ\u00e9ens (CCGPE) de la F\u00e9d\u00e9ration Wallonie Bruxelles.) &#8211; documents explicatifs<\/p>\n\n\n\n<p>Des outils \u00e0 nous partager ?&nbsp;<a href=\"https:\/\/api-lux.be\/index.php\/contact\/\">Cliquez ici<\/a><\/p>\n","protected":false},"excerpt":{"rendered":"<p>\ud83e\ude84 Accompagner vers plus d\u2019autonomie et cultiver la singularit\u00e9 &#8211; Pr\u00e9parer le jeune \u00e0 sa r\u00e9alit\u00e9 de demain afin le mettre en mouvement aujourd\u2019hui.<\/p>\n","protected":false},"author":1,"featured_media":0,"comment_status":"closed","ping_status":"closed","sticky":false,"template":"","format":"standard","meta":{"iawp_total_views":0,"footnotes":""},"categories":[28,4,27,46,48,47,29],"tags":[],"class_list":["post-860","post","type-post","status-publish","format-standard","hentry","category-autonomie-et-responsabilisation","category-besoins","category-besoins-daccomplissement","category-fiches-outils","category-fiches-outils-pour-les-aidants-proches","category-fiches-outils-pour-les-professionnels","category-projection"],"_links":{"self":[{"href":"https:\/\/api-lux.be\/index.php\/wp-json\/wp\/v2\/posts\/860","targetHints":{"allow":["GET"]}}],"collection":[{"href":"https:\/\/api-lux.be\/index.php\/wp-json\/wp\/v2\/posts"}],"about":[{"href":"https:\/\/api-lux.be\/index.php\/wp-json\/wp\/v2\/types\/post"}],"author":[{"embeddable":true,"href":"https:\/\/api-lux.be\/index.php\/wp-json\/wp\/v2\/users\/1"}],"replies":[{"embeddable":true,"href":"https:\/\/api-lux.be\/index.php\/wp-json\/wp\/v2\/comments?post=860"}],"version-history":[{"count":9,"href":"https:\/\/api-lux.be\/index.php\/wp-json\/wp\/v2\/posts\/860\/revisions"}],"predecessor-version":[{"id":7779,"href":"https:\/\/api-lux.be\/index.php\/wp-json\/wp\/v2\/posts\/860\/revisions\/7779"}],"wp:attachment":[{"href":"https:\/\/api-lux.be\/index.php\/wp-json\/wp\/v2\/media?parent=860"}],"wp:term":[{"taxonomy":"category","embeddable":true,"href":"https:\/\/api-lux.be\/index.php\/wp-json\/wp\/v2\/categories?post=860"},{"taxonomy":"post_tag","embeddable":true,"href":"https:\/\/api-lux.be\/index.php\/wp-json\/wp\/v2\/tags?post=860"}],"curies":[{"name":"wp","href":"https:\/\/api.w.org\/{rel}","templated":true}]}}