{"id":859,"date":"2025-02-14T11:36:55","date_gmt":"2025-02-14T10:36:55","guid":{"rendered":"http:\/\/localhost\/mdi_w\/?p=859"},"modified":"2025-05-22T12:30:09","modified_gmt":"2025-05-22T10:30:09","slug":"donner-au-jeune-lespace-pour-penser-son-lieu-de-vie","status":"publish","type":"post","link":"https:\/\/api-lux.be\/index.php\/2025\/02\/14\/donner-au-jeune-lespace-pour-penser-son-lieu-de-vie\/","title":{"rendered":"Donner au jeune l&rsquo;espace pour penser son lieu de vie"},"content":{"rendered":"\n<div class=\"wp-block-columns is-layout-flex wp-container-core-columns-is-layout-9d6595d7 wp-block-columns-is-layout-flex\">\n<div class=\"wp-block-column is-vertically-aligned-center is-layout-flow wp-block-column-is-layout-flow\"><div class=\"wp-block-image\">\n<figure class=\"aligncenter size-full is-resized\"><img decoding=\"async\" src=\"https:\/\/api-lux.be\/wp-content\/uploads\/2025\/02\/penser_son_lieu_de_vie.jpg\" alt=\" \" class=\"wp-image-202\" style=\"width:288px;height:auto\"\/><\/figure>\n<\/div><\/div>\n\n\n\n<div class=\"wp-block-column is-layout-flow wp-block-column-is-layout-flow\">\n<p>\ud83c\udf08 <strong>Personnalisation et individualisation dans le collectif<\/strong> &#8211; Un cadre participatif o\u00f9 le jeune peut co-construire les r\u00e8gles et les priorit\u00e9s de son environnement.<\/p>\n\n\n\n<!--more-->\n\n\n\n<h2 class=\"wp-block-heading\">\u00c2ge cible<\/h2>\n\n\n\n<p>Tout \u00e2ge.<\/p>\n<\/div>\n<\/div>\n\n\n\n<h2 class=\"wp-block-heading\">Descriptif de l&rsquo;outil<\/h2>\n\n\n\n<p>\ud83c\udf31 Cet outil encourage les jeunes \u00e0 devenir acteurs dans la gestion et l\u2019organisation de leur lieu de vie. En participant \u00e0 l\u2019\u00e9laboration des r\u00e8gles de fonctionnement ou \u00e0 des r\u00e9flexions sur l\u2019investissement des ressources (financi\u00e8res \ud83d\udcb0, mat\u00e9rielles \ud83d\udee0\ufe0f ou humaines \ud83d\udc65), ils d\u00e9veloppent un sens des responsabilit\u00e9s et un engagement collectif \ud83e\udd1d.<\/p>\n\n\n\n<p>\ud83c\udfa4  Un cadre participatif permet d\u2019impliquer activement le jeune dans son environnement en lui donnant une voix et une place dans la prise de d\u00e9cision. Co-construire les r\u00e8gles avec lui permet d\u2019assurer une meilleure adh\u00e9sion et compr\u00e9hension des attentes \ud83d\udccb, tout en favorisant un cadre structurant et bienveillant \ud83d\udc96.<\/p>\n\n\n\n<p>\ud83d\udccc <strong>Clarifier les attentes avec des supports visuels<\/strong><br>De plus, la mise en place d\u2019un support visuel (panneau d\u2019affichage, sch\u00e9ma collaboratif, charte illustr\u00e9e) permet de rendre les r\u00e8gles claires, accessibles et \u00e9volutives \ud83d\udd04.<\/p>\n\n\n\n<p>\ud83d\udd39 <strong>Exemples d&rsquo;actions concr\u00e8tes :<\/strong><\/p>\n\n\n\n<ul class=\"wp-block-list\">\n<li>\u2728 Participer \u00e0 des ateliers pour cr\u00e9er un r\u00e8glement int\u00e9rieur collaboratif.<\/li>\n\n\n\n<li>\ud83d\udca1 Organiser des r\u00e9unions r\u00e9guli\u00e8res o\u00f9 les jeunes proposent des id\u00e9es pour am\u00e9liorer leur espace de vie.<\/li>\n\n\n\n<li>\ud83e\uddd1\u200d\ud83e\udd1d\u200d\ud83e\uddd1 R\u00e9fl\u00e9chir collectivement \u00e0 la gestion des ressources communes.<\/li>\n<\/ul>\n\n\n\n<div class=\"wp-block-columns is-layout-flex wp-container-core-columns-is-layout-9d6595d7 wp-block-columns-is-layout-flex\">\n<div class=\"wp-block-column is-layout-flow wp-block-column-is-layout-flow\">\n<h2 class=\"wp-block-heading\">Objectif(s) d&rsquo;utilisation<\/h2>\n\n\n\n<p>\ud83c\udf31 <strong>Encourager la responsabilisation<\/strong> : Impliquer les jeunes dans l\u2019organisation de leur environnement.<\/p>\n\n\n\n<p>\ud83e\udde0 <strong>D\u00e9velopper la prise de d\u00e9cision<\/strong> : Leur apprendre \u00e0 formuler des id\u00e9es et \u00e0 argumenter leurs choix.<\/p>\n\n\n\n<p>\ud83e\udd1d <strong>Favoriser la participation active<\/strong> : Renforcer leur engagement citoyen et social, ainsi que la recherche de compromis.<\/p>\n\n\n\n<p>\ud83c\udfd7\ufe0f <strong>Cr\u00e9er un cadre structurant<\/strong> : Permettre une meilleure appropriation des r\u00e8gles en les co-construisant.<\/p>\n\n\n\n<p>\ud83c\udf0d <strong>Favoriser l\u2019inclusion<\/strong> : Chacun peut exprimer son point de vue et contribuer \u00e0 son environnement.<\/p>\n<\/div>\n\n\n\n<div class=\"wp-block-column is-layout-flow wp-block-column-is-layout-flow\">\n<h2 class=\"wp-block-heading\">Variantes &#8211; am\u00e9nagements<\/h2>\n\n\n\n<p>\ud83d\udccc <strong>Organisation d\u2019un conseil des jeunes :<\/strong><\/p>\n\n\n\n<ul class=\"wp-block-list\">\n<li>\ud83d\udde3\ufe0f D\u00e9battre des r\u00e8gles de vie et proposer des ajustements.<\/li>\n\n\n\n<li>\ud83d\uddf3\ufe0f \u00c9lire des repr\u00e9sentants pour porter des id\u00e9es.<\/li>\n<\/ul>\n\n\n\n<p>\ud83d\udccc <strong>Gestion d\u2019un budget fictif ou r\u00e9el :<\/strong><\/p>\n\n\n\n<ul class=\"wp-block-list\">\n<li>\ud83d\udcb5 Donner aux jeunes un montant d\u00e9fini pour organiser une activit\u00e9 ou am\u00e9liorer leur espace.<\/li>\n\n\n\n<li>\ud83d\udcca Apprendre \u00e0 r\u00e9partir les ressources et \u00e0 prioriser les besoins.<\/li>\n<\/ul>\n\n\n\n<p>\ud83d\udccc <strong>Ateliers artistiques :<\/strong><\/p>\n\n\n\n<ul class=\"wp-block-list\">\n<li>\ud83c\udfa8 Imaginer et red\u00e9finir l\u2019am\u00e9nagement des lieux.<\/li>\n\n\n\n<li>\ud83d\udd8c\ufe0f R\u00e9aliser une fresque des r\u00e8gles de vie pour rendre l\u2019environnement plus agr\u00e9able.<\/li>\n<\/ul>\n\n\n\n<p>\ud83d\udccc <strong>Personnalisation de son espace :<\/strong><\/p>\n\n\n\n<ul class=\"wp-block-list\">\n<li>\ud83c\udfe1 Donner la possibilit\u00e9 de choisir certains \u00e9l\u00e9ments de d\u00e9coration ou d\u2019organisation pour favoriser le bien-\u00eatre et l\u2019appropriation des lieux.<\/li>\n<\/ul>\n<\/div>\n<\/div>\n\n\n\n<p>Des outils \u00e0 nous partager ?&nbsp;<a href=\"https:\/\/api-lux.be\/index.php\/contact\/\">Cliquez ici<\/a><\/p>\n","protected":false},"excerpt":{"rendered":"<p>\ud83c\udf08 Personnalisation et individualisation dans le collectif &#8211; Un cadre participatif o\u00f9 le jeune peut co-construire les r\u00e8gles et les priorit\u00e9s de son environnement.<\/p>\n","protected":false},"author":1,"featured_media":0,"comment_status":"closed","ping_status":"closed","sticky":false,"template":"","format":"standard","meta":{"iawp_total_views":0,"footnotes":""},"categories":[10,28,4,27,14,18,9,12,15,46,48,47,20,29],"tags":[],"class_list":["post-859","post","type-post","status-publish","format-standard","hentry","category-amenagement-environnement","category-autonomie-et-responsabilisation","category-besoins","category-besoins-daccomplissement","category-besoins-dappartenance","category-besoins-destime","category-besoins-de-securite","category-cadre-et-limites","category-famille-et-milieu-de-vie","category-fiches-outils","category-fiches-outils-pour-les-aidants-proches","category-fiches-outils-pour-les-professionnels","category-individualisation","category-projection"],"_links":{"self":[{"href":"https:\/\/api-lux.be\/index.php\/wp-json\/wp\/v2\/posts\/859","targetHints":{"allow":["GET"]}}],"collection":[{"href":"https:\/\/api-lux.be\/index.php\/wp-json\/wp\/v2\/posts"}],"about":[{"href":"https:\/\/api-lux.be\/index.php\/wp-json\/wp\/v2\/types\/post"}],"author":[{"embeddable":true,"href":"https:\/\/api-lux.be\/index.php\/wp-json\/wp\/v2\/users\/1"}],"replies":[{"embeddable":true,"href":"https:\/\/api-lux.be\/index.php\/wp-json\/wp\/v2\/comments?post=859"}],"version-history":[{"count":7,"href":"https:\/\/api-lux.be\/index.php\/wp-json\/wp\/v2\/posts\/859\/revisions"}],"predecessor-version":[{"id":6762,"href":"https:\/\/api-lux.be\/index.php\/wp-json\/wp\/v2\/posts\/859\/revisions\/6762"}],"wp:attachment":[{"href":"https:\/\/api-lux.be\/index.php\/wp-json\/wp\/v2\/media?parent=859"}],"wp:term":[{"taxonomy":"category","embeddable":true,"href":"https:\/\/api-lux.be\/index.php\/wp-json\/wp\/v2\/categories?post=859"},{"taxonomy":"post_tag","embeddable":true,"href":"https:\/\/api-lux.be\/index.php\/wp-json\/wp\/v2\/tags?post=859"}],"curies":[{"name":"wp","href":"https:\/\/api.w.org\/{rel}","templated":true}]}}