{"id":857,"date":"2025-02-14T11:36:55","date_gmt":"2025-02-14T10:36:55","guid":{"rendered":"http:\/\/localhost\/mdi_w\/?p=857"},"modified":"2025-07-01T14:42:18","modified_gmt":"2025-07-01T12:42:18","slug":"travailler-un-objectif-a-la-fois-cible-par-le-jeune-lui-meme","status":"publish","type":"post","link":"https:\/\/api-lux.be\/index.php\/2025\/02\/14\/travailler-un-objectif-a-la-fois-cible-par-le-jeune-lui-meme\/","title":{"rendered":"Fixer un objectif \u00e0 la fois &#8211; La technique du petit pas"},"content":{"rendered":"\n<div class=\"wp-block-columns is-layout-flex wp-container-core-columns-is-layout-9d6595d7 wp-block-columns-is-layout-flex\">\n<div class=\"wp-block-column is-layout-flow wp-block-column-is-layout-flow\">\n<figure class=\"wp-block-image size-full\"><img decoding=\"async\" src=\"https:\/\/api-lux.be\/wp-content\/uploads\/2025\/02\/objectif.jpg\" alt=\" \" class=\"wp-image-202\"\/><\/figure>\n<\/div>\n\n\n\n<div class=\"wp-block-column is-layout-flow wp-block-column-is-layout-flow\">\n<p>\ud83e\ude84 <strong>Accompagner vers plus d\u2019autonomie et cultiver la singularit\u00e9 <\/strong>&#8211; Aider le jeune \u00e0 progresser \u00e9tape par \u00e9tape, sans se sentir d\u00e9pass\u00e9.<\/p>\n\n\n\n<!--more-->\n\n\n\n<h2 class=\"wp-block-heading\">Age cible (pour qui)<\/h2>\n\n\n\n<p><b> Tous <\/b><\/p>\n<\/div>\n<\/div>\n\n\n\n<h2 class=\"wp-block-heading\">Descriptif de l&rsquo;outil<\/h2>\n\n\n\n<p>L\u2019objectif de cette m\u00e9thode est de ne pas submerger le jeune en lui donnant trop de comp\u00e9tences \u00e0 acqu\u00e9rir d\u2019un coup. Il s&rsquo;agit de <strong>progresser par \u00e9tapes<\/strong>, en se concentrant sur un seul objectif \u00e0 la fois. Cela <strong>facilite l\u2019apprentissage et maintient la motivation<\/strong> en respectant son rythme.<\/p>\n\n\n\n<p>L\u2019adulte aide \u00e0 d\u00e9finir <strong>l\u2019objectif final<\/strong>, mais c\u2019est l\u2019enfant qui choisit comment y arriver, en commen\u00e7ant par <strong>un petit pas adapt\u00e9 \u00e0 ses capacit\u00e9s.<\/strong> Cela lui permet de prendre conscience des diff\u00e9rentes \u00e9tapes n\u00e9cessaires \u00e0 sa r\u00e9ussite et de se responsabiliser.<\/p>\n\n\n\n<p>Les outils visuels sont utilis\u00e9s pour faciliter la compr\u00e9hension, comme la \u00ab m\u00e9t\u00e9o \u00bb quotidienne : <\/p>\n\n\n\n<ul class=\"wp-block-list\">\n<li>\ud83c\udf1e Soleil (objectif bien atteint), <\/li>\n\n\n\n<li>\u2601\ufe0f Nuage (quelques difficult\u00e9s),<\/li>\n\n\n\n<li>\u26c8\ufe0f Orage (journ\u00e9e compliqu\u00e9e). <\/li>\n<\/ul>\n\n\n\n<p>Cela permet de suivre les progr\u00e8s sans complexit\u00e9. \u00c0 la fin de la semaine, une moyenne est calcul\u00e9e et ceux ayant le plus de \u00ab soleils \u00bb re\u00e7oivent une r\u00e9compense.<\/p>\n\n\n\n<p>Cette m\u00e9thode encourage l\u2019autod\u00e9termination, o\u00f9 l\u2019enfant choisit son rythme de progression, renfor\u00e7ant ainsi sa motivation et sa confiance en lui. Le parcours est adaptable selon ses besoins, ce qui \u00e9vite la frustration. Tant que l\u2019objectif n\u2019est pas atteint, il reste le m\u00eame, ce qui aide \u00e0 maintenir la concentration et la clart\u00e9.<\/p>\n\n\n\n<p>Le suivi visuel et les r\u00e9compenses motivent le jeune \u00e0 pers\u00e9v\u00e9rer, tout en lui offrant un cadre rassurant pour avancer \u00e0 son rythme.<\/p>\n\n\n\n<p>\ud83d\udcc5 <strong>Exemple concret d&rsquo;application<\/strong><\/p>\n\n\n\n<div class=\"wp-block-columns is-layout-flex wp-container-core-columns-is-layout-9d6595d7 wp-block-columns-is-layout-flex\">\n<div class=\"wp-block-column is-layout-flow wp-block-column-is-layout-flow\">\n<h4 class=\"wp-block-heading\">\ud83c\udfaf <strong>Objectif ultime : \u00ab\u00a0Arr\u00eater de taper quand on est en col\u00e8re\u00a0\u00bb<\/strong><\/h4>\n\n\n\n<p><strong>\u00c9tape 1 : Reconna\u00eetre les signes de la col\u00e8re<\/strong><br>\ud83c\udfaf Objectif : Identifier les signes de la col\u00e8re (poings serr\u00e9s, respiration rapide).<br>\ud83d\udca1 Motivation : Rep\u00e9rer les signes pour r\u00e9agir calmement.<\/p>\n\n\n\n<p><strong>\u00c9tape 2 : Trouver une autre mani\u00e8re d&rsquo;exprimer sa col\u00e8re<\/strong><br>\ud83c\udfaf Objectif : Utiliser des mots ou prendre une pause.<br>\ud83d\udca1 Motivation : Se sentir mieux et compris en exprimant les \u00e9motions.<\/p>\n\n\n\n<p><strong>\u00c9tape 3 : Pratiquer la gestion de la col\u00e8re<\/strong><br>\ud83c\udfaf Objectif : Se calmer avant d\u2019agir (ex. pause calme).<br>\ud83d\udca1 Motivation : Fiert\u00e9 et contr\u00f4le en r\u00e9ussissant \u00e0 se calmer sans taper.<\/p>\n\n\n\n<p><strong>\u00c9tape 4 : Arr\u00eater de taper<\/strong><br>\ud83c\udfaf Objectif final : Exprimer la col\u00e8re sans violence.<br>\ud83d\udca1 Motivation : Voir les progr\u00e8s et ma\u00eetriser ses \u00e9motions.<\/p>\n\n\n\n<p>\ud83d\udccc <strong>R\u00e9sultat :<\/strong> Chaque \u00e9tape renforce la confiance et aide \u00e0 atteindre l&rsquo;objectif global.<\/p>\n<\/div>\n\n\n\n<div class=\"wp-block-column is-layout-flow wp-block-column-is-layout-flow\">\n<p>\ud83c\udfaf <strong>Objectif ultime : \u00ab\u00a0Apprendre \u00e0 s\u2019habiller seul le matin\u00a0\u00bb \ud83d\udc55<\/strong><\/p>\n\n\n\n<p><strong>\u00c9tape 1 : D\u00e9finir l&rsquo;objectif<\/strong><br>\ud83c\udfaf Objectif : \u00ab\u00a0Je veux m\u2019habiller seul.\u00a0\u00bb<br>L\u2019enfant choisit par o\u00f9 commencer (ex : \u00ab\u00a0Je mets mes chaussettes tout seul\u00a0\u00bb).<\/p>\n\n\n\n<p><strong>\u00c9tape 2 : Cr\u00e9er un outil visuel<\/strong><br>\ud83c\udfaf <strong>\u00c9valuation avec m\u00e9t\u00e9o :<\/strong><br>\ud83c\udf1e Soleil = \u00ab\u00a0J\u2019ai mis mes chaussettes sans aide\u00a0\u00bb<br>\u2601\ufe0f Nuage = \u00ab\u00a0J\u2019ai mis mes chaussettes avec aide\u00a0\u00bb<br>\u26c8\ufe0f Orage = \u00ab\u00a0Je n\u2019ai pas r\u00e9ussi\u00a0\u00bb<\/p>\n\n\n\n<p><strong>\u00c9tape 3 : Syst\u00e8me de motivation<\/strong><br>\ud83d\udcc6 Fin de semaine :<br>\ud83c\udf81 5 soleils ou plus : R\u00e9compense choisie (ex : histoire en plus).<br>\ud83d\udca1 Moins de 5 soleils : Discussion sur les difficult\u00e9s.<\/p>\n\n\n\n<p><strong>\u00c9tape 4 : Progression vers l\u2019objectif final<\/strong><br>\ud83d\udccc L\u2019enfant progresse chaque jour vers l\u2019autonomie.<\/p>\n<\/div>\n<\/div>\n\n\n\n<div class=\"wp-block-columns is-layout-flex wp-container-core-columns-is-layout-9d6595d7 wp-block-columns-is-layout-flex\">\n<div class=\"wp-block-column is-layout-flow wp-block-column-is-layout-flow\">\n<h2 class=\"wp-block-heading\">Objectif(s) d&rsquo;utilisation<\/h2>\n\n\n\n<p>\u2728 <strong>Autonomie et Responsabilit\u00e9<\/strong> : L\u2019enfant choisit ses \u00e9tapes et suit ses progr\u00e8s lui-m\u00eame.<\/p>\n\n\n\n<p>\ud83d\udc4f <strong>R\u00e9compenses et encouragements<\/strong> : L\u2019enfant est r\u00e9compens\u00e9 (par exemple avec un petit cadeau) pour ses r\u00e9ussites, pour le motiver \u00e0 continuer.<\/p>\n\n\n\n<p>\ud83c\udf1f <strong>Confiance en soi<\/strong> : L\u2019enfant apprend \u00e0 \u00e9valuer ses efforts et \u00e0 se sentir fier de ses progr\u00e8s.<\/p>\n\n\n\n<p>\ud83d\udcc8 <strong>Suivi et progr\u00e8s<\/strong> : L\u2019outil permet de suivre les progr\u00e8s de l\u2019enfant et de l&rsquo;aider \u00e0 rester motiv\u00e9.<\/p>\n\n\n\n<p>\ud83e\udd1d <strong>Compr\u00e9hension et soutien<\/strong> : L\u2019adulte peut mieux comprendre ce que l\u2019enfant ressent et l\u2019aider \u00e0 ajuster ses objectifs.<\/p>\n<\/div>\n\n\n\n<div class=\"wp-block-column is-layout-flow wp-block-column-is-layout-flow\">\n<h2 class=\"wp-block-heading\">Variantes &#8211; am\u00e9nagements<\/h2>\n\n\n\n<p><strong>\ud83c\udf89 Ajouter des rituels de c\u00e9l\u00e9bration quand un objectif est atteint<\/strong> : C\u00e9l\u00e9brer les r\u00e9ussites avec un moment sp\u00e9cial, comme une activit\u00e9 pr\u00e9f\u00e9r\u00e9e ou une petite f\u00eate.<\/p>\n\n\n\n<p>\ud83d\udc68\u200d\ud83d\udc69\u200d\ud83d\udc67\u200d\ud83d\udc66 <strong>Impliquer davantage les familles<\/strong> : Encourager la participation des familles dans le suivi des progr\u00e8s et les c\u00e9l\u00e9brations, pour renforcer le soutien \u00e0 la maison.<\/p>\n\n\n\n<p>\ud83c\udfaf <strong>Plusieurs objectifs peuvent \u00eatre fix\u00e9s<\/strong> : L\u2019enfant peut travailler sur plusieurs objectifs \u00e0 la fois, chacun avec ses \u00e9tapes et r\u00e9compenses, pour garder sa motivation \u00e9lev\u00e9e.<\/p>\n\n\n\n<p>\ud83d\udccc <strong>Visualiser les progr\u00e8s<\/strong> : Utiliser un <strong>tableau de suivi<\/strong> ou des <strong>pictogrammes<\/strong> pour rendre la progression concr\u00e8te.<\/p>\n<\/div>\n<\/div>\n\n\n\n<div class=\"wp-block-columns is-layout-flex wp-container-core-columns-is-layout-9d6595d7 wp-block-columns-is-layout-flex\">\n<div class=\"wp-block-column is-layout-flow wp-block-column-is-layout-flow\">\n<h2 class=\"wp-block-heading\">Liens utiles<\/h2>\n\n\n\n<p>\ud83d\udcf0 <strong>ARTICLE du l&rsquo;\u00e9quipe \u00a0\u00bbNa\u00eetre et Grandir\u00a0\u00bb &#8211; <a href=\"https:\/\/naitreetgrandir.com\/fr\/etape\/1_3_ans\/comportement\/tableau-de-motivation\/\" target=\"_blank\" rel=\"noreferrer noopener\">Le tableau de motivation<\/a><\/strong><\/p>\n<\/div>\n<\/div>\n\n\n\n<p>Des outils \u00e0 nous partager ?&nbsp;<a href=\"https:\/\/api-lux.be\/index.php\/contact\/\">Cliquez ici<\/a><\/p>\n\n\n<div class=\"wp-block-image\">\n<figure class=\"aligncenter size-large is-resized\"><img loading=\"lazy\" decoding=\"async\" width=\"1024\" height=\"724\" src=\"https:\/\/api-lux.be\/wp-content\/uploads\/2025\/02\/Planneur-Organisation-Tableau-Jaune-Animaux-1-1024x724.jpg\" alt=\"\" class=\"wp-image-4157\" style=\"width:694px;height:auto\" srcset=\"https:\/\/api-lux.be\/wp-content\/uploads\/2025\/02\/Planneur-Organisation-Tableau-Jaune-Animaux-1-1024x724.jpg 1024w, https:\/\/api-lux.be\/wp-content\/uploads\/2025\/02\/Planneur-Organisation-Tableau-Jaune-Animaux-1-300x212.jpg 300w, https:\/\/api-lux.be\/wp-content\/uploads\/2025\/02\/Planneur-Organisation-Tableau-Jaune-Animaux-1-768x543.jpg 768w, https:\/\/api-lux.be\/wp-content\/uploads\/2025\/02\/Planneur-Organisation-Tableau-Jaune-Animaux-1-1536x1086.jpg 1536w, https:\/\/api-lux.be\/wp-content\/uploads\/2025\/02\/Planneur-Organisation-Tableau-Jaune-Animaux-1.jpg 2000w\" sizes=\"auto, (max-width: 1024px) 100vw, 1024px\" \/><\/figure>\n<\/div>","protected":false},"excerpt":{"rendered":"<p>\ud83e\ude84 Accompagner vers plus d\u2019autonomie et cultiver la singularit\u00e9 &#8211; Aider le jeune \u00e0 progresser \u00e9tape par \u00e9tape, sans se sentir d\u00e9pass\u00e9.<\/p>\n","protected":false},"author":1,"featured_media":0,"comment_status":"closed","ping_status":"closed","sticky":false,"template":"","format":"standard","meta":{"iawp_total_views":7,"footnotes":""},"categories":[28,4,27,9,12,48,49,47],"tags":[],"class_list":["post-857","post","type-post","status-publish","format-standard","hentry","category-autonomie-et-responsabilisation","category-besoins","category-besoins-daccomplissement","category-besoins-de-securite","category-cadre-et-limites","category-fiches-outils-pour-les-aidants-proches","category-fiches-outils-pour-les-jeunes","category-fiches-outils-pour-les-professionnels"],"_links":{"self":[{"href":"https:\/\/api-lux.be\/index.php\/wp-json\/wp\/v2\/posts\/857","targetHints":{"allow":["GET"]}}],"collection":[{"href":"https:\/\/api-lux.be\/index.php\/wp-json\/wp\/v2\/posts"}],"about":[{"href":"https:\/\/api-lux.be\/index.php\/wp-json\/wp\/v2\/types\/post"}],"author":[{"embeddable":true,"href":"https:\/\/api-lux.be\/index.php\/wp-json\/wp\/v2\/users\/1"}],"replies":[{"embeddable":true,"href":"https:\/\/api-lux.be\/index.php\/wp-json\/wp\/v2\/comments?post=857"}],"version-history":[{"count":10,"href":"https:\/\/api-lux.be\/index.php\/wp-json\/wp\/v2\/posts\/857\/revisions"}],"predecessor-version":[{"id":7777,"href":"https:\/\/api-lux.be\/index.php\/wp-json\/wp\/v2\/posts\/857\/revisions\/7777"}],"wp:attachment":[{"href":"https:\/\/api-lux.be\/index.php\/wp-json\/wp\/v2\/media?parent=857"}],"wp:term":[{"taxonomy":"category","embeddable":true,"href":"https:\/\/api-lux.be\/index.php\/wp-json\/wp\/v2\/categories?post=857"},{"taxonomy":"post_tag","embeddable":true,"href":"https:\/\/api-lux.be\/index.php\/wp-json\/wp\/v2\/tags?post=857"}],"curies":[{"name":"wp","href":"https:\/\/api.w.org\/{rel}","templated":true}]}}