{"id":854,"date":"2025-02-14T11:36:55","date_gmt":"2025-02-14T10:36:55","guid":{"rendered":"http:\/\/localhost\/mdi_w\/?p=854"},"modified":"2025-07-01T14:36:57","modified_gmt":"2025-07-01T12:36:57","slug":"responsabiliser-le-jeune","status":"publish","type":"post","link":"https:\/\/api-lux.be\/index.php\/2025\/02\/14\/responsabiliser-le-jeune\/","title":{"rendered":"Responsabiliser le jeune"},"content":{"rendered":"\n<div class=\"wp-block-columns is-layout-flex wp-container-core-columns-is-layout-9d6595d7 wp-block-columns-is-layout-flex\">\n<div class=\"wp-block-column is-vertically-aligned-center is-layout-flow wp-block-column-is-layout-flow\"><div class=\"wp-block-image\">\n<figure class=\"aligncenter size-full\"><img decoding=\"async\" src=\"https:\/\/api-lux.be\/wp-content\/uploads\/2025\/02\/responsabiliser.jpg\" alt=\" \" class=\"wp-image-202\"\/><\/figure>\n<\/div><\/div>\n\n\n\n<div class=\"wp-block-column is-layout-flow wp-block-column-is-layout-flow\">\n<p>\ud83e\ude84 <strong>Accompagner vers plus d\u2019autonomie et cultiver la singularit\u00e9<\/strong> &#8211; Rendre le jeune acteur de son projet en lui donnant la possibilit\u00e9 de participer activement \u00e0 sa propre \u00e9volution et \u00e0 le consid\u00e9rer comme un citoyen responsable, quelle que soit sa situation.<\/p>\n\n\n\n<!--more-->\n\n\n\n<h2 class=\"wp-block-heading\">\u00c2ge cible<\/h2>\n\n\n\n<p><b> <\/b>Tout \u00e2ge.<\/p>\n<\/div>\n<\/div>\n\n\n\n<h2 class=\"wp-block-heading\">Descriptif de l&rsquo;outil<\/h2>\n\n\n\n<p>L&rsquo;objectif est d\u2019impliquer le jeune dans les d\u00e9cisions le concernant, afin de lui permettre de d\u00e9velopper son autonomie et de prendre des responsabilit\u00e9s. Il s&rsquo;agit de lui offrir des opportunit\u00e9s de participation active \u00e0 son projet personnel, en l&rsquo;accompagnant selon ses capacit\u00e9s. En \u00e9tant partie prenante de son \u00e9volution, il apprend \u00e0 comprendre l\u2019impact de ses actions et \u00e0 se projeter dans l\u2019avenir.<\/p>\n\n\n\n<p>\ud83d\udd39 <strong>Exemples concrets d\u2019application<\/strong> :<\/p>\n\n\n\n<p>\ud83d\udc65 <strong>Impliquer le jeune dans les r\u00e9unions de d\u00e9cision<\/strong> :<\/p>\n\n\n\n<ul class=\"wp-block-list\">\n<li>L\u2019inviter \u00e0 participer aux discussions concernant son projet personnel (\u00e9ducation, loisirs, emploi, etc.).<\/li>\n\n\n\n<li>Lui expliquer les sujets abord\u00e9s avec des mots simples et accessibles.<\/li>\n\n\n\n<li>L\u2019aider \u00e0 pr\u00e9parer une liste de ses envies, besoins ou inqui\u00e9tudes avant la r\u00e9union pour qu\u2019il puisse s\u2019exprimer plus facilement.<\/li>\n<\/ul>\n\n\n\n<p>\ud83d\udcc6 <strong>Participer \u00e0 l&rsquo;\u00e9laboration de son planning g\u00e9n\u00e9ral<\/strong> :<\/p>\n\n\n\n<ul class=\"wp-block-list\">\n<li>L&rsquo;associer \u00e0 la planification de ses activit\u00e9s hebdomadaires, en tenant compte de son rythme et de ses besoins.<\/li>\n\n\n\n<li>L&rsquo;impliquer dans l&rsquo;organisation de ses retours en famille et de ses cong\u00e9s\/vacances.<\/li>\n\n\n\n<li>Le responsabiliser dans la gestion de son emploi du temps en lui donnant une certaine libert\u00e9 de choix encadr\u00e9e.<\/li>\n<\/ul>\n\n\n\n<p>\ud83d\udcda <strong>S\u2019impliquer activement dans son projet scolaire<\/strong> :<\/p>\n\n\n\n<ul class=\"wp-block-list\">\n<li>L&rsquo;accompagner dans la d\u00e9finition de son projet \u00e9ducatif en le mettant en choix par rapport aux options possibles.<\/li>\n\n\n\n<li>Le guider dans l&rsquo;organisation de ses devoirs et travaux \u00e0 r\u00e9aliser en tenant compte de son rythme et de ses capacit\u00e9s.<\/li>\n<\/ul>\n\n\n\n<p><strong>Dans son quotidien<\/strong><\/p>\n\n\n\n<ul class=\"wp-block-list\">\n<li>Proposer des <strong><a href=\"https:\/\/api-lux.be\/index.php\/2025\/02\/14\/choix-cadres\/\" target=\"_blank\" rel=\"noreferrer noopener\">choix cadr\u00e9s<\/a><\/strong> pour l\u2019aider \u00e0 structurer ses d\u00e9cisions.<\/li>\n\n\n\n<li>Utiliser un <strong><a href=\"https:\/\/api-lux.be\/index.php\/2025\/03\/13\/emploi-du-temps-visuel-traduit-en-facile-a-lire-et-a-comprendre-falc\/\" target=\"_blank\" rel=\"noreferrer noopener\">tableau de planification visuel<\/a><\/strong> pour lui permettre de mieux organiser son travail et ses objectifs.<\/li>\n\n\n\n<li>Adapter l\u2019accompagnement selon son niveau d\u2019autonomie pour favoriser une progression naturelle.<\/li>\n<\/ul>\n\n\n\n<p>\ud83d\udccd <strong>Points d&rsquo;attention<\/strong> :<\/p>\n\n\n\n<ul class=\"wp-block-list\">\n<li>Veiller \u00e0 ce que les d\u00e9cisions propos\u00e9es soient <strong>r\u00e9alistes et adapt\u00e9es<\/strong> au niveau de compr\u00e9hension du jeune.<\/li>\n\n\n\n<li>Expliquer l\u2019importance de ses choix et <strong>valoriser ses efforts<\/strong> m\u00eame s\u2019ils sont imparfaits.<\/li>\n\n\n\n<li>Maintenir un \u00e9quilibre entre <strong>libert\u00e9 et cadre structurant<\/strong>, en ajustant le niveau de guidance selon les besoins.<\/li>\n<\/ul>\n\n\n\n<div class=\"wp-block-columns is-layout-flex wp-container-core-columns-is-layout-9d6595d7 wp-block-columns-is-layout-flex\">\n<div class=\"wp-block-column is-layout-flow wp-block-column-is-layout-flow\">\n<h2 class=\"wp-block-heading\">Objectif(s) d&rsquo;utilisation<\/h2>\n\n\n\n<p><strong>D\u00e9veloppement personnel et social<\/strong> :<\/p>\n\n\n\n<p>\ud83e\udde0 Encourager l\u2019autonomie en permettant au jeune de faire des choix r\u00e9fl\u00e9chis.<\/p>\n\n\n\n<p>\ud83c\udfaf Renforcer la responsabilit\u00e9 en le rendant conscient des cons\u00e9quences de ses d\u00e9cisions.<\/p>\n\n\n\n<p>\ud83d\ude4c Valoriser sa participation active pour lui donner confiance en ses capacit\u00e9s.<\/p>\n\n\n\n<p>\ud83d\udee4\ufe0f Favoriser l\u2019autod\u00e9termination en lui permettant de construire son propre avenir avec accompagnement.<\/p>\n\n\n\n<p>\ud83c\udf93 <strong>Comp\u00e9tences d\u00e9velopp\u00e9es<\/strong> :<\/p>\n\n\n\n<p>\ud83e\udded <strong>Prise de d\u00e9cision<\/strong> : apprendre \u00e0 faire des choix adapt\u00e9s et \u00e0 en assumer les cons\u00e9quences.<\/p>\n\n\n\n<p>\ud83d\udd04 <strong>Auto-r\u00e9gulation<\/strong> : comprendre et g\u00e9rer ses responsabilit\u00e9s au quotidien.<\/p>\n\n\n\n<p>\ud83e\udd1d <strong>Communication et affirmation de soi<\/strong> : savoir exprimer ses besoins et d\u00e9fendre ses id\u00e9es.<\/p>\n\n\n\n<p>\ud83c\udfaf <strong>Planification et organisation<\/strong> : d\u00e9velopper des strat\u00e9gies pour atteindre ses objectifs personnels.<\/p>\n<\/div>\n\n\n\n<div class=\"wp-block-column is-layout-flow wp-block-column-is-layout-flow\">\n<h2 class=\"wp-block-heading\">Variantes &#8211; am\u00e9nagement<\/h2>\n\n\n\n<p>\ud83d\udd04 <strong>Adapter l\u2019outil \u00e0 diff\u00e9rents profils<\/strong> :<\/p>\n\n\n\n<p>Pour les jeunes ayant des difficult\u00e9s de communication, utiliser des supports visuels comme des <a href=\"https:\/\/api-lux.be\/index.php\/2025\/02\/14\/pictogrammes\/\" target=\"_blank\" rel=\"noreferrer noopener\">pictogrammes<\/a> ou des cartes illustr\u00e9es.<\/p>\n\n\n\n<p>Pour les adolescents, proposer une <strong>autonomie progressive<\/strong> avec des responsabilit\u00e9s plus complexes (gestion d\u2019un budget, organisation d\u2019un projet personnel, etc.).<\/p>\n\n\n\n<p>Pour les jeunes ayant du mal \u00e0 se projeter, cr\u00e9er un <strong>carnet de parcours<\/strong> avec des \u00e9tapes \u00e0 valider pour mat\u00e9rialiser leur \u00e9volution.<\/p>\n\n\n\n<p>\ud83c\udfaf <strong>Impliquer l\u2019environnement du jeune<\/strong> :<\/p>\n\n\n\n<p>Mettre en place un <strong>syst\u00e8me de mentorat<\/strong> o\u00f9 un jeune plus exp\u00e9riment\u00e9 accompagne un autre dans sa prise de responsabilit\u00e9s.<\/p>\n\n\n\n<p>Associer la famille et les encadrants \u00e0 la d\u00e9marche pour <strong>coordonner les approches \u00e9ducatives<\/strong>.<\/p>\n\n\n\n<p>Organiser des <strong>bilans r\u00e9guliers<\/strong> o\u00f9 le jeune peut partager ses avanc\u00e9es et ses ressentis.<\/p>\n<\/div>\n<\/div>\n\n\n\n<p>Des outils \u00e0 nous partager ?&nbsp;<a href=\"https:\/\/api-lux.be\/index.php\/contact\/\">Cliquez ici<\/a><\/p>\n","protected":false},"excerpt":{"rendered":"<p>\ud83e\ude84 Accompagner vers plus d\u2019autonomie et cultiver la singularit\u00e9 &#8211; Rendre le jeune acteur de son projet en lui donnant la possibilit\u00e9 de participer activement \u00e0 sa propre \u00e9volution et [&hellip;]<\/p>\n","protected":false},"author":1,"featured_media":0,"comment_status":"closed","ping_status":"closed","sticky":false,"template":"","format":"standard","meta":{"iawp_total_views":2,"footnotes":""},"categories":[28,4,27,14,18,46,48,47,17,20],"tags":[],"class_list":["post-854","post","type-post","status-publish","format-standard","hentry","category-autonomie-et-responsabilisation","category-besoins","category-besoins-daccomplissement","category-besoins-dappartenance","category-besoins-destime","category-fiches-outils","category-fiches-outils-pour-les-aidants-proches","category-fiches-outils-pour-les-professionnels","category-inclusion-sociale-et-reseau-sociaux","category-individualisation"],"_links":{"self":[{"href":"https:\/\/api-lux.be\/index.php\/wp-json\/wp\/v2\/posts\/854","targetHints":{"allow":["GET"]}}],"collection":[{"href":"https:\/\/api-lux.be\/index.php\/wp-json\/wp\/v2\/posts"}],"about":[{"href":"https:\/\/api-lux.be\/index.php\/wp-json\/wp\/v2\/types\/post"}],"author":[{"embeddable":true,"href":"https:\/\/api-lux.be\/index.php\/wp-json\/wp\/v2\/users\/1"}],"replies":[{"embeddable":true,"href":"https:\/\/api-lux.be\/index.php\/wp-json\/wp\/v2\/comments?post=854"}],"version-history":[{"count":9,"href":"https:\/\/api-lux.be\/index.php\/wp-json\/wp\/v2\/posts\/854\/revisions"}],"predecessor-version":[{"id":7775,"href":"https:\/\/api-lux.be\/index.php\/wp-json\/wp\/v2\/posts\/854\/revisions\/7775"}],"wp:attachment":[{"href":"https:\/\/api-lux.be\/index.php\/wp-json\/wp\/v2\/media?parent=854"}],"wp:term":[{"taxonomy":"category","embeddable":true,"href":"https:\/\/api-lux.be\/index.php\/wp-json\/wp\/v2\/categories?post=854"},{"taxonomy":"post_tag","embeddable":true,"href":"https:\/\/api-lux.be\/index.php\/wp-json\/wp\/v2\/tags?post=854"}],"curies":[{"name":"wp","href":"https:\/\/api.w.org\/{rel}","templated":true}]}}