{"id":852,"date":"2025-02-14T11:36:55","date_gmt":"2025-02-14T10:36:55","guid":{"rendered":"http:\/\/localhost\/mdi_w\/?p=852"},"modified":"2025-07-01T14:36:14","modified_gmt":"2025-07-01T12:36:14","slug":"considerer-et-accompagner-le-jeune-la-ou-il-en-est","status":"publish","type":"post","link":"https:\/\/api-lux.be\/index.php\/2025\/02\/14\/considerer-et-accompagner-le-jeune-la-ou-il-en-est\/","title":{"rendered":"Consid\u00e9rer et accompagner le jeune l\u00e0 o\u00f9 il en est"},"content":{"rendered":"\n<div class=\"wp-block-columns is-layout-flex wp-container-core-columns-is-layout-9d6595d7 wp-block-columns-is-layout-flex\">\n<div class=\"wp-block-column is-vertically-aligned-center is-layout-flow wp-block-column-is-layout-flow\"><div class=\"wp-block-image\">\n<figure class=\"aligncenter size-full is-resized\"><img decoding=\"async\" src=\"https:\/\/api-lux.be\/wp-content\/uploads\/2025\/02\/considerer_jeune.jpg\" alt=\" \" class=\"wp-image-202\" style=\"width:217px;height:auto\"\/><\/figure>\n<\/div><\/div>\n\n\n\n<div class=\"wp-block-column is-layout-flow wp-block-column-is-layout-flow\">\n<p>\ud83e\ude84 <strong>Accompagner vers plus d\u2019autonomie et cultiver la singularit\u00e9<\/strong> &#8211; Un cadre de prise en charge adaptable aux besoins d\u2019autonomie des jeunes &#8211; Un dispositif structur\u00e9 favorisant l\u2019ind\u00e9pendance et la responsabilisation dans le respect du rythme du jeune.<\/p>\n\n\n\n<!--more-->\n\n\n\n<h2 class=\"wp-block-heading\">\u00c2ge cible<\/h2>\n\n\n\n<p>Tout \u00e2ge.<\/p>\n<\/div>\n<\/div>\n\n\n\n<h2 class=\"wp-block-heading\">Descriptif de l&rsquo;outil<\/h2>\n\n\n\n<p>Cet outil consiste \u00e0 adapter les modalit\u00e9s de prise en charge pour chaque jeune en fonction de son degr\u00e9 d&rsquo;autonomie et de ses besoins sp\u00e9cifiques, tout en maintenant une dynamique collective. L\u2019objectif est d\u2019offrir des espaces et des rythmes diff\u00e9renci\u00e9s permettant \u00e0 chacun de se sentir reconnu dans son d\u00e9veloppement.<\/p>\n\n\n\n<p>\ud83c\udfad <strong>Diff\u00e9renciation au sein d\u2019un collectif<\/strong> :<\/p>\n\n\n\n<ul class=\"wp-block-list\">\n<li>Offrir <strong>des temps d&rsquo;activit\u00e9s diff\u00e9renci\u00e9s<\/strong> en fonction des \u00e2ges et des besoins (ex. : temps d\u2019\u00e9cran allong\u00e9 pour les plus grands, jeux symboliques pour les plus jeunes, ateliers th\u00e9matiques selon les centres d\u2019int\u00e9r\u00eat des adolescents).<\/li>\n\n\n\n<li>Permettre <strong>des espaces adapt\u00e9s<\/strong> (ex. : un salon pour les plus autonomes, une salle d\u2019activit\u00e9s guid\u00e9es pour ceux ayant besoin d\u2019un cadre plus structurant).<\/li>\n\n\n\n<li>Proposer <strong>des responsabilit\u00e9s \u00e9volutives<\/strong> (ex. : autonomie dans la gestion des t\u00e2ches personnelles, participation aux d\u00e9cisions collectives en fonction du niveau de maturit\u00e9).<\/li>\n<\/ul>\n\n\n\n<p>\ud83d\udccc <strong>Points d&rsquo;attention<\/strong> :<\/p>\n\n\n\n<ul class=\"wp-block-list\">\n<li>S\u2019assurer que l\u2019adaptation des espaces et des temps ne cr\u00e9e pas d\u2019in\u00e9galit\u00e9s per\u00e7ues comme injustes.<\/li>\n\n\n\n<li>Maintenir une coh\u00e9rence \u00e9ducative en posant des r\u00e8gles claires et en expliquant les choix faits.<\/li>\n\n\n\n<li>Encourager l\u2019inclusion en favorisant des temps communs o\u00f9 tous les jeunes peuvent interagir et s\u2019enrichir des diff\u00e9rences.<\/li>\n<\/ul>\n\n\n\n<div class=\"wp-block-columns is-layout-flex wp-container-core-columns-is-layout-9d6595d7 wp-block-columns-is-layout-flex\">\n<div class=\"wp-block-column is-layout-flow wp-block-column-is-layout-flow\">\n<h2 class=\"wp-block-heading\">Objectif(s) d&rsquo;utilisation<\/h2>\n\n\n\n<p>\ud83d\udca1 <strong>D\u00e9veloppement personnel et social<\/strong> :<\/p>\n\n\n\n<p>\ud83e\udded <strong>Encourager l\u2019autonomie<\/strong> en proposant un cadre ajustable selon les capacit\u00e9s de chacun.<\/p>\n\n\n\n<p>\ud83e\ude9c<strong> Favoriser la responsabilisation <\/strong>par une progression dans les libert\u00e9s accord\u00e9es.<\/p>\n\n\n\n<p>\ud83e\udd1d<strong> Assurer un sentiment d\u2019appartenance <\/strong>malgr\u00e9 la diff\u00e9renciation des rythmes.<\/p>\n\n\n\n<p>\ud83c\udf93 <strong>Comp\u00e9tences d\u00e9velopp\u00e9es<\/strong> :<\/p>\n\n\n\n<p>\ud83c\udf3f <strong>Autonomie<\/strong> : capacit\u00e9 \u00e0 g\u00e9rer son temps et ses responsabilit\u00e9s.<\/p>\n\n\n\n<p>\ud83c\udfe1 <strong>Vie en collectif<\/strong> : compr\u00e9hension et respect des besoins des autres.<\/p>\n\n\n\n<p>\ud83c\udfad <strong>Valorisation personnelle<\/strong> : se sentir reconnu et l\u00e9gitim\u00e9 dans son propre rythme.<\/p>\n\n\n\n<p>\ud83d\udd04 <strong>Auto-r\u00e9gulation<\/strong> : apprendre \u00e0 g\u00e9rer ses propres choix en fonction du cadre donn\u00e9.<\/p>\n<\/div>\n\n\n\n<div class=\"wp-block-column is-layout-flow wp-block-column-is-layout-flow\">\n<h2 class=\"wp-block-heading\">Variantes &#8211; am\u00e9nagements<\/h2>\n\n\n\n<p>\ud83e\udde9 <strong>Diff\u00e9renciation des espaces et des rythmes<\/strong> :<\/p>\n\n\n\n<ul class=\"wp-block-list\">\n<li>Cr\u00e9ation de <strong>sous-groupes<\/strong> selon les besoins et objectifs des jeunes pour favoriser l\u2019entraide.<\/li>\n\n\n\n<li>Am\u00e9nagement d\u2019<strong>horaires flexibles<\/strong> pour les activit\u00e9s en fonction de l\u2019\u00e2ge et du niveau d\u2019autonomie.<\/li>\n\n\n\n<li>Mise en place d\u2019espaces permettant des <strong>activit\u00e9s adapt\u00e9es<\/strong> (ex. : coin lecture calme pour ceux qui en ressentent le besoin, espace de discussion pour les adolescents, salle d\u2019activit\u00e9s dynamiques pour les plus jeunes).<\/li>\n<\/ul>\n\n\n\n<p>\ud83d\ude80 <strong>Apprentissage par l\u2019exp\u00e9rience<\/strong> :<\/p>\n\n\n\n<ul class=\"wp-block-list\">\n<li>Introduction d\u2019un <strong>syst\u00e8me de <\/strong><a href=\"https:\/\/api-lux.be\/index.php\/2025\/02\/14\/tutorat-en-classe\/\" data-type=\"link\" data-id=\"https:\/\/api-lux.be\/index.php\/2025\/02\/14\/tutorat-en-classe\/\" target=\"_blank\" rel=\"noreferrer noopener\"><strong>tutorat<\/strong><\/a> entre pairs pour favoriser l\u2019apprentissage entre jeunes de diff\u00e9rents niveaux d\u2019autonomie.<\/li>\n\n\n\n<li>Organisation de <strong>sorties encadr\u00e9es<\/strong> pour apprendre les r\u00e8gles de vie en ext\u00e9rieur tout en ajustant le niveau d\u2019accompagnement selon les groupes.<\/li>\n\n\n\n<li>Encouragement des jeunes \u00e0 <strong>prendre des initiatives<\/strong> en proposant des activit\u00e9s \u00e0 mener eux-m\u00eames selon leurs int\u00e9r\u00eats.<\/li>\n<\/ul>\n<\/div>\n<\/div>\n\n\n\n<p>Des outils \u00e0 nous partager ?&nbsp;<a href=\"https:\/\/api-lux.be\/index.php\/contact\/\">Cliquez ici<\/a><\/p>\n","protected":false},"excerpt":{"rendered":"<p>\ud83e\ude84 Accompagner vers plus d\u2019autonomie et cultiver la singularit\u00e9 &#8211; Un cadre de prise en charge adaptable aux besoins d\u2019autonomie des jeunes &#8211; Un dispositif structur\u00e9 favorisant l\u2019ind\u00e9pendance et la [&hellip;]<\/p>\n","protected":false},"author":1,"featured_media":0,"comment_status":"closed","ping_status":"closed","sticky":false,"template":"","format":"standard","meta":{"iawp_total_views":1,"footnotes":""},"categories":[10,28,4,27,14,9,46,48,47,17],"tags":[],"class_list":["post-852","post","type-post","status-publish","format-standard","hentry","category-amenagement-environnement","category-autonomie-et-responsabilisation","category-besoins","category-besoins-daccomplissement","category-besoins-dappartenance","category-besoins-de-securite","category-fiches-outils","category-fiches-outils-pour-les-aidants-proches","category-fiches-outils-pour-les-professionnels","category-inclusion-sociale-et-reseau-sociaux"],"_links":{"self":[{"href":"https:\/\/api-lux.be\/index.php\/wp-json\/wp\/v2\/posts\/852","targetHints":{"allow":["GET"]}}],"collection":[{"href":"https:\/\/api-lux.be\/index.php\/wp-json\/wp\/v2\/posts"}],"about":[{"href":"https:\/\/api-lux.be\/index.php\/wp-json\/wp\/v2\/types\/post"}],"author":[{"embeddable":true,"href":"https:\/\/api-lux.be\/index.php\/wp-json\/wp\/v2\/users\/1"}],"replies":[{"embeddable":true,"href":"https:\/\/api-lux.be\/index.php\/wp-json\/wp\/v2\/comments?post=852"}],"version-history":[{"count":8,"href":"https:\/\/api-lux.be\/index.php\/wp-json\/wp\/v2\/posts\/852\/revisions"}],"predecessor-version":[{"id":7773,"href":"https:\/\/api-lux.be\/index.php\/wp-json\/wp\/v2\/posts\/852\/revisions\/7773"}],"wp:attachment":[{"href":"https:\/\/api-lux.be\/index.php\/wp-json\/wp\/v2\/media?parent=852"}],"wp:term":[{"taxonomy":"category","embeddable":true,"href":"https:\/\/api-lux.be\/index.php\/wp-json\/wp\/v2\/categories?post=852"},{"taxonomy":"post_tag","embeddable":true,"href":"https:\/\/api-lux.be\/index.php\/wp-json\/wp\/v2\/tags?post=852"}],"curies":[{"name":"wp","href":"https:\/\/api.w.org\/{rel}","templated":true}]}}