{"id":851,"date":"2025-02-14T11:36:55","date_gmt":"2025-02-14T10:36:55","guid":{"rendered":"http:\/\/localhost\/mdi_w\/?p=851"},"modified":"2025-07-01T14:36:02","modified_gmt":"2025-07-01T12:36:02","slug":"one-shot","status":"publish","type":"post","link":"https:\/\/api-lux.be\/index.php\/2025\/02\/14\/one-shot\/","title":{"rendered":"ONE-SHOT"},"content":{"rendered":"\n<div class=\"wp-block-columns is-layout-flex wp-container-core-columns-is-layout-9d6595d7 wp-block-columns-is-layout-flex\">\n<div class=\"wp-block-column is-layout-flow wp-block-column-is-layout-flow\">\n<figure class=\"wp-block-image size-full\"><img decoding=\"async\" src=\"https:\/\/api-lux.be\/wp-content\/uploads\/2025\/02\/one_shot.jpg\" alt=\" \" class=\"wp-image-202\"\/><\/figure>\n<\/div>\n\n\n\n<div class=\"wp-block-column is-layout-flow wp-block-column-is-layout-flow\">\n<p>\ud83e\ude84<strong> Accompagner vers plus d\u2019autonomie et cultiver la singularit\u00e9<\/strong> &#8211; Un outil d\u2019accompagnement individualis\u00e9 pour ma\u00eetriser des comp\u00e9tences pratiques essentielles.<\/p>\n\n\n\n<!--more-->\n\n\n\n<h2 class=\"wp-block-heading\">Age cible (pour qui)<\/h2>\n\n\n\n<p><b> Tous <\/b><\/p>\n<\/div>\n<\/div>\n\n\n\n<h2 class=\"wp-block-heading\">Descriptif de l&rsquo;outil<\/h2>\n\n\n\n<p>\ud83d\udd0d Il s\u2019agit d\u2019une m\u00e9thode d\u2019accompagnement <strong>individualis\u00e9<\/strong>, pens\u00e9e pour aider un enfant ou un jeune \u00e0 <strong>ma\u00eetriser une comp\u00e9tence pr\u00e9cise<\/strong> qu\u2019il souhaite acqu\u00e9rir pour devenir plus autonome.<br>\u270b L\u2019intervention est <strong>ponctuelle, cibl\u00e9e et structur\u00e9e<\/strong> autour de situations concr\u00e8tes du quotidien.<\/p>\n\n\n\n<p>\ud83e\udde0 Elle repose sur <strong>des d\u00e9monstrations, des mises en situation r\u00e9elles et un suivi actif<\/strong>, pour favoriser une int\u00e9gration rapide et durable des apprentissages.<\/p>\n\n\n\n<p>\ud83d\udc5f <em>Exemple concret<\/em> :<br>\u27a1\ufe0f Si un jeune souhaite apprendre \u00e0 <strong>prendre le bus<\/strong>, l\u2019accompagnement pourra inclure les \u00e9tapes suivantes :<\/p>\n\n\n\n<ul class=\"wp-block-list\">\n<li>\ud83d\udccd D\u00e9couvrir l\u2019organisation des lignes de bus et lire un horaire.<\/li>\n\n\n\n<li>\ud83c\udf10 Utiliser une carte ou Google Maps pour visualiser le trajet.<\/li>\n\n\n\n<li>\ud83d\ude8d Faire une premi\u00e8re exp\u00e9rience accompagn\u00e9e pour l\u2019aider \u00e0 construire <strong>des rep\u00e8res visuels et sensoriels fiables<\/strong>.<\/li>\n\n\n\n<li>\ud83d\udde3\ufe0f Observer ses r\u00e9actions en direct, rep\u00e9rer ses freins ou zones d\u2019inconfort, et proposer <strong>des strat\u00e9gies adapt\u00e9es<\/strong> (ex. : se parler int\u00e9rieurement, noter les arr\u00eats cl\u00e9s, etc.).<\/li>\n\n\n\n<li>\ud83d\udd01 R\u00e9p\u00e9ter la d\u00e9marche plusieurs fois si n\u00e9cessaire, en adaptant le niveau de soutien.<\/li>\n\n\n\n<li>\ud83e\uddf7 Lors de la seconde tentative, on peut par exemple attendre le jeune \u00e0 l\u2019arr\u00eat d\u2019arriv\u00e9e pour renforcer sa s\u00e9curit\u00e9 affective.<\/li>\n<\/ul>\n\n\n\n<p>\ud83c\udfaf Cet accompagnement s\u2019appuie sur ce que le jeune <strong>exprime de ses besoins<\/strong>, afin de construire avec lui <strong>des s\u00e9quences progressives, rassurantes et mobilisantes<\/strong>.<br><\/p>\n\n\n\n<div class=\"wp-block-columns is-layout-flex wp-container-core-columns-is-layout-9d6595d7 wp-block-columns-is-layout-flex\">\n<div class=\"wp-block-column is-layout-flow wp-block-column-is-layout-flow\">\n<h2 class=\"wp-block-heading\">Liens utiles:<\/h2>\n\n\n\n<p>\ud83d\udc1d <strong>LES AUTRES FICHES OUTILS API-LUX &#8211; COMPL\u00c9MENTAIRES &#8211; R\u00c9COLT\u00c9ES AUPR\u00c8S DES PROFESSIONNELS :<\/strong><\/p>\n\n\n\n<ul class=\"wp-block-list\">\n<li><a href=\"https:\/\/api-lux.be\/index.php\/2025\/03\/13\/jose-prendre-le-train-le-guide\/\" target=\"_blank\" rel=\"noreferrer noopener\">Aider \u00e0 prendre le train<\/a><br><\/li>\n\n\n\n<li><a href=\"https:\/\/apilux.be\/index.php\/2025\/02\/14\/apprendre-a-gerer-son-budget\/\" target=\"_blank\" rel=\"noreferrer noopener\">Apprendre \u00e0 g\u00e9rer son budget<\/a><br><br><br><\/li>\n<\/ul>\n<\/div>\n\n\n\n<div class=\"wp-block-column is-layout-flow wp-block-column-is-layout-flow\">\n<h2 class=\"wp-block-heading\">Objectif(s) d&rsquo;utilisation<\/h2>\n\n\n\n<p>\ud83d\udca1 <strong>Favoriser l\u2019autonomie<\/strong> : rendre le jeune capable de g\u00e9rer seul des situations concr\u00e8tes du quotidien.<br>\ud83d\udcac <strong>Renforcer la confiance en soi<\/strong> : par l\u2019acquisition de comp\u00e9tences imm\u00e9diatement utiles et valorisantes.<br><br>\ud83d\udee0\ufe0f Chaque s\u00e9ance vise un <strong>objectif clair et op\u00e9rationnel<\/strong>, en lien direct avec <strong>les besoins exprim\u00e9s<\/strong> par le jeune.<\/p>\n<\/div>\n<\/div>\n\n\n\n<div class=\"wp-block-columns is-layout-flex wp-container-core-columns-is-layout-9d6595d7 wp-block-columns-is-layout-flex\">\n<div class=\"wp-block-column is-layout-flow wp-block-column-is-layout-flow\">\n<h2 class=\"wp-block-heading\">Variantes &#8211; am\u00e9nagement<\/h2>\n\n\n\n<p>\ud83d\uddfa\ufe0f S\u2019orienter dans une ville \u00e0 l\u2019aide d\u2019une carte ou d\u2019une application mobile.<br>\ud83d\ude86 Apprendre \u00e0 utiliser les transports en commun<br>\ud83d\udde3\ufe0f Pr\u00e9parer un entretien, une prise de parole ou une pr\u00e9sentation publique.<br>\ud83d\uded2 Effectuer un achat en autonomie, en magasin ou en ligne.<\/p>\n<\/div>\n<\/div>\n\n\n\n<p>Des outils \u00e0 nous partager ?&nbsp;<a href=\"https:\/\/api-lux.be\/index.php\/contact\/\">Cliquez ici<\/a><\/p>\n","protected":false},"excerpt":{"rendered":"<p>\ud83e\ude84 Accompagner vers plus d\u2019autonomie et cultiver la singularit\u00e9 &#8211; Un outil d\u2019accompagnement individualis\u00e9 pour ma\u00eetriser des comp\u00e9tences pratiques essentielles.<\/p>\n","protected":false},"author":1,"featured_media":0,"comment_status":"closed","ping_status":"closed","sticky":false,"template":"","format":"standard","meta":{"iawp_total_views":1,"footnotes":""},"categories":[28,4,27,48,47],"tags":[],"class_list":["post-851","post","type-post","status-publish","format-standard","hentry","category-autonomie-et-responsabilisation","category-besoins","category-besoins-daccomplissement","category-fiches-outils-pour-les-aidants-proches","category-fiches-outils-pour-les-professionnels"],"_links":{"self":[{"href":"https:\/\/api-lux.be\/index.php\/wp-json\/wp\/v2\/posts\/851","targetHints":{"allow":["GET"]}}],"collection":[{"href":"https:\/\/api-lux.be\/index.php\/wp-json\/wp\/v2\/posts"}],"about":[{"href":"https:\/\/api-lux.be\/index.php\/wp-json\/wp\/v2\/types\/post"}],"author":[{"embeddable":true,"href":"https:\/\/api-lux.be\/index.php\/wp-json\/wp\/v2\/users\/1"}],"replies":[{"embeddable":true,"href":"https:\/\/api-lux.be\/index.php\/wp-json\/wp\/v2\/comments?post=851"}],"version-history":[{"count":10,"href":"https:\/\/api-lux.be\/index.php\/wp-json\/wp\/v2\/posts\/851\/revisions"}],"predecessor-version":[{"id":7772,"href":"https:\/\/api-lux.be\/index.php\/wp-json\/wp\/v2\/posts\/851\/revisions\/7772"}],"wp:attachment":[{"href":"https:\/\/api-lux.be\/index.php\/wp-json\/wp\/v2\/media?parent=851"}],"wp:term":[{"taxonomy":"category","embeddable":true,"href":"https:\/\/api-lux.be\/index.php\/wp-json\/wp\/v2\/categories?post=851"},{"taxonomy":"post_tag","embeddable":true,"href":"https:\/\/api-lux.be\/index.php\/wp-json\/wp\/v2\/tags?post=851"}],"curies":[{"name":"wp","href":"https:\/\/api.w.org\/{rel}","templated":true}]}}