{"id":8461,"date":"2025-11-24T09:28:10","date_gmt":"2025-11-24T08:28:10","guid":{"rendered":"https:\/\/api-lux.be\/?p=8461"},"modified":"2025-11-24T09:28:10","modified_gmt":"2025-11-24T08:28:10","slug":"smap-lux-plateforme-repertoire-et-outils-dorientation-en-sante-mentale","status":"publish","type":"post","link":"https:\/\/api-lux.be\/index.php\/2025\/11\/24\/smap-lux-plateforme-repertoire-et-outils-dorientation-en-sante-mentale\/","title":{"rendered":"SMap-Lux \u2014 Plateforme: r\u00e9pertoire et outils d\u2019orientation en sant\u00e9 mentale"},"content":{"rendered":"\n<div class=\"wp-block-columns is-layout-flex wp-container-core-columns-is-layout-9d6595d7 wp-block-columns-is-layout-flex\">\n<div class=\"wp-block-column is-layout-flow wp-block-column-is-layout-flow\"><div class=\"wp-block-image\">\n<figure class=\"aligncenter size-full\"><img loading=\"lazy\" decoding=\"async\" width=\"232\" height=\"217\" src=\"https:\/\/api-lux.be\/wp-content\/uploads\/2025\/11\/download.jpeg\" alt=\"\" class=\"wp-image-8462\"\/><\/figure>\n<\/div><\/div>\n\n\n\n<div class=\"wp-block-column is-layout-flow wp-block-column-is-layout-flow\">\n<p>\ud83c\udf10 Plateforme num\u00e9rique simple et accessible permettant de s\u2019orienter dans les services de sant\u00e9 mentale en province de Luxembourg.<br>\ud83e\udded Elle offre un r\u00e9pertoire clair et des outils d\u2019aide \u00e0 l\u2019orientation pour les usagers, proches et professionnels.<\/p>\n\n\n\n<h2 class=\"wp-block-heading\">Age cible (pour qui)<\/h2>\n\n\n\n<p>Toute personne adulte (usager, proche ou professionnel) en situation de vuln\u00e9rabilit\u00e9 psychique dans la province de Luxembourg<\/p>\n<\/div>\n<\/div>\n\n\n\n<h2 class=\"wp-block-heading\">Descriptif de l&rsquo;outil<\/h2>\n\n\n\n<p>\u2022 \u270f\ufe0f <strong>Initiative :<\/strong> SMap-Lux est port\u00e9 par <strong><a href=\"https:\/\/www.relais-social-luxembourg.be\">RSLux<\/a><\/strong> et <strong><a href=\"https:\/\/www.reseau-proxirelux.be\">Proxir\u00e9lux<\/a><\/strong>,<br>avec le soutien de <strong>CapZen<\/strong>, du <strong>comit\u00e9 usagers-proches<\/strong>, du <strong>210 asbl<\/strong>, du <strong>SISD-Lux<\/strong>, des <strong>\u00e9quipes mobiles Diapazon<\/strong>, et de la <strong>Fondation Roi Baudouin<\/strong>.<\/p>\n\n\n\n<p>\u2022 \ud83d\udd0d <strong>Fonctionnement :<\/strong> La plateforme propose un <strong>questionnaire d\u2019orientation<\/strong> structur\u00e9 en plusieurs \u00e9tapes. Les r\u00e9ponses permettent de guider l\u2019utilisateur vers les services les plus pertinents selon la situation rencontr\u00e9e.<\/p>\n\n\n\n<p>\u2022 \ud83d\uddc2\ufe0f <strong>Ce que l\u2019on y trouve :<\/strong><br>\u2013 Un <strong>r\u00e9pertoire complet<\/strong> des services psycho-m\u00e9dico-sociaux en province de Luxembourg (aide, soins, \u00e9coute, accompagnement social, services sp\u00e9cialis\u00e9s\u2026).<br>\u2013 Des <strong>outils d\u2019aide \u00e0 l\u2019orientation<\/strong> permettant de clarifier les besoins, de rep\u00e9rer le type de service ad\u00e9quat et de visualiser les ressources disponibles selon la localisation ou la probl\u00e9matique.<\/p>\n\n\n\n<p>\u2022 \ud83c\udd93 <strong>Accessibilit\u00e9 :<\/strong> Outil totalement <strong>gratuit<\/strong>, disponible en ligne sans inscription.<\/p>\n\n\n\n<p>\u2022 \ud83e\udde0 <strong>Exemples d\u2019utilisation :<\/strong><br>\u2013 Pour un professionnel de 1re ligne (AMO, CPAS\u2026) qui doit orienter rapidement une personne en difficult\u00e9 psychique.<br>\u2013 Pour un proche cherchant un service d\u2019\u00e9coute, de soutien ou une aide sp\u00e9cialis\u00e9e.<br>\u2013 Pour un usager souhaitant comprendre \u00ab vers qui se tourner \u00bb sans devoir consulter un grand nombre de sites.<\/p>\n\n\n\n<p><strong>Points d\u2019attention :<\/strong><br>\u2022 \u2757 L\u2019outil <strong>oriente<\/strong>, mais <strong>ne pose pas de diagnostic<\/strong>.<br>\u2022 \u2757 Certaines r\u00e9ponses n\u00e9cessitent une reformulation ou un accompagnement pour les personnes peu \u00e0 l\u2019aise avec le num\u00e9rique.<br>\u2022 \u2757 Les disponibilit\u00e9s des services peuvent varier : v\u00e9rifier les conditions propres \u00e0 chaque structure.<\/p>\n\n\n\n<div class=\"wp-block-columns is-layout-flex wp-container-core-columns-is-layout-9d6595d7 wp-block-columns-is-layout-flex\">\n<div class=\"wp-block-column is-layout-flow wp-block-column-is-layout-flow\">\n<h2 class=\"wp-block-heading\">Objectif(s) d&rsquo;utilisation<\/h2>\n\n\n\n<p>\u2022 \ud83e\udded <strong>Orienter clairement<\/strong> les usagers et proches dans l\u2019offre psycho-m\u00e9dico-sociale locale.<br>\u2022 \ud83d\uddc2\ufe0f <strong>Structurer les informations<\/strong> pour rendre lisible un r\u00e9seau souvent complexe.<br>\u2022 \ud83e\udd1d <strong>Soutenir les professionnels<\/strong> dans leurs d\u00e9marches d\u2019accompagnement et d\u2019orientation.<br>\u2022 \ud83d\udc41\ufe0f\u200d\ud83d\udde8\ufe0f <strong>Rendre visible<\/strong> les ressources disponibles sur le territoire.<br>\u2022 \ud83d\udccd <strong>Faciliter l\u2019acc\u00e8s<\/strong> \u00e0 des services adapt\u00e9s \u00e0 la situation, au lieu de vie et aux besoins identifi\u00e9s.<\/p>\n<\/div>\n\n\n\n<div class=\"wp-block-column is-layout-flow wp-block-column-is-layout-flow\">\n<h2 class=\"wp-block-heading\">Liens utiles<\/h2>\n\n\n\n<p>\ud83c\udf0d <strong>Acc\u00e9dez au <a href=\"https:\/\/smap-lux.be\">site officiel <\/a>pour d\u00e9couvrir l\u2019ensemble des outils et ressources associ\u00e9es.<\/strong><\/p>\n<\/div>\n<\/div>\n\n\n\n<div class=\"wp-block-columns is-layout-flex wp-container-core-columns-is-layout-9d6595d7 wp-block-columns-is-layout-flex\">\n<div class=\"wp-block-column is-layout-flow wp-block-column-is-layout-flow\"><\/div>\n\n\n\n<div class=\"wp-block-column is-layout-flow wp-block-column-is-layout-flow\"><\/div>\n<\/div>\n\n\n\n<p>Des outils \u00e0 nous partager ? <a href=\"https:\/\/api-lux.be\/index.php\/contact\/\">Cliquez ici<\/a><\/p>\n","protected":false},"excerpt":{"rendered":"<p>\ud83c\udf10 Plateforme num\u00e9rique simple et accessible permettant de s\u2019orienter dans les services de sant\u00e9 mentale en province de Luxembourg.\ud83e\udded Elle offre un r\u00e9pertoire clair et des outils d\u2019aide \u00e0 l\u2019orientation [&hellip;]<\/p>\n","protected":false},"author":2,"featured_media":0,"comment_status":"closed","ping_status":"closed","sticky":false,"template":"","format":"standard","meta":{"iawp_total_views":48,"footnotes":""},"categories":[4,14,5,46,48,47,17,7],"tags":[],"class_list":["post-8461","post","type-post","status-publish","format-standard","hentry","category-besoins","category-besoins-dappartenance","category-besoins-physiologiques","category-fiches-outils","category-fiches-outils-pour-les-aidants-proches","category-fiches-outils-pour-les-professionnels","category-inclusion-sociale-et-reseau-sociaux","category-soin-pistes-et-outils-professionnels"],"_links":{"self":[{"href":"https:\/\/api-lux.be\/index.php\/wp-json\/wp\/v2\/posts\/8461","targetHints":{"allow":["GET"]}}],"collection":[{"href":"https:\/\/api-lux.be\/index.php\/wp-json\/wp\/v2\/posts"}],"about":[{"href":"https:\/\/api-lux.be\/index.php\/wp-json\/wp\/v2\/types\/post"}],"author":[{"embeddable":true,"href":"https:\/\/api-lux.be\/index.php\/wp-json\/wp\/v2\/users\/2"}],"replies":[{"embeddable":true,"href":"https:\/\/api-lux.be\/index.php\/wp-json\/wp\/v2\/comments?post=8461"}],"version-history":[{"count":1,"href":"https:\/\/api-lux.be\/index.php\/wp-json\/wp\/v2\/posts\/8461\/revisions"}],"predecessor-version":[{"id":8463,"href":"https:\/\/api-lux.be\/index.php\/wp-json\/wp\/v2\/posts\/8461\/revisions\/8463"}],"wp:attachment":[{"href":"https:\/\/api-lux.be\/index.php\/wp-json\/wp\/v2\/media?parent=8461"}],"wp:term":[{"taxonomy":"category","embeddable":true,"href":"https:\/\/api-lux.be\/index.php\/wp-json\/wp\/v2\/categories?post=8461"},{"taxonomy":"post_tag","embeddable":true,"href":"https:\/\/api-lux.be\/index.php\/wp-json\/wp\/v2\/tags?post=8461"}],"curies":[{"name":"wp","href":"https:\/\/api.w.org\/{rel}","templated":true}]}}