{"id":846,"date":"2025-02-14T11:36:55","date_gmt":"2025-02-14T10:36:55","guid":{"rendered":"http:\/\/localhost\/mdi_w\/?p=846"},"modified":"2025-07-01T14:34:22","modified_gmt":"2025-07-01T12:34:22","slug":"dictionnaire-eureka","status":"publish","type":"post","link":"https:\/\/api-lux.be\/index.php\/2025\/02\/14\/dictionnaire-eureka\/","title":{"rendered":"Mat\u00e9riel scolaire &#8211; Dictionnaire Eur\u00eaka"},"content":{"rendered":"\n<div class=\"wp-block-columns is-layout-flex wp-container-core-columns-is-layout-9d6595d7 wp-block-columns-is-layout-flex\">\n<div class=\"wp-block-column is-vertically-aligned-center is-layout-flow wp-block-column-is-layout-flow\"><div class=\"wp-block-image\">\n<figure class=\"aligncenter size-full is-resized\"><img decoding=\"async\" src=\"https:\/\/api-lux.be\/wp-content\/uploads\/2025\/02\/eureka.jpg\" alt=\" \" class=\"wp-image-202\" style=\"width:226px;height:auto\"\/><\/figure>\n<\/div><\/div>\n\n\n\n<div class=\"wp-block-column is-layout-flow wp-block-column-is-layout-flow\">\n<p>\ud83d\udcda <strong>Am\u00e9nagement scolaire<\/strong> &#8211; Un dictionnaire clair et accessible, id\u00e9al pour les enfants et jeunes ayant des besoins sp\u00e9cifiques, afin de faciliter compr\u00e9hension, vocabulaire et expression.<\/p>\n\n\n\n<!--more-->\n\n\n\n<h2 class=\"wp-block-heading\">\u00c2ge cible<\/h2>\n\n\n\n<p>\u00c0 partir de 7 ans.<\/p>\n<\/div>\n<\/div>\n\n\n\n<h2 class=\"wp-block-heading\">Descriptif de l&rsquo;outil<\/h2>\n\n\n\n<p><strong>Eur\u00eaka<\/strong> est un dictionnaire p\u00e9dagogique con\u00e7u pour faciliter la compr\u00e9hension et l\u2019utilisation de la langue fran\u00e7aise. Il propose :<\/p>\n\n\n\n<ul class=\"wp-block-list\">\n<li>\ud83d\udcda <strong>D\u00e9finitions simplifi\u00e9es<\/strong> : les mots sont expliqu\u00e9s avec des formulations claires et accessibles, adapt\u00e9es aux enfants et aux apprenants en difficult\u00e9 de langage ou de lecture.<\/li>\n\n\n\n<li>\ud83d\udca1 <strong>Exemples concrets<\/strong> : chaque mot est illustr\u00e9 par des phrases d\u2019exemple, facilitant ainsi sa mise en contexte et sa m\u00e9morisation.<\/li>\n\n\n\n<li>\ud83c\udf93 <strong>Ressource p\u00e9dagogique<\/strong> : ce dictionnaire est un outil pr\u00e9cieux pour enrichir son vocabulaire, structurer sa pens\u00e9e et d\u00e9velopper son autonomie langagi\u00e8re.<\/li>\n\n\n\n<li>\ud83d\udcd6 <strong>Accessibilit\u00e9 multiple<\/strong> : disponible en version papier (librairie, biblioth\u00e8que) et en ligne, ce qui permet de le consulter selon les pr\u00e9f\u00e9rences et les besoins.<\/li>\n<\/ul>\n\n\n\n<h2 class=\"wp-block-heading\">\ud83c\udf1f Pourquoi cet outil est-il adapt\u00e9 aux enfants \u00e0 besoins particuliers ?<\/h2>\n\n\n\n<p>\u2714\ufe0f <strong>Simplicit\u00e9 des d\u00e9finitions<\/strong> : les explications courtes et limpides limitent la surcharge cognitive, ce qui est essentiel pour les enfants ayant des troubles de l\u2019apprentissage (dyslexie, dysphasie\u2026) ou des difficult\u00e9s de compr\u00e9hension.<\/p>\n\n\n\n<p>\u2714\ufe0f <strong>Exemples contextualis\u00e9s<\/strong> : pour les jeunes ayant un trouble du langage ou des difficult\u00e9s d\u2019abstraction, les exemples concrets facilitent l\u2019appropriation du sens et l\u2019utilisation du mot dans la vie quotidienne.<\/p>\n\n\n\n<p>\u2714\ufe0f <strong>Organisation claire et pr\u00e9visible<\/strong> : le format structur\u00e9 et r\u00e9p\u00e9titif des d\u00e9finitions rassure les enfants ayant besoin d\u2019un cadre stable pour apprendre (TSA, TDA\/H\u2026).<\/p>\n\n\n\n<p>\u2714\ufe0f <strong>Ressource progressive et valorisante<\/strong> : permet de travailler \u00e0 son rythme, en d\u00e9couvrant un mot \u00e0 la fois, et de renforcer l\u2019estime de soi par de petites r\u00e9ussites quotidiennes.<\/p>\n\n\n\n<p>\u2714\ufe0f <strong>Facilement int\u00e9grable dans des ateliers diff\u00e9renci\u00e9s<\/strong> : Eur\u00eaka peut \u00eatre utilis\u00e9 dans des groupes h\u00e9t\u00e9rog\u00e8nes, en adaptant les consignes et en personnalisant les mots choisis selon les besoins.<\/p>\n\n\n\n<p><strong>Prix indicatif (janvier 2025)<\/strong> : 18,90 \u20ac<br>\ud83d\udccc Disponible en librairie, en pr\u00eat dans certaines biblioth\u00e8ques ou en vente en ligne.<\/p>\n\n\n\n<div class=\"wp-block-columns is-layout-flex wp-container-core-columns-is-layout-9d6595d7 wp-block-columns-is-layout-flex\">\n<div class=\"wp-block-column is-layout-flow wp-block-column-is-layout-flow\">\n<h2 class=\"wp-block-heading\">Objectif(s) d&rsquo;utilisation<\/h2>\n\n\n\n<p>\ud83e\udde0 <strong>Faciliter l\u2019acc\u00e8s au sens des mots<\/strong> et favoriser la compr\u00e9hension.<\/p>\n\n\n\n<p>\ud83d\udcd6 <strong>Enrichir le vocabulaire actif et passif<\/strong> des enfants et adolescents.<\/p>\n\n\n\n<p>\u270d\ufe0f <strong>Am\u00e9liorer l\u2019expression \u00e9crite et orale<\/strong> gr\u00e2ce \u00e0 des exemples d\u2019utilisation.<\/p>\n\n\n\n<p>\ud83c\udfaf <strong>Soutenir les apprentissages langagiers<\/strong> dans une approche bienveillante et progressive.<\/p>\n<\/div>\n\n\n\n<div class=\"wp-block-column is-layout-flow wp-block-column-is-layout-flow\">\n<h2 class=\"wp-block-heading\">Variantes &#8211; am\u00e9nagement<\/h2>\n\n\n\n<p>\ud83d\udcda En classe : Int\u00e9grer Eur\u00eaka aux ateliers de lecture et d\u2019\u00e9criture.<\/p>\n\n\n\n<p>\ud83c\udfe1 \u00c0 la maison : Encourager les enfants \u00e0 d\u00e9couvrir un mot par jour et \u00e0 l&rsquo;utiliser dans une phrase.<\/p>\n\n\n\n<p>\ud83d\udcd6 En biblioth\u00e8que : Organiser des d\u00e9fis de recherche de mots avec des r\u00e9compenses \u00e9ducatives.<br><\/p>\n<\/div>\n<\/div>\n\n\n\n<div class=\"wp-block-columns is-layout-flex wp-container-core-columns-is-layout-9d6595d7 wp-block-columns-is-layout-flex\">\n<div class=\"wp-block-column is-layout-flow wp-block-column-is-layout-flow\">\n<h2 class=\"wp-block-heading\">Liens utiles<\/h2>\n\n\n\n<p>\ud83d\udecd\ufe0f <strong>SITE DE VENTE<\/strong> EN LIGNE (amazon): <a href=\"https:\/\/is.gd\/iZvpQI\" target=\"_blank\" rel=\"noreferrer noopener\">https:\/\/is.gd\/iZvpQI<\/a><br><em>Les liens vers les sites propos\u00e9s sont fournis \u00e0 titre indicatif et ne constituent en aucun cas une recommandation publicitaire. De nombreux mat\u00e9riaux et \u00e9quipements similaires peuvent \u00eatre trouv\u00e9s dans les magasins de proximit\u00e9 et les enseignes discount.<\/em><\/p>\n\n\n\n<p>\ud83d\udcd6 <strong><a href=\"https:\/\/www.vanin.be\/fr\/methodes\/fondamental\/francais\/eureka\/\" target=\"_blank\" rel=\"noreferrer noopener\">PR\u00c9SENTATION DE LA GAMME<\/a> <\/strong><\/p>\n\n\n\n<p>\ud83c\udfa5 <strong>VID\u00c9O Youtube <\/strong><em>de pr\u00e9sentation (0:59) &#8211; \u00c9ditions VAN IN &#8211; DE BOECK &#8211; <a href=\"https:\/\/www.youtube.com\/watch?v=X8MESutrlnY\" target=\"_blank\" rel=\"noreferrer noopener\">La nouvelle \u00e9dition d&rsquo;Eur\u00eaka !<\/a><\/em><\/p>\n<\/div>\n<\/div>\n\n\n\n<p>Des outils \u00e0 nous partager ?&nbsp;<a href=\"https:\/\/api-lux.be\/index.php\/contact\/\">Cliquez ici<\/a><\/p>\n","protected":false},"excerpt":{"rendered":"<p>\ud83d\udcda Am\u00e9nagement scolaire &#8211; Un dictionnaire clair et accessible, id\u00e9al pour les enfants et jeunes ayant des besoins sp\u00e9cifiques, afin de faciliter compr\u00e9hension, vocabulaire et expression.<\/p>\n","protected":false},"author":1,"featured_media":0,"comment_status":"closed","ping_status":"closed","sticky":false,"template":"","format":"standard","meta":{"iawp_total_views":0,"footnotes":""},"categories":[24,4,22,46,47,25,26],"tags":[],"class_list":["post-846","post","type-post","status-publish","format-standard","hentry","category-adaptation-des-apprentissages","category-besoins","category-besoins-cognitifs","category-fiches-outils","category-fiches-outils-pour-les-professionnels","category-materiel-specifique","category-outils-pedagogiques-pour-les-pro"],"_links":{"self":[{"href":"https:\/\/api-lux.be\/index.php\/wp-json\/wp\/v2\/posts\/846","targetHints":{"allow":["GET"]}}],"collection":[{"href":"https:\/\/api-lux.be\/index.php\/wp-json\/wp\/v2\/posts"}],"about":[{"href":"https:\/\/api-lux.be\/index.php\/wp-json\/wp\/v2\/types\/post"}],"author":[{"embeddable":true,"href":"https:\/\/api-lux.be\/index.php\/wp-json\/wp\/v2\/users\/1"}],"replies":[{"embeddable":true,"href":"https:\/\/api-lux.be\/index.php\/wp-json\/wp\/v2\/comments?post=846"}],"version-history":[{"count":8,"href":"https:\/\/api-lux.be\/index.php\/wp-json\/wp\/v2\/posts\/846\/revisions"}],"predecessor-version":[{"id":7767,"href":"https:\/\/api-lux.be\/index.php\/wp-json\/wp\/v2\/posts\/846\/revisions\/7767"}],"wp:attachment":[{"href":"https:\/\/api-lux.be\/index.php\/wp-json\/wp\/v2\/media?parent=846"}],"wp:term":[{"taxonomy":"category","embeddable":true,"href":"https:\/\/api-lux.be\/index.php\/wp-json\/wp\/v2\/categories?post=846"},{"taxonomy":"post_tag","embeddable":true,"href":"https:\/\/api-lux.be\/index.php\/wp-json\/wp\/v2\/tags?post=846"}],"curies":[{"name":"wp","href":"https:\/\/api.w.org\/{rel}","templated":true}]}}