{"id":845,"date":"2025-02-14T11:36:55","date_gmt":"2025-02-14T10:36:55","guid":{"rendered":"http:\/\/localhost\/mdi_w\/?p=845"},"modified":"2025-07-01T14:34:02","modified_gmt":"2025-07-01T12:34:02","slug":"grid","status":"publish","type":"post","link":"https:\/\/api-lux.be\/index.php\/2025\/02\/14\/grid\/","title":{"rendered":"Logiciel: GRID"},"content":{"rendered":"\n<div class=\"wp-block-columns is-layout-flex wp-container-core-columns-is-layout-9d6595d7 wp-block-columns-is-layout-flex\">\n<div class=\"wp-block-column is-vertically-aligned-center is-layout-flow wp-block-column-is-layout-flow\"><div class=\"wp-block-image\">\n<figure class=\"aligncenter size-full\"><img decoding=\"async\" src=\"https:\/\/api-lux.be\/wp-content\/uploads\/2025\/02\/grid.jpg\" alt=\" \" class=\"wp-image-202\"\/><\/figure>\n<\/div><\/div>\n\n\n\n<div class=\"wp-block-column is-layout-flow wp-block-column-is-layout-flow\">\n<p>\ud83d\udde3\ufe0f <strong>COMMUNICATION:<\/strong> Logiciel de Communication Alternative et Augment\u00e9e: Un outil facilitant l&rsquo;expression et l&rsquo;autonomie des personnes ayant des difficult\u00e9s de communication.<\/p>\n\n\n\n<!--more-->\n\n\n\n<h2 class=\"wp-block-heading\">\u00c2ge cible<\/h2>\n\n\n\n<p>Tout \u00e2ge.<\/p>\n<\/div>\n<\/div>\n\n\n\n<h2 class=\"wp-block-heading\">Descriptif de l&rsquo;outil<\/h2>\n\n\n\n<p>\ud83d\udcbb <strong>C&rsquo;est une plateforme de communication alternative et augment\u00e9e<\/strong>, installable sur tablette ou ordinateur, permettant \u00e0 l&rsquo;utilisateur de communiquer \u00e0 travers des <strong>pictogrammes<\/strong>, du <strong>texte<\/strong> ou de la <strong>voix<\/strong>.<\/p>\n\n\n\n<p>\ud83d\udc76 <strong>Ce logiciel s&rsquo;adapte particuli\u00e8rement aux jeunes enfants<\/strong> ; ceux ayant des difficult\u00e9s \u00e0 communiquer verbalement \ud83d\udde3\ufe0f, mais aussi ceux n\u00e9cessitant un soutien pour d\u00e9velopper leurs <strong>comp\u00e9tences sociales<\/strong> et <strong>relationnelles<\/strong>.<\/p>\n\n\n\n<p>\ud83c\udf10 <strong>GRID offre aussi des fonctionnalit\u00e9s d\u2019acc\u00e8s \u00e0 des outils num\u00e9riques adapt\u00e9s<\/strong>, permettant une gestion simplifi\u00e9e de l\u2019environnement \ud83c\udfe0, y compris des options de <strong>contr\u00f4le domotique<\/strong> \ud83d\udd27.<\/p>\n\n\n\n<p>\ud83c\udf1f <strong>Exemples pratiques d&rsquo;am\u00e9nagements<\/strong><\/p>\n\n\n\n<ul class=\"wp-block-list\">\n<li>En milieu scolaire \ud83d\udcda : Mettre en place des exercices de lecture interactive avec des pictogrammes.<\/li>\n\n\n\n<li>En famille \ud83d\udc68\u200d\ud83d\udc69\u200d\ud83d\udc66 : Utiliser GRID pour \u00e9tablir une routine quotidienne visuelle.<\/li>\n\n\n\n<li>En centre de soins \u267f\ufe0f : Associer GRID \u00e0 des outils de r\u00e9\u00e9ducation cognitive pour stimuler le langage.<\/li>\n<\/ul>\n\n\n\n<div class=\"wp-block-columns is-layout-flex wp-container-core-columns-is-layout-9d6595d7 wp-block-columns-is-layout-flex\">\n<div class=\"wp-block-column is-layout-flow wp-block-column-is-layout-flow\">\n<h2 class=\"wp-block-heading\">Objectif(s) d&rsquo;utilisation<\/h2>\n\n\n\n<p><strong>Ce que l&rsquo;on souhaite atteindre avec GRID<\/strong>:<\/p>\n\n\n\n<ul class=\"wp-block-list\">\n<li>\ud83c\udf1f <strong>Autonomie<\/strong> : Aider les utilisateurs \u00e0 g\u00e9rer leurs interactions et leur environnement de mani\u00e8re plus ind\u00e9pendante.<\/li>\n\n\n\n<li>\ud83d\udcac <strong>Communication<\/strong> : Stimuler les comp\u00e9tences en communication verbale et non verbale.<\/li>\n\n\n\n<li>\ud83d\udca1 <strong>Apprentissage<\/strong> : Encourager la d\u00e9couverte et la compr\u00e9hension \u00e0 travers des contenus \u00e9ducatifs et interactifs.<\/li>\n\n\n\n<li>\ud83d\ude4c <strong>Valorisation<\/strong> : Renforcer l&rsquo;estime de soi en donnant aux utilisateurs les moyens de s&rsquo;exprimer librement.<\/li>\n\n\n\n<li>\ud83e\udde0 <strong>Sociabilisation<\/strong> : Faciliter l&rsquo;inclusion et les interactions avec l\u2019entourage.<\/li>\n\n\n\n<li>\ud83d\udee0\ufe0f <strong>Gestion de l\u2019environnement<\/strong> : Offrir des solutions de contr\u00f4le domotique pour am\u00e9liorer l\u2019accessibilit\u00e9 des espaces de vie.<\/li>\n<\/ul>\n<\/div>\n\n\n\n<div class=\"wp-block-column is-layout-flow wp-block-column-is-layout-flow\">\n<h2 class=\"wp-block-heading\">Variantes &#8211; am\u00e9nagement<\/h2>\n\n\n\n<p>\ud83c\udf1f <strong>Adaptations et astuces<\/strong><\/p>\n\n\n\n<p>\ud83d\udcf2 <strong>Utilisation multisupports<\/strong> : Tester GRID sur tablette, ordinateur ou \u00e9cran interactif pour varier les modes d\u2019apprentissage.<br><\/p>\n\n\n\n<p>\ud83c\udfa8 <strong>Personnalisation de l\u2019interface<\/strong> : Adapter les pictogrammes, la taille du texte et les options audio selon les pr\u00e9f\u00e9rences de l\u2019utilisateur.<\/p>\n\n\n\n<p>\ud83d\udee0\ufe0f <strong>Extensions possibles<\/strong> : Ajouter des contenus sp\u00e9cifiques selon l\u2019environnement d\u2019apprentissage (exemple : mots-cl\u00e9s pour l&rsquo;\u00e9cole, pictogrammes pour la maison, etc.).<\/p>\n\n\n\n<p>\ud83d\udcda <strong>Sc\u00e9narios d\u2019usage<\/strong> : Cr\u00e9er des sc\u00e9narios interactifs pour pratiquer des conversations et am\u00e9liorer la compr\u00e9hension.<\/p>\n<\/div>\n<\/div>\n\n\n\n<div class=\"wp-block-columns is-layout-flex wp-container-core-columns-is-layout-9d6595d7 wp-block-columns-is-layout-flex\">\n<div class=\"wp-block-column is-layout-flow wp-block-column-is-layout-flow\">\n<h2 class=\"wp-block-heading\">Liens utiles<\/h2>\n\n\n\n<p>\ud83d\udcd1 <strong>FICHE PRODUIT<\/strong> <a href=\"https:\/\/rennes.autonomic-expo.com\/fiche-produit-vue-detaillee\/grid-3-logiciel-de-caa\" target=\"_blank\" rel=\"noreferrer noopener\">https:\/\/rennes.autonomic-expo.com\/fiche-produit-vue-detaillee\/grid-3-logiciel-de-caa<\/a><\/p>\n\n\n\n<p>\ud83c\udfa5 <strong>VID\u00c9O <\/strong>youtube (17min18): Apprendre CSS GRID &#8211; Le tuto pour enfin comprendre les grilles CSS &#8211; <a href=\"https:\/\/www.youtube.com\/@tutos-front-end\"><\/a><a href=\"https:\/\/www.youtube.com\/watch?v=Jarz_GZG7-I\" target=\"_blank\" rel=\"noreferrer noopener\">https:\/\/www.youtube.com\/watch?v=Jarz_GZG7-I<\/a><\/p>\n<\/div>\n<\/div>\n\n\n\n<p>Des outils \u00e0 nous partager ?&nbsp;<a href=\"https:\/\/api-lux.be\/index.php\/contact\/\">Cliquez ici<\/a><\/p>\n","protected":false},"excerpt":{"rendered":"<p>\ud83d\udde3\ufe0f COMMUNICATION: Logiciel de Communication Alternative et Augment\u00e9e: Un outil facilitant l&rsquo;expression et l&rsquo;autonomie des personnes ayant des difficult\u00e9s de communication.<\/p>\n","protected":false},"author":1,"featured_media":0,"comment_status":"closed","ping_status":"closed","sticky":false,"template":"","format":"standard","meta":{"iawp_total_views":5,"footnotes":""},"categories":[28,4,22,27,18,23,48,47,20,25],"tags":[],"class_list":["post-845","post","type-post","status-publish","format-standard","hentry","category-autonomie-et-responsabilisation","category-besoins","category-besoins-cognitifs","category-besoins-daccomplissement","category-besoins-destime","category-communication","category-fiches-outils-pour-les-aidants-proches","category-fiches-outils-pour-les-professionnels","category-individualisation","category-materiel-specifique"],"_links":{"self":[{"href":"https:\/\/api-lux.be\/index.php\/wp-json\/wp\/v2\/posts\/845","targetHints":{"allow":["GET"]}}],"collection":[{"href":"https:\/\/api-lux.be\/index.php\/wp-json\/wp\/v2\/posts"}],"about":[{"href":"https:\/\/api-lux.be\/index.php\/wp-json\/wp\/v2\/types\/post"}],"author":[{"embeddable":true,"href":"https:\/\/api-lux.be\/index.php\/wp-json\/wp\/v2\/users\/1"}],"replies":[{"embeddable":true,"href":"https:\/\/api-lux.be\/index.php\/wp-json\/wp\/v2\/comments?post=845"}],"version-history":[{"count":10,"href":"https:\/\/api-lux.be\/index.php\/wp-json\/wp\/v2\/posts\/845\/revisions"}],"predecessor-version":[{"id":7766,"href":"https:\/\/api-lux.be\/index.php\/wp-json\/wp\/v2\/posts\/845\/revisions\/7766"}],"wp:attachment":[{"href":"https:\/\/api-lux.be\/index.php\/wp-json\/wp\/v2\/media?parent=845"}],"wp:term":[{"taxonomy":"category","embeddable":true,"href":"https:\/\/api-lux.be\/index.php\/wp-json\/wp\/v2\/categories?post=845"},{"taxonomy":"post_tag","embeddable":true,"href":"https:\/\/api-lux.be\/index.php\/wp-json\/wp\/v2\/tags?post=845"}],"curies":[{"name":"wp","href":"https:\/\/api.w.org\/{rel}","templated":true}]}}