{"id":843,"date":"2025-02-14T11:36:55","date_gmt":"2025-02-14T10:36:55","guid":{"rendered":"http:\/\/localhost\/mdi_w\/?p=843"},"modified":"2025-07-01T14:33:23","modified_gmt":"2025-07-01T12:33:23","slug":"lautrement-dit","status":"publish","type":"post","link":"https:\/\/api-lux.be\/index.php\/2025\/02\/14\/lautrement-dit\/","title":{"rendered":"L&rsquo;Autrement Dit"},"content":{"rendered":"\n<div class=\"wp-block-columns is-layout-flex wp-container-core-columns-is-layout-9d6595d7 wp-block-columns-is-layout-flex\">\n<div class=\"wp-block-column is-vertically-aligned-center is-layout-flow wp-block-column-is-layout-flow\"><div class=\"wp-block-image\">\n<figure class=\"aligncenter size-full\"><img decoding=\"async\" src=\"https:\/\/api-lux.be\/wp-content\/uploads\/2025\/02\/autrement_dit.jpg\" alt=\" \" class=\"wp-image-202\"\/><\/figure>\n<\/div><\/div>\n\n\n\n<div class=\"wp-block-column is-layout-flow wp-block-column-is-layout-flow\">\n<p>\ud83c\udfe2 <strong>Ressource vari\u00e9e<\/strong>&#8211; Service d&rsquo;accompagnement \u00e0 la parentalit\u00e9<strong>:<\/strong> \u00ab\u00a0<em>Une \u00e9quipe de professionnels actifs dans le soutien et l&rsquo;accompagnement \u00e0 la parentalit\u00e9, \u00e0 l&rsquo;\u00e9ducation \u00e0 l&#8217;empathie et au processus de d\u00e9veloppement personnel.<\/em>\u00ab\u00a0<\/p>\n\n\n\n<!--more-->\n\n\n\n<h2 class=\"wp-block-heading\">Age cible <\/h2>\n\n\n\n<p>Tous <\/p>\n<\/div>\n<\/div>\n\n\n\n<h2 class=\"wp-block-heading\">Descriptif de l&rsquo;outil<\/h2>\n\n\n\n<p><strong>L\u2019Autrement Dit<\/strong> est une ASBL belge fond\u00e9e en 2007 et reconnue depuis 2010 par l\u2019ONE et la F\u00e9d\u00e9ration Wallonie-Bruxelles comme op\u00e9rateur de formation. Elle accompagne les professionnels de l\u2019enfance et le grand public dans l\u2019am\u00e9lioration de la relation \u00e0 soi, \u00e0 l\u2019autre et \u00e0 son environnement \ud83c\udf3f. L\u2019association propose des formations \ud83c\udf93, des accompagnements th\u00e9rapeutiques \ud83e\udd1d et des ateliers centr\u00e9s sur la communication \ud83d\udde3\ufe0f, la parentalit\u00e9 \ud83d\udc68\u200d\ud83d\udc69\u200d\ud83d\udc67\u200d\ud83d\udc66, la gestion des \u00e9motions \ud83d\udc96 et la posture \u00e9ducative \ud83d\udc63, en valorisant des solutions concr\u00e8tes et accessibles, ancr\u00e9es dans le quotidien.<\/p>\n\n\n\n<h2 class=\"wp-block-heading\">\ud83d\udc65 Publics cibles :<\/h2>\n\n\n\n<ul class=\"wp-block-list\">\n<li>\ud83d\udc76 <strong>Professionnels de l\u2019accueil de l\u2019enfance<\/strong> (Petite Enfance et Accueil Temps Libre).<\/li>\n\n\n\n<li>\ud83d\udc69\u200d\ud83d\udc69\u200d\ud83d\udc66\u200d\ud83d\udc66 <strong>Parents et familles<\/strong>.<\/li>\n\n\n\n<li>\ud83d\udc67\ud83e\uddd1 <strong>Enfants, adolescents et adultes<\/strong> dans le cadre d\u2019un accompagnement th\u00e9rapeutique.<\/li>\n\n\n\n<li>\ud83d\udc65 <strong>\u00c9quipes \u00e9ducatives et sociales<\/strong> en demande de supervision ou de formation.<\/li>\n<\/ul>\n\n\n\n<h2 class=\"wp-block-heading\">\ud83d\udee0\ufe0f Modalit\u00e9s d\u2019utilisation :<\/h2>\n\n\n\n<ul class=\"wp-block-list\">\n<li>\ud83d\udda5\ufe0f <strong>Formations en pr\u00e9sentiel et en ligne<\/strong>, via le programme <strong>Parent\u00c9quilibre<\/strong>.<\/li>\n\n\n\n<li>\ud83d\udde8\ufe0f <strong>Accompagnements individuels et familiaux<\/strong> en cabinet.<\/li>\n\n\n\n<li>\ud83d\udde3\ufe0f <strong>Ateliers et conf\u00e9rences<\/strong> autour de la communication, des \u00e9motions, de la posture \u00e9ducative et de la relation \u00e0 soi.<\/li>\n\n\n\n<li>\ud83d\udc69\u200d\ud83c\udfeb <strong>Supervision professionnelle<\/strong>, individuelle ou collective.<\/li>\n\n\n\n<li>\ud83c\udf33 <strong>Ateliers nature et reconnexion \u00e0 soi<\/strong>.<\/li>\n<\/ul>\n\n\n\n<p>Les formations et activit\u00e9s sont pens\u00e9es pour \u00eatre <strong>concr\u00e8tes \ud83d\udccc, imm\u00e9diatement applicables \ud83d\ude80<\/strong> et int\u00e9gr\u00e9es dans les r\u00e9alit\u00e9s de terrain, avec une forte place donn\u00e9e aux <strong>partages d\u2019exp\u00e9riences \ud83e\udd17 et \u00e0 la r\u00e9flexion collective \ud83d\udcad<\/strong>.<\/p>\n\n\n\n<h2 class=\"wp-block-heading\">\ud83d\udccc Th\u00e9matiques abord\u00e9es :<\/h2>\n\n\n\n<ul class=\"wp-block-list\">\n<li>\ud83d\udc63 Posture \u00e9ducative et relation de confiance.<\/li>\n\n\n\n<li>\ud83d\udde3\ufe0f Communication bienveillante et gestion des \u00e9motions.<\/li>\n\n\n\n<li>\ud83d\udc6a Parentalit\u00e9 et accompagnement familial.<\/li>\n\n\n\n<li>\ud83d\udc69\u200d\ud83c\udfeb Supervision professionnelle.<\/li>\n\n\n\n<li>\ud83c\udf33 Ateliers de reconnexion \u00e0 soi et \u00e0 la nature.<\/li>\n\n\n\n<li>\ud83c\udf93 Formations pour professionnels de l\u2019enfance agr\u00e9\u00e9es ONE et FW-B.<\/li>\n<\/ul>\n\n\n\n<div class=\"wp-block-columns is-layout-flex wp-container-core-columns-is-layout-9d6595d7 wp-block-columns-is-layout-flex\">\n<div class=\"wp-block-column is-layout-flow wp-block-column-is-layout-flow\">\n<h2 class=\"wp-block-heading\">Objectif(s) d&rsquo;utilisation<\/h2>\n\n\n\n<p>\ud83c\udf31 <strong>Humaniser et \u00e9quilibrer les relations<\/strong> de soi \u00e0 soi, \u00e0 l\u2019autre et \u00e0 son environnement.<\/p>\n\n\n\n<p>\ud83c\udf08 <strong>Favoriser des changements concrets et durables<\/strong> \u00e0 travers des approches sensibles et humanistes.<\/p>\n\n\n\n<p>\ud83d\udc6a <strong>Soutenir la parentalit\u00e9 et les pratiques professionnelles<\/strong> gr\u00e2ce \u00e0 des formations et accompagnements adapt\u00e9s.<\/p>\n\n\n\n<p>\ud83d\udee0\ufe0f <strong>Offrir des ressources concr\u00e8tes et bienveillantes<\/strong> pour g\u00e9rer les situations \u00e9ducatives et relationnelles du quotidien.<\/p>\n<\/div>\n\n\n\n<div class=\"wp-block-column is-layout-flow wp-block-column-is-layout-flow\">\n<h2 class=\"wp-block-heading\">Liens utiles<\/h2>\n\n\n\n<p>\ud83c\udf10 <strong>SITE OFFICIEL: <\/strong><a href=\"https:\/\/www.lautrementdit.net\/contactus\" target=\"_blank\" rel=\"noreferrer noopener\">https:\/\/www.lautrementdit.net\/contactus<\/a><\/p>\n\n\n\n<p>\ud83d\udccd <strong>Adresse :<\/strong><br><strong>Rue de la Caracole 3, 6640 Vaux-sur-S\u00fbre, Belgique<\/strong> \ud83d\udceb<br><br><\/p>\n<\/div>\n<\/div>\n\n\n\n<p>Des outils \u00e0 nous partager ?&nbsp;<a href=\"https:\/\/api-lux.be\/index.php\/contact\/\">Cliquez ici<\/a><\/p>\n","protected":false},"excerpt":{"rendered":"<p>\ud83c\udfe2 Ressource vari\u00e9e&#8211; Service d&rsquo;accompagnement \u00e0 la parentalit\u00e9: \u00ab\u00a0Une \u00e9quipe de professionnels actifs dans le soutien et l&rsquo;accompagnement \u00e0 la parentalit\u00e9, \u00e0 l&rsquo;\u00e9ducation \u00e0 l&#8217;empathie et au processus de d\u00e9veloppement [&hellip;]<\/p>\n","protected":false},"author":10,"featured_media":0,"comment_status":"closed","ping_status":"closed","sticky":false,"template":"","format":"standard","meta":{"iawp_total_views":11,"footnotes":""},"categories":[4,22,46,48,49,47,25,26],"tags":[],"class_list":["post-843","post","type-post","status-publish","format-standard","hentry","category-besoins","category-besoins-cognitifs","category-fiches-outils","category-fiches-outils-pour-les-aidants-proches","category-fiches-outils-pour-les-jeunes","category-fiches-outils-pour-les-professionnels","category-materiel-specifique","category-outils-pedagogiques-pour-les-pro"],"_links":{"self":[{"href":"https:\/\/api-lux.be\/index.php\/wp-json\/wp\/v2\/posts\/843","targetHints":{"allow":["GET"]}}],"collection":[{"href":"https:\/\/api-lux.be\/index.php\/wp-json\/wp\/v2\/posts"}],"about":[{"href":"https:\/\/api-lux.be\/index.php\/wp-json\/wp\/v2\/types\/post"}],"author":[{"embeddable":true,"href":"https:\/\/api-lux.be\/index.php\/wp-json\/wp\/v2\/users\/10"}],"replies":[{"embeddable":true,"href":"https:\/\/api-lux.be\/index.php\/wp-json\/wp\/v2\/comments?post=843"}],"version-history":[{"count":11,"href":"https:\/\/api-lux.be\/index.php\/wp-json\/wp\/v2\/posts\/843\/revisions"}],"predecessor-version":[{"id":7764,"href":"https:\/\/api-lux.be\/index.php\/wp-json\/wp\/v2\/posts\/843\/revisions\/7764"}],"wp:attachment":[{"href":"https:\/\/api-lux.be\/index.php\/wp-json\/wp\/v2\/media?parent=843"}],"wp:term":[{"taxonomy":"category","embeddable":true,"href":"https:\/\/api-lux.be\/index.php\/wp-json\/wp\/v2\/categories?post=843"},{"taxonomy":"post_tag","embeddable":true,"href":"https:\/\/api-lux.be\/index.php\/wp-json\/wp\/v2\/tags?post=843"}],"curies":[{"name":"wp","href":"https:\/\/api.w.org\/{rel}","templated":true}]}}