{"id":8423,"date":"2025-10-21T15:36:28","date_gmt":"2025-10-21T13:36:28","guid":{"rendered":"https:\/\/api-lux.be\/?p=8423"},"modified":"2025-10-21T15:36:28","modified_gmt":"2025-10-21T13:36:28","slug":"comalso-association-de-promotion-la-communication-alternative-et-augmentative-caa","status":"publish","type":"post","link":"https:\/\/api-lux.be\/index.php\/2025\/10\/21\/comalso-association-de-promotion-la-communication-alternative-et-augmentative-caa\/","title":{"rendered":"Comalso \u2013 association de promotion la communication alternative et augmentative (CAA)"},"content":{"rendered":"\n<div class=\"wp-block-columns is-layout-flex wp-container-core-columns-is-layout-9d6595d7 wp-block-columns-is-layout-flex\">\n<div class=\"wp-block-column is-layout-flow wp-block-column-is-layout-flow\">\n<figure class=\"wp-block-image size-full\"><img loading=\"lazy\" decoding=\"async\" width=\"363\" height=\"139\" src=\"https:\/\/api-lux.be\/wp-content\/uploads\/2025\/10\/download-1.png\" alt=\"\" class=\"wp-image-8424\" srcset=\"https:\/\/api-lux.be\/wp-content\/uploads\/2025\/10\/download-1.png 363w, https:\/\/api-lux.be\/wp-content\/uploads\/2025\/10\/download-1-300x115.png 300w\" sizes=\"auto, (max-width: 363px) 100vw, 363px\" \/><\/figure>\n<\/div>\n\n\n\n<div class=\"wp-block-column is-layout-flow wp-block-column-is-layout-flow\">\n<p>\ud83d\udde3\ufe0f COMMUNICATION &#8211; Comalso est une association belge qui \u0153uvre pour que toute personne priv\u00e9e de langage oral acc\u00e8de \u00e0 une communication adapt\u00e9e et inclusive.<\/p>\n\n\n\n<!--more-->\n\n\n\n<h2 class=\"wp-block-heading\">Age cible (pour qui)<\/h2>\n\n\n\n<p>\ud83d\udc76 Tous \u00e2ges\u202f: enfants, adolescents et adultes pr\u00e9sentant des troubles de la communication verbale.<br>\ud83c\udfeb Public concern\u00e9\u202f: personnes ayant des difficult\u00e9s d\u2019expression orale (TSA, d\u00e9ficience intellectuelle, AVC, etc.), leurs familles, les professionnels (orthophonistes, \u00e9ducateurs), et institutions.<\/p>\n<\/div>\n<\/div>\n\n\n\n<h2 class=\"wp-block-heading\">Descriptif de l&rsquo;outil<\/h2>\n\n\n\n<p>\u270b <strong>Comalso asbl<\/strong> (Communication Alternative Solution) est un centre belge de r\u00e9f\u00e9rence en <strong>communication alternative et augmentative (CAA)<\/strong>. L\u2019association accompagne les personnes priv\u00e9es de langage oral vers une communication adapt\u00e9e, avec des outils visuels, technologiques ou gestuels.<\/p>\n\n\n\n<p>\ud83e\uddd1\u200d\u2695\ufe0f <strong>\u00c9valuation et accompagnement personnalis\u00e9<\/strong><br>Comalso \u00e9value les capacit\u00e9s de communication d&rsquo;une personne non verbale afin de lui proposer une solution adapt\u00e9e (PECS, pictogrammes, classeurs PODD, synth\u00e8se vocale, etc.).<\/p>\n\n\n\n<p>\ud83d\udc68\u200d\ud83d\udc69\u200d\ud83d\udc67\u200d\ud83d\udc66 <strong>Formation et coaching de l&rsquo;entourage<\/strong><br>Les familles, les professionnels et institutions sont accompagn\u00e9s \u00e0 travers des <strong>formations<\/strong>, du <strong>coaching<\/strong> individuel et des <strong>ateliers de sensibilisation<\/strong> \u00e0 la CAA.<\/p>\n\n\n\n<p>\ud83d\udce3 <strong>Sensibilisation du grand public<\/strong><br>Comalso m\u00e8ne des campagnes d\u2019information pour faire conna\u00eetre la CAA et promouvoir une soci\u00e9t\u00e9 plus inclusive. Elle organise \u00e9galement des \u00e9v\u00e9nements comme le <strong>Comalso Tour<\/strong>, qui sillonne la Belgique.<\/p>\n\n\n\n<p>\ud83d\udcda <strong>Ressources et outils<\/strong><br>Le site <a>www.comalso.be<\/a> propose des informations sur la CAA, les dispositifs possibles et l\u2019offre de formation. Des brochures et documents sont accessibles sur demande.<\/p>\n\n\n\n<p>\ud83d\udccc <strong>Gratuit\u00e9 \/ acc\u00e8s \/ contact<\/strong><\/p>\n\n\n\n<ul class=\"wp-block-list\">\n<li>\u2139\ufe0f Information gratuite disponible sur le site<\/li>\n\n\n\n<li>\ud83d\udcb6 Certaines formations sont payantes<\/li>\n\n\n\n<li>\ud83d\udce9 Contact par mail ou t\u00e9l\u00e9phone<\/li>\n\n\n\n<li>\ud83d\udccd Bas\u00e9e \u00e0 Bruxelles (Woluwe-Saint-Pierre) \u2013 Cours Amarante 7<\/li>\n\n\n\n<li>\ud83d\udcde T\u00e9l\u00e9phone : 0473\u202f53\u202f47\u202f17<\/li>\n<\/ul>\n\n\n\n<p>\u2757 <strong>Points d\u2019attention<\/strong><\/p>\n\n\n\n<ul class=\"wp-block-list\">\n<li>\u26a0\ufe0f La mise en place d\u2019un syst\u00e8me de CAA demande du temps, une \u00e9valuation pr\u00e9cise et l\u2019implication de l\u2019entourage.<\/li>\n\n\n\n<li>\ud83d\udcac La CAA ne remplace pas le langage oral, mais propose un autre canal d\u2019expression, \u00e9quivalent et reconnu.<\/li>\n\n\n\n<li>\ud83e\udde9 Chaque solution doit \u00eatre adapt\u00e9e \u00e0 la personne : il n\u2019existe pas de \u00ab\u00a0kit universel\u00a0\u00bb.<\/li>\n\n\n\n<li>\ud83e\udd1d L\u2019environnement (\u00e9cole, famille, institution) doit \u00eatre form\u00e9 et soutenant pour que l\u2019outil fonctionne.<\/li>\n<\/ul>\n\n\n\n<div class=\"wp-block-columns is-layout-flex wp-container-core-columns-is-layout-9d6595d7 wp-block-columns-is-layout-flex\">\n<div class=\"wp-block-column is-layout-flow wp-block-column-is-layout-flow\">\n<h2 class=\"wp-block-heading\">Objectif(s) d&rsquo;utilisation<\/h2>\n\n\n\n<ul class=\"wp-block-list\">\n<li>\ud83d\udd0a Permettre \u00e0 une personne sans langage oral fiable d\u2019acc\u00e9der \u00e0 un mode de communication significatif<\/li>\n\n\n\n<li>\ud83e\udde0 Former et sensibiliser les proches et professionnels aux principes de la communication alternative et augmentative<\/li>\n\n\n\n<li>\ud83e\udd1d Favoriser l\u2019inclusion sociale, \u00e9ducative et professionnelle des personnes en situation de handicap de la parole<\/li>\n\n\n\n<li>\ud83d\udcd8 Mettre \u00e0 disposition des ressources et des outils pratiques pour la mise en \u0153uvre de la CAA<\/li>\n\n\n\n<li>\ud83c\udf93 Soutenir le d\u00e9veloppement d\u2019une communaut\u00e9 professionnelle et familiale autour de la communication alternative<\/li>\n<\/ul>\n<\/div>\n<\/div>\n\n\n\n<div class=\"wp-block-columns is-layout-flex wp-container-core-columns-is-layout-9d6595d7 wp-block-columns-is-layout-flex\">\n<div class=\"wp-block-column is-layout-flow wp-block-column-is-layout-flow\"><\/div>\n\n\n\n<div class=\"wp-block-column is-layout-flow wp-block-column-is-layout-flow\"><\/div>\n<\/div>\n\n\n\n<p>Des outils \u00e0 nous partager ? <a href=\"https:\/\/api-lux.be\/index.php\/contact\/\">Cliquez ici<\/a><\/p>\n","protected":false},"excerpt":{"rendered":"<p>\ud83d\udde3\ufe0f COMMUNICATION &#8211; Comalso est une association belge qui \u0153uvre pour que toute personne priv\u00e9e de langage oral acc\u00e8de \u00e0 une communication adapt\u00e9e et inclusive.<\/p>\n","protected":false},"author":2,"featured_media":0,"comment_status":"closed","ping_status":"closed","sticky":false,"template":"","format":"standard","meta":{"iawp_total_views":35,"footnotes":""},"categories":[4,23,46,48,47],"tags":[],"class_list":["post-8423","post","type-post","status-publish","format-standard","hentry","category-besoins","category-communication","category-fiches-outils","category-fiches-outils-pour-les-aidants-proches","category-fiches-outils-pour-les-professionnels"],"_links":{"self":[{"href":"https:\/\/api-lux.be\/index.php\/wp-json\/wp\/v2\/posts\/8423","targetHints":{"allow":["GET"]}}],"collection":[{"href":"https:\/\/api-lux.be\/index.php\/wp-json\/wp\/v2\/posts"}],"about":[{"href":"https:\/\/api-lux.be\/index.php\/wp-json\/wp\/v2\/types\/post"}],"author":[{"embeddable":true,"href":"https:\/\/api-lux.be\/index.php\/wp-json\/wp\/v2\/users\/2"}],"replies":[{"embeddable":true,"href":"https:\/\/api-lux.be\/index.php\/wp-json\/wp\/v2\/comments?post=8423"}],"version-history":[{"count":1,"href":"https:\/\/api-lux.be\/index.php\/wp-json\/wp\/v2\/posts\/8423\/revisions"}],"predecessor-version":[{"id":8425,"href":"https:\/\/api-lux.be\/index.php\/wp-json\/wp\/v2\/posts\/8423\/revisions\/8425"}],"wp:attachment":[{"href":"https:\/\/api-lux.be\/index.php\/wp-json\/wp\/v2\/media?parent=8423"}],"wp:term":[{"taxonomy":"category","embeddable":true,"href":"https:\/\/api-lux.be\/index.php\/wp-json\/wp\/v2\/categories?post=8423"},{"taxonomy":"post_tag","embeddable":true,"href":"https:\/\/api-lux.be\/index.php\/wp-json\/wp\/v2\/tags?post=8423"}],"curies":[{"name":"wp","href":"https:\/\/api.w.org\/{rel}","templated":true}]}}