{"id":8420,"date":"2025-10-21T15:07:19","date_gmt":"2025-10-21T13:07:19","guid":{"rendered":"https:\/\/api-lux.be\/?p=8420"},"modified":"2025-10-21T15:07:20","modified_gmt":"2025-10-21T13:07:20","slug":"materiel-pour-faciliter-la-lecture-les-editeurs-atypiques-vers-une-lecture-vraiment-accessible-a-tous","status":"publish","type":"post","link":"https:\/\/api-lux.be\/index.php\/2025\/10\/21\/materiel-pour-faciliter-la-lecture-les-editeurs-atypiques-vers-une-lecture-vraiment-accessible-a-tous\/","title":{"rendered":"Mat\u00e9riel pour faciliter la lecture: Les \u00c9diteurs Atypiques \u2013 Vers une lecture vraiment accessible \u00e0 tous"},"content":{"rendered":"\n<div class=\"wp-block-columns is-layout-flex wp-container-core-columns-is-layout-9d6595d7 wp-block-columns-is-layout-flex\">\n<div class=\"wp-block-column is-layout-flow wp-block-column-is-layout-flow\"><div class=\"wp-block-image\">\n<figure class=\"aligncenter size-full is-resized\"><img loading=\"lazy\" decoding=\"async\" width=\"307\" height=\"164\" src=\"https:\/\/api-lux.be\/wp-content\/uploads\/2025\/10\/download.png\" alt=\"\" class=\"wp-image-8421\" style=\"width:397px;height:auto\" srcset=\"https:\/\/api-lux.be\/wp-content\/uploads\/2025\/10\/download.png 307w, https:\/\/api-lux.be\/wp-content\/uploads\/2025\/10\/download-300x160.png 300w\" sizes=\"auto, (max-width: 307px) 100vw, 307px\" \/><\/figure>\n<\/div><\/div>\n\n\n\n<div class=\"wp-block-column is-layout-flow wp-block-column-is-layout-flow\">\n<p>\ud83d\udcda <strong>Am\u00e9nagement scolaire<\/strong> &#8211; Collectif de maisons d\u2019\u00e9dition sp\u00e9cialis\u00e9es dans les livres adapt\u00e9s aux besoins sp\u00e9cifiques de lecture (troubles DYS, autisme, d\u00e9ficiences sensorielles ou intellectuelles).<\/p>\n\n\n\n<!--more-->\n\n\n\n<h2 class=\"wp-block-heading\">Age cible (pour qui)<\/h2>\n\n\n\n<p>\ud83d\udc67\ud83d\udc66 Tous \u00e2ges, d\u00e8s 4 ans jusqu\u2019\u00e0 l\u2019\u00e2ge adulte, selon les collections et profils des lecteurs.<br>\ud83c\udfeb Outil adaptable en contexte scolaire, \u00e9ducatif, th\u00e9rapeutique, familial ou en m\u00e9diath\u00e8que.<\/p>\n<\/div>\n<\/div>\n\n\n\n<h2 class=\"wp-block-heading\">Descriptif de l&rsquo;outil<\/h2>\n\n\n\n<p>Les \u00c9diteurs Atypiques est un collectif de <strong>10 maisons d\u2019\u00e9dition ind\u00e9pendantes<\/strong> engag\u00e9es pour une lecture accessible \u00e0 tous. Elles con\u00e7oivent des ouvrages adapt\u00e9s \u00e0 des publics pr\u00e9sentant des troubles ou handicaps tels que la dyslexie, l\u2019autisme, la d\u00e9ficience visuelle, la d\u00e9ficience intellectuelle, ou encore des troubles attentionnels.<\/p>\n\n\n\n<p>Le site <a href=\"https:\/\/www.editeurs-atypiques.com\/?utm_source=chatgpt.com\">www.editeurs-atypiques.com<\/a> centralise leurs actions, leurs ouvrages, et met \u00e0 disposition des <strong>fiches ressources gratuites<\/strong> ainsi que des <strong>formations<\/strong> pour les m\u00e9diateurs (enseignants, biblioth\u00e9caires, th\u00e9rapeutes).<br>Les livres sont disponibles \u00e0 l\u2019achat via les sites des \u00e9diteurs ou en librairie. Le t\u00e9l\u00e9chargement de ressources est gratuit.<\/p>\n\n\n\n<p>\ud83e\udde0 <strong>Zoom sur les \u00e9diteurs membres<\/strong><\/p>\n\n\n\n<p>\u2022 \ud83d\udcd8 <strong><a href=\"https:\/\/www.editionsadabam.com\">Adabam \u00c9ditions<\/a><\/strong><br>Propose des albums jeunesse et romans adapt\u00e9s \u00e0 la dyslexie et \u00e0 l\u2019apprentissage de l\u2019anglais. Mise en page all\u00e9g\u00e9e, aide \u00e0 la m\u00e9morisation, syllabation, polices adapt\u00e9es. <\/p>\n\n\n\n<p>\u2022 \ud83d\udc41\ufe0f <strong><a href=\"https:\/\/www.avuedoeil.fr\">\u00c0 Vue d\u2019\u0152il<\/a><\/strong><br>Sp\u00e9cialiste des livres en <strong>grands caract\u00e8res<\/strong> pour malvoyants ou lecteurs ayant des difficult\u00e9s visuelles. Romans, r\u00e9cits et th\u00e9\u00e2tre accessibles \u00e0 tous les \u00e2ges.<\/p>\n\n\n\n<p>\u2022 \ud83e\udde0 <strong><a href=\"https:\/\/www.faleac.org\">Association FALEAC<\/a><\/strong><br>D\u00e9veloppe et diffuse des ouvrages en <strong>FALC<\/strong> (Facile \u00e0 Lire et \u00e0 Comprendre), pour personnes ayant une d\u00e9ficience intellectuelle ou des troubles cognitifs.<\/p>\n\n\n\n<p>\u2022 \ud83c\udf0d <strong><a href=\"https:\/\/www.kilema.fr\">Kil\u00e9ma \u00c9ditions<\/a><\/strong><br>Maison enti\u00e8rement d\u00e9di\u00e9e au <strong>FALC<\/strong>. Publie des romans jeunesse, ado et adulte accessibles \u00e0 ceux ayant des difficult\u00e9s de compr\u00e9hension \u00e9crite.<\/p>\n\n\n\n<p>\u2022 \ud83d\udc14 <strong><a href=\"https:\/\/www.lapoulequipond.fr\">La Poule Qui Pond<\/a><\/strong><br>Propose des albums et romans jeunesse adapt\u00e9s aux enfants dyslexiques : syllabation, rep\u00e9rage des lettres muettes, interlignage, police adapt\u00e9e.<\/p>\n\n\n\n<p>\u2022 \ud83d\udcd6 <strong><a href=\"https:\/\/www.lescalire.fr\">Lescalire<\/a><\/strong><br>Travaille sur l\u2019adaptation de la lecture pour les publics \u00e9loign\u00e9s du livre. Met l\u2019accent sur la m\u00e9diation autour de l\u2019objet-livre et la lecture comme support de lien.<\/p>\n\n\n\n<p>\u2022 \u270b <strong><a href=\"https:\/\/ldqr.org\">Les Doigts Qui R\u00eavent<\/a><\/strong><br>\u00c9dite des livres tactiles, en braille et gros caract\u00e8res, pour enfants aveugles ou malvoyants. Conception artisanale et inclusive. Propose aussi du mat\u00e9riel sensoriel.<\/p>\n\n\n\n<p>\u2022 \ud83c\udf93 <strong><a href=\"https:\/\/tompousse.fr\">Tom Pousse<\/a><\/strong><br>Sp\u00e9cialis\u00e9 dans les livres pratiques et p\u00e9dagogiques pour les \u00e9l\u00e8ves \u00e0 besoins sp\u00e9cifiques (DYS, TSA, TDAH). Propose des collections comme AdoDys et des supports de rem\u00e9diation.<\/p>\n\n\n\n<p>\u2022 \ud83d\udd90\ufe0f <strong><a href=\"https:\/\/mesmainsenor.com\">Mes Mains en Or<\/a><\/strong><br>Cr\u00e9e des livres jeunesse en braille, en grands caract\u00e8res et tactiles pour enfants malvoyants. Outils p\u00e9dagogiques et romans accessibles pour ados.<\/p>\n\n\n\n<p>\u2022 \ud83d\udc53 <strong><a href=\"https:\/\/www.voir-de-pres.fr\">Voir de Pr\u00e8s<\/a><\/strong><br>Maison d\u2019\u00e9dition de romans et pi\u00e8ces de th\u00e9\u00e2tre en <strong>grands caract\u00e8res<\/strong> pour adolescents et adultes malvoyants ou lecteurs fatigu\u00e9s.<\/p>\n\n\n\n<div class=\"wp-block-columns is-layout-flex wp-container-core-columns-is-layout-9d6595d7 wp-block-columns-is-layout-flex\">\n<div class=\"wp-block-column is-layout-flow wp-block-column-is-layout-flow\"><\/div>\n\n\n\n<div class=\"wp-block-column is-layout-flow wp-block-column-is-layout-flow\"><\/div>\n<\/div>\n\n\n\n<div class=\"wp-block-columns is-layout-flex wp-container-core-columns-is-layout-9d6595d7 wp-block-columns-is-layout-flex\">\n<div class=\"wp-block-column is-layout-flow wp-block-column-is-layout-flow\"><\/div>\n\n\n\n<div class=\"wp-block-column is-layout-flow wp-block-column-is-layout-flow\"><\/div>\n<\/div>\n\n\n\n<p>Des outils \u00e0 nous partager ? <a href=\"https:\/\/api-lux.be\/index.php\/contact\/\">Cliquez ici<\/a><\/p>\n","protected":false},"excerpt":{"rendered":"<p>\ud83d\udcda Am\u00e9nagement scolaire &#8211; Collectif de maisons d\u2019\u00e9dition sp\u00e9cialis\u00e9es dans les livres adapt\u00e9s aux besoins sp\u00e9cifiques de lecture (troubles DYS, autisme, d\u00e9ficiences sensorielles ou intellectuelles).<\/p>\n","protected":false},"author":2,"featured_media":0,"comment_status":"closed","ping_status":"closed","sticky":false,"template":"","format":"standard","meta":{"iawp_total_views":35,"footnotes":""},"categories":[24,4,22,46,48,47],"tags":[],"class_list":["post-8420","post","type-post","status-publish","format-standard","hentry","category-adaptation-des-apprentissages","category-besoins","category-besoins-cognitifs","category-fiches-outils","category-fiches-outils-pour-les-aidants-proches","category-fiches-outils-pour-les-professionnels"],"_links":{"self":[{"href":"https:\/\/api-lux.be\/index.php\/wp-json\/wp\/v2\/posts\/8420","targetHints":{"allow":["GET"]}}],"collection":[{"href":"https:\/\/api-lux.be\/index.php\/wp-json\/wp\/v2\/posts"}],"about":[{"href":"https:\/\/api-lux.be\/index.php\/wp-json\/wp\/v2\/types\/post"}],"author":[{"embeddable":true,"href":"https:\/\/api-lux.be\/index.php\/wp-json\/wp\/v2\/users\/2"}],"replies":[{"embeddable":true,"href":"https:\/\/api-lux.be\/index.php\/wp-json\/wp\/v2\/comments?post=8420"}],"version-history":[{"count":1,"href":"https:\/\/api-lux.be\/index.php\/wp-json\/wp\/v2\/posts\/8420\/revisions"}],"predecessor-version":[{"id":8422,"href":"https:\/\/api-lux.be\/index.php\/wp-json\/wp\/v2\/posts\/8420\/revisions\/8422"}],"wp:attachment":[{"href":"https:\/\/api-lux.be\/index.php\/wp-json\/wp\/v2\/media?parent=8420"}],"wp:term":[{"taxonomy":"category","embeddable":true,"href":"https:\/\/api-lux.be\/index.php\/wp-json\/wp\/v2\/categories?post=8420"},{"taxonomy":"post_tag","embeddable":true,"href":"https:\/\/api-lux.be\/index.php\/wp-json\/wp\/v2\/tags?post=8420"}],"curies":[{"name":"wp","href":"https:\/\/api.w.org\/{rel}","templated":true}]}}