{"id":842,"date":"2025-02-14T11:36:55","date_gmt":"2025-02-14T10:36:55","guid":{"rendered":"http:\/\/localhost\/mdi_w\/?p=842"},"modified":"2025-07-01T14:32:17","modified_gmt":"2025-07-01T12:32:17","slug":"site-internet-enseignement","status":"publish","type":"post","link":"https:\/\/api-lux.be\/index.php\/2025\/02\/14\/site-internet-enseignement\/","title":{"rendered":"Site: \u00ab\u00a0Enseignement.be\u00a0\u00bb"},"content":{"rendered":"\n<div class=\"wp-block-columns is-layout-flex wp-container-core-columns-is-layout-9d6595d7 wp-block-columns-is-layout-flex\">\n<div class=\"wp-block-column is-vertically-aligned-center is-layout-flow wp-block-column-is-layout-flow\"><div class=\"wp-block-image\">\n<figure class=\"aligncenter size-full is-resized\"><img loading=\"lazy\" decoding=\"async\" width=\"500\" height=\"375\" src=\"https:\/\/api-lux.be\/wp-content\/uploads\/2025\/02\/enseignement-be.png\" alt=\"\" class=\"wp-image-1568\" style=\"aspect-ratio:1;width:350px;height:auto\" srcset=\"https:\/\/api-lux.be\/wp-content\/uploads\/2025\/02\/enseignement-be.png 500w, https:\/\/api-lux.be\/wp-content\/uploads\/2025\/02\/enseignement-be-300x225.png 300w\" sizes=\"auto, (max-width: 500px) 100vw, 500px\" \/><\/figure>\n<\/div><\/div>\n\n\n\n<div class=\"wp-block-column is-layout-flow wp-block-column-is-layout-flow\">\n<p>\ud83c\udf92 <strong>Soutien scolaire<\/strong> &#8211; Plateforme d\u00e9di\u00e9e \u00e0 l&rsquo;enseignement et aux ressources \u00e9ducatives en F\u00e9d\u00e9ration Wallonie-Bruxelles.<\/p>\n\n\n\n<!--more-->\n\n\n\n<h2 class=\"wp-block-heading\">\u00c2ge cible<\/h2>\n\n\n\n<p>De 4 \u00e0 18 ans.<\/p>\n<\/div>\n<\/div>\n\n\n\n<h2 class=\"wp-block-heading\">Descriptif de l&rsquo;outil<\/h2>\n\n\n\n<p>\ud83c\udf0d Enseignement.be est une plateforme en ligne qui centralise des informations, outils p\u00e9dagogiques et ressources \u00e0 destination des enseignants, \u00e9ducateurs et autres professionnels du secteur \u00e9ducatif.<\/p>\n\n\n\n<p>\ud83d\udccc <strong>Services propos\u00e9s<\/strong> :<\/p>\n\n\n\n<ul class=\"wp-block-list\">\n<li><strong>Syst\u00e8me \u00e9ducatif et organisation de l&rsquo;enseignement<\/strong> \ud83c\udfeb : Informations sur les structures scolaires et les programmes \u00e9ducatifs.<\/li>\n\n\n\n<li><strong>Ressources p\u00e9dagogiques et l\u00e9gislatives<\/strong> \ud83d\udcdc : Documents administratifs, supports d\u2019enseignement et guides officiels.<\/li>\n\n\n\n<li><strong>Carri\u00e8res dans l&rsquo;enseignement<\/strong> \ud83c\udf93 : Conseils, formations et accompagnement pour les professionnels de l\u2019\u00e9ducation.<\/li>\n<\/ul>\n\n\n\n<div class=\"wp-block-columns is-layout-flex wp-container-core-columns-is-layout-9d6595d7 wp-block-columns-is-layout-flex\">\n<div class=\"wp-block-column is-layout-flow wp-block-column-is-layout-flow\">\n<h2 class=\"wp-block-heading\">Objectif(s) d&rsquo;utilisation<\/h2>\n\n\n\n<p>\ud83d\udcda <strong>Faciliter l&rsquo;acc\u00e8s aux ressources \u00e9ducatives<\/strong> pour accompagner les jeunes dans leur parcours.<\/p>\n\n\n\n<p>\ud83c\udfeb <strong>Soutenir les professionnels de l\u2019\u00e9ducation<\/strong> en leur offrant des outils concrets et actualis\u00e9s.<\/p>\n\n\n\n<p>\ud83e\udd1d <strong>Encourager l\u2019inclusion et le d\u00e9veloppement global des enfants<\/strong> gr\u00e2ce \u00e0 des supports adapt\u00e9s.<\/p>\n\n\n\n<p>\ud83d\udcdd <strong>Optimiser la gestion des cadres p\u00e9dagogiques<\/strong> en fournissant des documents administratifs et r\u00e9glementaires.<\/p>\n<\/div>\n\n\n\n<div class=\"wp-block-column is-layout-flow wp-block-column-is-layout-flow\">\n<h2 class=\"wp-block-heading\">Liens utiles<\/h2>\n\n\n\n<p>\ud83c\udf10 <strong>SITE OFFICIEL:<\/strong> <a href=\"https:\/\/api-lux.be\/index.php\/plan-du-site\/\" data-type=\"page\" data-id=\"295\" target=\"_blank\" rel=\"noreferrer noopener\">www.enseignement.be<\/a><\/p>\n\n\n\n<p><a href=\"https:\/\/api-lux.be\/index.php\/plan-du-site\/\" data-type=\"page\" data-id=\"295\"><br><\/a><strong>\u00a9 F\u00e9d\u00e9ration Wallonie-Bruxelles. Tous droits r\u00e9serv\u00e9s.<\/strong><br><em>Reproduction ou diffusion interdite sans autorisation pr\u00e9alable.<\/em><br><\/p>\n<\/div>\n<\/div>\n\n\n\n<p>Des outils \u00e0 nous partager ?&nbsp;<a href=\"https:\/\/api-lux.be\/index.php\/contact\/\">Cliquez ici<\/a><\/p>\n","protected":false},"excerpt":{"rendered":"<p>\ud83c\udf92 Soutien scolaire &#8211; Plateforme d\u00e9di\u00e9e \u00e0 l&rsquo;enseignement et aux ressources \u00e9ducatives en F\u00e9d\u00e9ration Wallonie-Bruxelles.<\/p>\n","protected":false},"author":10,"featured_media":0,"comment_status":"closed","ping_status":"closed","sticky":false,"template":"","format":"standard","meta":{"iawp_total_views":1,"footnotes":""},"categories":[24,4,22,23,46,47,25,26],"tags":[],"class_list":["post-842","post","type-post","status-publish","format-standard","hentry","category-adaptation-des-apprentissages","category-besoins","category-besoins-cognitifs","category-communication","category-fiches-outils","category-fiches-outils-pour-les-professionnels","category-materiel-specifique","category-outils-pedagogiques-pour-les-pro"],"_links":{"self":[{"href":"https:\/\/api-lux.be\/index.php\/wp-json\/wp\/v2\/posts\/842","targetHints":{"allow":["GET"]}}],"collection":[{"href":"https:\/\/api-lux.be\/index.php\/wp-json\/wp\/v2\/posts"}],"about":[{"href":"https:\/\/api-lux.be\/index.php\/wp-json\/wp\/v2\/types\/post"}],"author":[{"embeddable":true,"href":"https:\/\/api-lux.be\/index.php\/wp-json\/wp\/v2\/users\/10"}],"replies":[{"embeddable":true,"href":"https:\/\/api-lux.be\/index.php\/wp-json\/wp\/v2\/comments?post=842"}],"version-history":[{"count":14,"href":"https:\/\/api-lux.be\/index.php\/wp-json\/wp\/v2\/posts\/842\/revisions"}],"predecessor-version":[{"id":7763,"href":"https:\/\/api-lux.be\/index.php\/wp-json\/wp\/v2\/posts\/842\/revisions\/7763"}],"wp:attachment":[{"href":"https:\/\/api-lux.be\/index.php\/wp-json\/wp\/v2\/media?parent=842"}],"wp:term":[{"taxonomy":"category","embeddable":true,"href":"https:\/\/api-lux.be\/index.php\/wp-json\/wp\/v2\/categories?post=842"},{"taxonomy":"post_tag","embeddable":true,"href":"https:\/\/api-lux.be\/index.php\/wp-json\/wp\/v2\/tags?post=842"}],"curies":[{"name":"wp","href":"https:\/\/api.w.org\/{rel}","templated":true}]}}