{"id":841,"date":"2025-02-14T11:36:55","date_gmt":"2025-02-14T10:36:55","guid":{"rendered":"http:\/\/localhost\/mdi_w\/?p=841"},"modified":"2025-07-01T14:32:04","modified_gmt":"2025-07-01T12:32:04","slug":"site-internet-les-ecoles-des-devoirs","status":"publish","type":"post","link":"https:\/\/api-lux.be\/index.php\/2025\/02\/14\/site-internet-les-ecoles-des-devoirs\/","title":{"rendered":"Site: Les Ecoles des Devoirs.be"},"content":{"rendered":"\n<div class=\"wp-block-columns is-layout-flex wp-container-core-columns-is-layout-9d6595d7 wp-block-columns-is-layout-flex\">\n<div class=\"wp-block-column is-vertically-aligned-center is-layout-flow wp-block-column-is-layout-flow\"><div class=\"wp-block-image\">\n<figure class=\"aligncenter size-full is-resized\"><img decoding=\"async\" src=\"https:\/\/api-lux.be\/wp-content\/uploads\/2025\/02\/edd.jpg\" alt=\" \" class=\"wp-image-202\" style=\"width:386px;height:auto\"\/><\/figure>\n<\/div><\/div>\n\n\n\n<div class=\"wp-block-column is-layout-flow wp-block-column-is-layout-flow\">\n<p>\ud83c\udf92 <strong>Soutien scolaire<\/strong> &#8211; Site internet qui r\u00e9unit des ressources et des informations pour soutenir les enfants et les jeunes dans leurs apprentissages scolaires en dehors de la classe.<\/p>\n\n\n\n<!--more-->\n\n\n\n<h2 class=\"wp-block-heading\">\u00c2ge cible<\/h2>\n\n\n\n<p>De 3 \u00e0 21 ans.<\/p>\n<\/div>\n<\/div>\n\n\n\n<h2 class=\"wp-block-heading\">Descriptif de l&rsquo;outil<\/h2>\n\n\n\n<p>Ce site propose :<\/p>\n\n\n\n<ul class=\"wp-block-list\">\n<li>\ud83d\udcda <strong>Informations sur les missions, les enjeux et les formations<\/strong> li\u00e9es aux \u00c9coles de Devoirs (\u00c9DD).<\/li>\n\n\n\n<li>\ud83e\uddd1\u200d\ud83c\udfeb <strong>Ressources p\u00e9dagogiques<\/strong> et <strong>conseils pratiques<\/strong> pour aider les enfants et les jeunes dans leurs devoirs et apprentissages scolaires.<\/li>\n\n\n\n<li>\ud83e\udde9 <strong>Activit\u00e9s \u00e9ducatives<\/strong> pour soutenir les \u00e9l\u00e8ves dans leur parcours.<\/li>\n<\/ul>\n\n\n\n<p>\ud83d\udc68\u200d\ud83d\udc69\u200d\ud83d\udc67\u200d\ud83d\udc66 <strong>Pour les parents et \u00e9ducateurs :<\/strong><\/p>\n\n\n\n<ul class=\"wp-block-list\">\n<li>\ud83d\udee0\ufe0f <strong>Outils pratiques<\/strong> pour accompagner efficacement les jeunes dans leur apprentissage.<\/li>\n<\/ul>\n\n\n\n<p>\ud83d\udca1 <strong>Mise en avant de l\u2019autonomie<\/strong> et du <strong>d\u00e9veloppement des comp\u00e9tences sociales<\/strong> des jeunes.<\/p>\n\n\n\n<div class=\"wp-block-columns is-layout-flex wp-container-core-columns-is-layout-9d6595d7 wp-block-columns-is-layout-flex\">\n<div class=\"wp-block-column is-layout-flow wp-block-column-is-layout-flow\">\n<h2 class=\"wp-block-heading\">Objectif(s) d&rsquo;utilisation<\/h2>\n\n\n\n<p>\ud83d\udcda <strong>Faciliter l&rsquo;apprentissage<\/strong> : Favoriser un accompagnement \u00e9ducatif global pour le d\u00e9veloppement acad\u00e9mique et personnel des jeunes.<\/p>\n\n\n\n<p>\ud83e\udde0 <strong>Aider les enfants et les jeunes<\/strong> : Aider \u00e0 comprendre et \u00e0 consolider leurs connaissances, \u00e0 travers un soutien structur\u00e9 et accessible.<\/p>\n\n\n\n<p>\ud83d\udc68\u200d\ud83d\udc69\u200d\ud83d\udc67\u200d\ud83d\udc66 <strong>Soutenir les parents et \u00e9ducateurs<\/strong> : Fournir des outils p\u00e9dagogiques adapt\u00e9s pour un accompagnement efficace des jeunes dans leurs devoirs et leur \u00e9ducation.<\/p>\n\n\n\n<p>\ud83d\udcaa <strong>Favoriser l\u2019autonomie<\/strong> : Encourager les jeunes \u00e0 d\u00e9velopper leur autonomie en leur donnant des strat\u00e9gies d\u2019apprentissage et de gestion du temps.<\/p>\n\n\n\n<p>\ud83e\udd1d <strong>Renforcer les comp\u00e9tences sociales<\/strong> : Proposer des activit\u00e9s visant \u00e0 am\u00e9liorer les comp\u00e9tences relationnelles, le vivre-ensemble et le d\u00e9veloppement personnel.<\/p>\n<\/div>\n\n\n\n<div class=\"wp-block-column is-layout-flow wp-block-column-is-layout-flow\">\n<h2 class=\"wp-block-heading\">Liens utiles<\/h2>\n\n\n\n<p><strong>\ud83c\udf10<\/strong> <strong>SITE INTERNET OFFICIEL<\/strong>: <a href=\"https:\/\/www.ecolesdedevoirs.be\/\" target=\"_blank\" rel=\"noreferrer noopener\">https:\/\/www.ecolesdedevoirs.be\/<\/a><br><br><\/p>\n<\/div>\n<\/div>\n\n\n\n<p>Des outils \u00e0 nous partager ?&nbsp;<a href=\"https:\/\/api-lux.be\/index.php\/contact\/\">Cliquez ici<\/a><\/p>\n","protected":false},"excerpt":{"rendered":"<p>\ud83c\udf92 Soutien scolaire &#8211; Site internet qui r\u00e9unit des ressources et des informations pour soutenir les enfants et les jeunes dans leurs apprentissages scolaires en dehors de la classe.<\/p>\n","protected":false},"author":10,"featured_media":0,"comment_status":"closed","ping_status":"closed","sticky":false,"template":"","format":"standard","meta":{"iawp_total_views":0,"footnotes":""},"categories":[24,10,4,22,18,9,12,23,46,48,47,19,20,26],"tags":[],"class_list":["post-841","post","type-post","status-publish","format-standard","hentry","category-adaptation-des-apprentissages","category-amenagement-environnement","category-besoins","category-besoins-cognitifs","category-besoins-destime","category-besoins-de-securite","category-cadre-et-limites","category-communication","category-fiches-outils","category-fiches-outils-pour-les-aidants-proches","category-fiches-outils-pour-les-professionnels","category-gestion-des-emotions","category-individualisation","category-outils-pedagogiques-pour-les-pro"],"_links":{"self":[{"href":"https:\/\/api-lux.be\/index.php\/wp-json\/wp\/v2\/posts\/841","targetHints":{"allow":["GET"]}}],"collection":[{"href":"https:\/\/api-lux.be\/index.php\/wp-json\/wp\/v2\/posts"}],"about":[{"href":"https:\/\/api-lux.be\/index.php\/wp-json\/wp\/v2\/types\/post"}],"author":[{"embeddable":true,"href":"https:\/\/api-lux.be\/index.php\/wp-json\/wp\/v2\/users\/10"}],"replies":[{"embeddable":true,"href":"https:\/\/api-lux.be\/index.php\/wp-json\/wp\/v2\/comments?post=841"}],"version-history":[{"count":10,"href":"https:\/\/api-lux.be\/index.php\/wp-json\/wp\/v2\/posts\/841\/revisions"}],"predecessor-version":[{"id":7762,"href":"https:\/\/api-lux.be\/index.php\/wp-json\/wp\/v2\/posts\/841\/revisions\/7762"}],"wp:attachment":[{"href":"https:\/\/api-lux.be\/index.php\/wp-json\/wp\/v2\/media?parent=841"}],"wp:term":[{"taxonomy":"category","embeddable":true,"href":"https:\/\/api-lux.be\/index.php\/wp-json\/wp\/v2\/categories?post=841"},{"taxonomy":"post_tag","embeddable":true,"href":"https:\/\/api-lux.be\/index.php\/wp-json\/wp\/v2\/tags?post=841"}],"curies":[{"name":"wp","href":"https:\/\/api.w.org\/{rel}","templated":true}]}}