{"id":8407,"date":"2025-09-26T16:32:17","date_gmt":"2025-09-26T14:32:17","guid":{"rendered":"https:\/\/api-lux.be\/?p=8407"},"modified":"2025-09-26T16:41:05","modified_gmt":"2025-09-26T14:41:05","slug":"danse-avec-les-poux-mallette-pedagogique","status":"publish","type":"post","link":"https:\/\/api-lux.be\/index.php\/2025\/09\/26\/danse-avec-les-poux-mallette-pedagogique\/","title":{"rendered":"Danse avec les poux &#8211; mallette p\u00e9dagogique"},"content":{"rendered":"\n<div class=\"wp-block-columns is-layout-flex wp-container-core-columns-is-layout-9d6595d7 wp-block-columns-is-layout-flex\">\n<div class=\"wp-block-column is-layout-flow wp-block-column-is-layout-flow\"><div class=\"wp-block-image\">\n<figure class=\"aligncenter size-full is-resized\"><img loading=\"lazy\" decoding=\"async\" width=\"240\" height=\"210\" src=\"https:\/\/api-lux.be\/wp-content\/uploads\/2025\/09\/image_2025-09-26_160650196.png\" alt=\"\" class=\"wp-image-8408\" style=\"width:357px;height:auto\"\/><\/figure>\n<\/div><\/div>\n\n\n\n<div class=\"wp-block-column is-layout-flow wp-block-column-is-layout-flow\">\n<p><strong>\ud83e\ude7a SOIN \u2013 SANTE<\/strong>&#8211; Cette malette vise \u00e0 <strong>sensibiliser les enfants (5 \u00e0 11 ans)<\/strong>, les <strong>parents<\/strong> et les <strong>\u00e9ducateurs<\/strong> \u00e0 la probl\u00e9matique des poux de t\u00eate, en proposant des activit\u00e9s ludiques et p\u00e9dagogiques favorisant le dialogue et la pr\u00e9vention au sein de l\u2019\u00e9cole et de la famille.<\/p>\n\n\n\n<!--more-->\n\n\n\n<h2 class=\"wp-block-heading\">Age cible (pour qui)<\/h2>\n\n\n\n<p><strong>Enfants<\/strong> : De 5 \u00e0 11 ans<\/p>\n<\/div>\n<\/div>\n\n\n\n<h2 class=\"wp-block-heading\">Descriptif de l&rsquo;outil<\/h2>\n\n\n\n<p>Le projet <strong>Danse avec les poux<\/strong> a \u00e9t\u00e9 cr\u00e9\u00e9 en 2003 \u00e0 la demande de la <strong>Ministre de la sant\u00e9 de la F\u00e9d\u00e9ration Wallonie\u2011Bruxelles<\/strong>, et confi\u00e9 \u00e0 l\u2019ASBL <strong><a href=\"https:\/\/questionsante.org\">Question Sant\u00e9<\/a><\/strong> pour la conception d\u2019outils p\u00e9dagogiques.<br>En 2011, l\u2019outil a \u00e9t\u00e9 r\u00e9\u00e9dit\u00e9 par <strong>Question Sant\u00e9<\/strong>, avec le soutien de la Ministre de la Culture, de l\u2019Audiovisuel, de la Sant\u00e9 et de l\u2019\u00c9galit\u00e9 des chances<\/p>\n\n\n\n<h3 class=\"wp-block-heading\">\ud83e\uddf0 <strong>Contenu de la malette<\/strong><\/h3>\n\n\n\n<p>La malette comprend divers outils pour aborder le th\u00e8me des poux de mani\u00e8re interactive :<\/p>\n\n\n\n<ul class=\"wp-block-list\">\n<li>\ud83e\udde0 <strong>Jeu de m\u00e9moire \u00ab Trouv\u2019pou \u00bb<\/strong> : Un jeu de cartes inspir\u00e9 du Memory, permettant aux enfants d\u2019apprendre de mani\u00e8re ludique les informations essentielles sur les poux et leur traitement.<\/li>\n\n\n\n<li>\ud83c\udfa5 <strong>DVD \u00ab Danse avec les poux \u00bb<\/strong> : Une vid\u00e9o \u00e9ducative servant de support pour des animations en classe ou en groupe, facilitant les \u00e9changes et la discussion autour du sujet.<\/li>\n\n\n\n<li>\ud83d\udcd6 <strong>Conte \u00ab Antoine et le bateau Pouh \u00bb<\/strong> : Un r\u00e9cit adapt\u00e9 aux jeunes enfants, illustrant de mani\u00e8re imag\u00e9e l\u2019histoire d\u2019un petit gar\u00e7on confront\u00e9 aux poux, id\u00e9al pour une lecture collective.<\/li>\n\n\n\n<li>\ud83d\udcdd <strong>Brochure \u00ab Danse avec les poux \u00bb<\/strong> : Un document informatif fournissant des conseils pratiques sur la pr\u00e9vention, la d\u00e9tection et le traitement des poux, destin\u00e9 aux parents et aux \u00e9ducateurs.<\/li>\n\n\n\n<li>\ud83d\uddbc\ufe0f <strong>Affiche illustrant les \u00e9tapes du traitement<\/strong> : Un support visuel facilitant la compr\u00e9hension des diff\u00e9rentes \u00e9tapes \u00e0 suivre pour se d\u00e9barrasser des poux.<\/li>\n\n\n\n<li>\ud83d\udcda <strong>Manuel d\u2019utilisation et dossier p\u00e9dagogique<\/strong> : Des guides d\u00e9taillant les objectifs, les m\u00e9thodes et les activit\u00e9s propos\u00e9es, pour accompagner les animateurs dans leur d\u00e9marche \u00e9ducative.<\/li>\n<\/ul>\n\n\n\n<h3 class=\"wp-block-heading\">\ud83d\udce6 O\u00f9 trouver la malette \u00ab Danse avec les poux \u00bb ?<\/h3>\n\n\n\n<ol class=\"wp-block-list\">\n<li><strong>T\u00e9l\u00e9chargement gratuit en ligne<\/strong><br>Tous les outils de la malette sont disponibles en t\u00e9l\u00e9chargement gratuit sur le site officiel :<br>\ud83d\udc49 <a href=\"https:\/\/questionsante.org\/nos-projets-et-programmes\/promotion-de-la-sante\/danse-avec-les-poux\/?utm_source=chatgpt.com\">danseaveclespoux.be<\/a> Vous y trouverez :\n<ul class=\"wp-block-list\">\n<li>\ud83d\udcd8 Brochure \u00ab Danse avec les poux \u00bb<\/li>\n\n\n\n<li>\ud83e\uddd2 Conte \u00ab Antoine et le bateau Pouh \u00bb<\/li>\n\n\n\n<li>\ud83d\uddbc\ufe0f Affiche illustrant les \u00e9tapes du traitement<\/li>\n\n\n\n<li>\ud83c\udfa5 Vid\u00e9o \u00ab Danse avec les poux \u00bb<\/li>\n\n\n\n<li>\ud83e\udde0 Jeu de m\u00e9moire \u00ab Trouv\u2019pou \u00bb<br><\/li>\n<\/ul>\n<\/li>\n\n\n\n<li><strong>Location gratuite via Cultures &amp; Sant\u00e9<\/strong><br>Si vous pr\u00e9f\u00e9rez disposer de la malette compl\u00e8te, vous pouvez la <strong>louer gratuitement<\/strong> via le centre de documentation de <strong>Cultures &amp; Sant\u00e9<\/strong>.<ul><li>\ud83d\udcde Par t\u00e9l\u00e9phone : <a>02 558 88 11<\/a> (du lundi au vendredi, de 9h30 \u00e0 16h30, sauf le jeudi matin)<\/li><li>\ud83d\udce7 Par email : <a>cdoc@cultures-sante.be<\/a><\/li><\/ul><em>Conditions :<\/em> location gratuite avec une <strong>caution de 20 \u20ac<\/strong>.<\/li>\n<\/ol>\n\n\n\n<div class=\"wp-block-columns is-layout-flex wp-container-core-columns-is-layout-9d6595d7 wp-block-columns-is-layout-flex\">\n<div class=\"wp-block-column is-layout-flow wp-block-column-is-layout-flow\">\n<h2 class=\"wp-block-heading\">Objectif(s) d&rsquo;utilisation<\/h2>\n\n\n\n<p>\ud83e\udde0 <strong>Sensibiliser<\/strong> les enfants, les familles et les professionnels \u00e0 la probl\u00e9matique des poux de t\u00eate, en informant de mani\u00e8re claire et accessible.<\/p>\n\n\n\n<p>\ud83d\udcac <strong>Favoriser le dialogue<\/strong> autour du sujet, souvent tabou ou mal compris, et cr\u00e9er un climat de confiance entre enfants, parents et intervenants.<\/p>\n\n\n\n<p>\ud83c\udf93 <strong>Renforcer les connaissances<\/strong> sur le cycle de vie des poux, les modes de transmission, les m\u00e9thodes de pr\u00e9vention et les traitements efficaces.<\/p>\n\n\n\n<p>\ud83d\udee0\ufe0f <strong>Fournir des outils concrets<\/strong> pour comprendre, rep\u00e9rer, traiter et suivre les infestations de mani\u00e8re organis\u00e9e et coh\u00e9rente.<\/p>\n\n\n\n<p>\ud83c\udfa8 <strong>Rendre le sujet ludique<\/strong> et engageant gr\u00e2ce \u00e0 des supports visuels, narratifs et interactifs (jeux, conte, vid\u00e9o&#8230;).<\/p>\n\n\n\n<p>\ud83d\udc68\u200d\ud83d\udc69\u200d\ud83d\udc67 <strong>Impliquer les familles<\/strong> dans une d\u00e9marche de pr\u00e9vention active, en valorisant leur r\u00f4le dans le suivi \u00e0 domicile.<\/p>\n\n\n\n<p>\ud83c\udfeb <strong>Soutenir les \u00e9coles et structures \u00e9ducatives<\/strong> dans la mise en place d\u2019actions collectives autour de la sant\u00e9 et de l\u2019hygi\u00e8ne.<\/p>\n<\/div>\n\n\n\n<div class=\"wp-block-column is-layout-flow wp-block-column-is-layout-flow\">\n<h2 class=\"wp-block-heading\">Liens utiles<\/h2>\n\n\n\n<p>\ud83d\udc1d Voici une autre fiche propos\u00e9e par <strong>API\u2011Lux<\/strong> en lien avec ce sujet : <em>\u201c<a href=\"https:\/\/api-lux.be\/index.php\/2025\/09\/26\/comprendre-et-traiter-les-poux-outils-pour-sensibiliser-familles-et-enfants\/\">Comprendre et traiter les poux : outils pour sensibiliser familles et enfants<\/a>\u201d<\/em>.<\/p>\n<\/div>\n<\/div>\n\n\n\n<div class=\"wp-block-columns is-layout-flex wp-container-core-columns-is-layout-9d6595d7 wp-block-columns-is-layout-flex\">\n<div class=\"wp-block-column is-layout-flow wp-block-column-is-layout-flow\"><\/div>\n\n\n\n<div class=\"wp-block-column is-layout-flow wp-block-column-is-layout-flow\"><\/div>\n<\/div>\n\n\n\n<p>Des outils \u00e0 nous partager ? <a href=\"https:\/\/api-lux.be\/index.php\/contact\/\">Cliquez ici<\/a><\/p>\n","protected":false},"excerpt":{"rendered":"<p>\ud83e\ude7a SOIN \u2013 SANTE&#8211; Cette malette vise \u00e0 sensibiliser les enfants (5 \u00e0 11 ans), les parents et les \u00e9ducateurs \u00e0 la probl\u00e9matique des poux de t\u00eate, en proposant des [&hellip;]<\/p>\n","protected":false},"author":2,"featured_media":0,"comment_status":"closed","ping_status":"closed","sticky":false,"template":"","format":"standard","meta":{"iawp_total_views":2,"footnotes":""},"categories":[4,5,8,1,6,7],"tags":[],"class_list":["post-8407","post","type-post","status-publish","format-standard","hentry","category-besoins","category-besoins-physiologiques","category-bien-etre","category-non-classe","category-sante-alimentation-sommeil-hygiene","category-soin-pistes-et-outils-professionnels"],"_links":{"self":[{"href":"https:\/\/api-lux.be\/index.php\/wp-json\/wp\/v2\/posts\/8407","targetHints":{"allow":["GET"]}}],"collection":[{"href":"https:\/\/api-lux.be\/index.php\/wp-json\/wp\/v2\/posts"}],"about":[{"href":"https:\/\/api-lux.be\/index.php\/wp-json\/wp\/v2\/types\/post"}],"author":[{"embeddable":true,"href":"https:\/\/api-lux.be\/index.php\/wp-json\/wp\/v2\/users\/2"}],"replies":[{"embeddable":true,"href":"https:\/\/api-lux.be\/index.php\/wp-json\/wp\/v2\/comments?post=8407"}],"version-history":[{"count":1,"href":"https:\/\/api-lux.be\/index.php\/wp-json\/wp\/v2\/posts\/8407\/revisions"}],"predecessor-version":[{"id":8409,"href":"https:\/\/api-lux.be\/index.php\/wp-json\/wp\/v2\/posts\/8407\/revisions\/8409"}],"wp:attachment":[{"href":"https:\/\/api-lux.be\/index.php\/wp-json\/wp\/v2\/media?parent=8407"}],"wp:term":[{"taxonomy":"category","embeddable":true,"href":"https:\/\/api-lux.be\/index.php\/wp-json\/wp\/v2\/categories?post=8407"},{"taxonomy":"post_tag","embeddable":true,"href":"https:\/\/api-lux.be\/index.php\/wp-json\/wp\/v2\/tags?post=8407"}],"curies":[{"name":"wp","href":"https:\/\/api.w.org\/{rel}","templated":true}]}}