{"id":840,"date":"2025-02-14T11:36:55","date_gmt":"2025-02-14T10:36:55","guid":{"rendered":"http:\/\/localhost\/mdi_w\/?p=840"},"modified":"2025-07-01T14:10:09","modified_gmt":"2025-07-01T12:10:09","slug":"site-internet-accrochaje","status":"publish","type":"post","link":"https:\/\/api-lux.be\/index.php\/2025\/02\/14\/site-internet-accrochaje\/","title":{"rendered":"Site: Accrochaje.be"},"content":{"rendered":"\n<div class=\"wp-block-columns is-layout-flex wp-container-core-columns-is-layout-9d6595d7 wp-block-columns-is-layout-flex\">\n<div class=\"wp-block-column is-vertically-aligned-center is-layout-flow wp-block-column-is-layout-flow\"><div class=\"wp-block-image\">\n<figure class=\"aligncenter size-full is-resized\"><img loading=\"lazy\" decoding=\"async\" width=\"568\" height=\"568\" src=\"https:\/\/api-lux.be\/wp-content\/uploads\/2025\/02\/accrochaje.jpg\" alt=\"\" class=\"wp-image-1563\" style=\"width:262px;height:auto\" srcset=\"https:\/\/api-lux.be\/wp-content\/uploads\/2025\/02\/accrochaje.jpg 568w, https:\/\/api-lux.be\/wp-content\/uploads\/2025\/02\/accrochaje-300x300.jpg 300w, https:\/\/api-lux.be\/wp-content\/uploads\/2025\/02\/accrochaje-150x150.jpg 150w\" sizes=\"auto, (max-width: 568px) 100vw, 568px\" \/><\/figure>\n<\/div><\/div>\n\n\n\n<div class=\"wp-block-column is-layout-flow wp-block-column-is-layout-flow\">\n<p><strong>\ud83c\udf92 Soutien scolaire<\/strong> &#8211; Une plateforme de ressources pour pr\u00e9venir et accompagner le d\u00e9crochage scolaire.<\/p>\n\n\n\n<!--more-->\n\n\n\n<h2 class=\"wp-block-heading\">\u00c2ge cible<\/h2>\n\n\n\n<p><b> <\/b>De 3 \u00e0 18 ans.<\/p>\n<\/div>\n<\/div>\n\n\n\n<h2 class=\"wp-block-heading\">Descriptif de l&rsquo;outil<\/h2>\n\n\n\n<p>Accrochaje est une plateforme en ligne qui centralise des ressources vari\u00e9es li\u00e9es au d\u00e9crochage scolaire. Elle propose des outils, des liens utiles et de la documentation pour mieux comprendre et pr\u00e9venir ce ph\u00e9nom\u00e8ne.<\/p>\n\n\n\n<p>\ud83d\udc65 <strong>Services propos\u00e9s<\/strong> :<\/p>\n\n\n\n<ul class=\"wp-block-list\">\n<li>Un <strong>r\u00e9pertoire de services<\/strong> permettant d\u2019accompagner les jeunes, leurs familles et les professionnels en R\u00e9gion Wallonne.<\/li>\n\n\n\n<li>Une <strong>recherche affin\u00e9e<\/strong> par tranche d\u2019\u00e2ge et par zone g\u00e9ographique pour trouver des ressources adapt\u00e9es aux besoins sp\u00e9cifiques.<\/li>\n\n\n\n<li><strong>Acc\u00e8s \u00e0 une base de donn\u00e9es<\/strong> comprenant :\n<ul class=\"wp-block-list\">\n<li>\ud83d\udccc <strong>Outils p\u00e9dagogiques<\/strong> : 82 r\u00e9sultats disponibles.<\/li>\n\n\n\n<li>\ud83d\udd17 <strong>Liens utiles<\/strong> : 81 r\u00e9sultats r\u00e9pertori\u00e9s.<\/li>\n\n\n\n<li>\ud83d\udcc4 <strong>Documentation sp\u00e9cialis\u00e9e<\/strong> : 58 ressources consultables.<\/li>\n\n\n\n<li>\ud83d\ude80 <strong>Projets \u00e9ducatifs et d\u2019accompagnement<\/strong> : 37 initiatives r\u00e9f\u00e9renc\u00e9es.<\/li>\n\n\n\n<li>\ud83c\udfdb\ufe0f <strong>Dispositifs institutionnels et associatifs<\/strong>.<\/li>\n<\/ul>\n<\/li>\n<\/ul>\n\n\n\n<div class=\"wp-block-columns is-layout-flex wp-container-core-columns-is-layout-9d6595d7 wp-block-columns-is-layout-flex\">\n<div class=\"wp-block-column is-layout-flow wp-block-column-is-layout-flow\">\n<h2 class=\"wp-block-heading\">Objectif(s) d&rsquo;utilisation<\/h2>\n\n\n\n<p>\ud83d\udcda <strong>Faciliter l&rsquo;acc\u00e8s aux ressources<\/strong> pour mieux accompagner les jeunes en d\u00e9crochage.<\/p>\n\n\n\n<p>\ud83e\udd1d <strong>Soutenir les familles et professionnels<\/strong> dans l\u2019orientation et l\u2019accompagnement.<\/p>\n\n\n\n<p>\ud83c\udfeb <strong>Encourager la r\u00e9int\u00e9gration scolaire et sociale<\/strong> en proposant des solutions adapt\u00e9es.<\/p>\n\n\n\n<p>\ud83d\udd0d <strong>Favoriser l\u2019autonomie des jeunes<\/strong> dans la recherche d\u2019aides et d\u2019alternatives.<\/p>\n<\/div>\n\n\n\n<div class=\"wp-block-column is-layout-flow wp-block-column-is-layout-flow\">\n<h2 class=\"wp-block-heading\">Liens utiles<\/h2>\n\n\n\n<p><strong>\ud83c\udf10<\/strong> <strong>SITE OFFICIEL: <\/strong><a href=\"https:\/\/accrochaje.cfwb.be\" target=\"_blank\" rel=\"noreferrer noopener\">https:\/\/accrochaje.cfwb.be<br><\/a><br><\/p>\n<\/div>\n<\/div>\n\n\n\n<p>Des outils \u00e0 nous partager ?&nbsp;<a href=\"https:\/\/api-lux.be\/index.php\/contact\/\">Cliquez ici<\/a><\/p>\n","protected":false},"excerpt":{"rendered":"<p>\ud83c\udf92 Soutien scolaire &#8211; Une plateforme de ressources pour pr\u00e9venir et accompagner le d\u00e9crochage scolaire.<\/p>\n","protected":false},"author":10,"featured_media":0,"comment_status":"closed","ping_status":"closed","sticky":false,"template":"","format":"standard","meta":{"iawp_total_views":8,"footnotes":""},"categories":[24,10,4,22,14,18,9,8,12,13,23,46,47,19,17,21],"tags":[],"class_list":["post-840","post","type-post","status-publish","format-standard","hentry","category-adaptation-des-apprentissages","category-amenagement-environnement","category-besoins","category-besoins-cognitifs","category-besoins-dappartenance","category-besoins-destime","category-besoins-de-securite","category-bien-etre","category-cadre-et-limites","category-coherence","category-communication","category-fiches-outils","category-fiches-outils-pour-les-professionnels","category-gestion-des-emotions","category-inclusion-sociale-et-reseau-sociaux","category-valorisation-confiance"],"_links":{"self":[{"href":"https:\/\/api-lux.be\/index.php\/wp-json\/wp\/v2\/posts\/840","targetHints":{"allow":["GET"]}}],"collection":[{"href":"https:\/\/api-lux.be\/index.php\/wp-json\/wp\/v2\/posts"}],"about":[{"href":"https:\/\/api-lux.be\/index.php\/wp-json\/wp\/v2\/types\/post"}],"author":[{"embeddable":true,"href":"https:\/\/api-lux.be\/index.php\/wp-json\/wp\/v2\/users\/10"}],"replies":[{"embeddable":true,"href":"https:\/\/api-lux.be\/index.php\/wp-json\/wp\/v2\/comments?post=840"}],"version-history":[{"count":14,"href":"https:\/\/api-lux.be\/index.php\/wp-json\/wp\/v2\/posts\/840\/revisions"}],"predecessor-version":[{"id":7757,"href":"https:\/\/api-lux.be\/index.php\/wp-json\/wp\/v2\/posts\/840\/revisions\/7757"}],"wp:attachment":[{"href":"https:\/\/api-lux.be\/index.php\/wp-json\/wp\/v2\/media?parent=840"}],"wp:term":[{"taxonomy":"category","embeddable":true,"href":"https:\/\/api-lux.be\/index.php\/wp-json\/wp\/v2\/categories?post=840"},{"taxonomy":"post_tag","embeddable":true,"href":"https:\/\/api-lux.be\/index.php\/wp-json\/wp\/v2\/tags?post=840"}],"curies":[{"name":"wp","href":"https:\/\/api.w.org\/{rel}","templated":true}]}}