{"id":839,"date":"2025-02-14T11:36:55","date_gmt":"2025-02-14T10:36:55","guid":{"rendered":"http:\/\/localhost\/mdi_w\/?p=839"},"modified":"2025-07-01T14:09:56","modified_gmt":"2025-07-01T12:09:56","slug":"airtramp","status":"publish","type":"post","link":"https:\/\/api-lux.be\/index.php\/2025\/02\/14\/airtramp\/","title":{"rendered":"Airtramp"},"content":{"rendered":"\n<div class=\"wp-block-columns is-layout-flex wp-container-core-columns-is-layout-9d6595d7 wp-block-columns-is-layout-flex\">\n<div class=\"wp-block-column is-layout-flow wp-block-column-is-layout-flow\">\n<figure class=\"wp-block-image size-full\"><img decoding=\"async\" src=\"https:\/\/api-lux.be\/wp-content\/uploads\/2025\/02\/airtramp.jpg\" alt=\" \" class=\"wp-image-202\"\/><\/figure>\n<\/div>\n\n\n\n<div class=\"wp-block-column is-layout-flow wp-block-column-is-layout-flow\">\n<p>\u26bd <strong>SPORT<\/strong> &#8211; \u00e9quipement sportif innovant, g\u00e9n\u00e9ralement utilis\u00e9 pour les s\u00e9ances d\u2019activit\u00e9 physique en plein air, favorisant la mobilit\u00e9,<br>La coordination et l&rsquo;inclusion des jeunes dans les pratiques sportives<\/p>\n\n\n\n<!--more-->\n\n\n\n<h2 class=\"wp-block-heading\">\u00c2ge cible<\/h2>\n\n\n\n<p>De 4 \u00e0 18 ans.<\/p>\n<\/div>\n<\/div>\n\n\n\n<h2 class=\"wp-block-heading\">Descriptif de l&rsquo;outil<\/h2>\n\n\n\n<p>\ud83c\udf00 L&rsquo;Airtramp est une surface instable utilis\u00e9e pour des exercices physiques visant \u00e0 am\u00e9liorer l&rsquo;\u00e9quilibre, la coordination, la conscience corporelle et le tonus musculaire des enfants. Il est particuli\u00e8rement adapt\u00e9 aux enfants ayant besoin de renforcer leur motricit\u00e9 et leur perception du corps dans l\u2019espace.<\/p>\n\n\n\n<h3 class=\"wp-block-heading\"><strong>Exemples concrets d\u2019utilisation<\/strong> :<\/h3>\n\n\n\n<ol class=\"wp-block-list\">\n<li><strong>Exercices d&rsquo;\u00e9quilibre<\/strong> :\ud83d\udeb6\u200d\u2642\ufe0f Les enfants peuvent marcher ou sauter d\u2019un pied \u00e0 l\u2019autre sur l\u2019Airtramp pour travailler leur stabilit\u00e9.<\/li>\n\n\n\n<li><strong>Renforcement musculaire<\/strong> :\ud83c\udfcb\ufe0f\u200d\u2640\ufe0f R\u00e9aliser des squats ou des fentes tout en maintenant l\u2019\u00e9quilibre sur la surface instable.<\/li>\n\n\n\n<li><strong>Jeux ludiques<\/strong> : \ud83c\udfb2 Organiser un parcours d\u2019obstacles o\u00f9 les enfants doivent utiliser l&rsquo;Airtramp pour traverser des zones instables tout en d\u00e9veloppant leur coordination.<\/li>\n<\/ol>\n\n\n\n<div class=\"wp-block-columns is-layout-flex wp-container-core-columns-is-layout-9d6595d7 wp-block-columns-is-layout-flex\">\n<div class=\"wp-block-column is-layout-flow wp-block-column-is-layout-flow\">\n<h2 class=\"wp-block-heading\">Objectif(s) d&rsquo;utilisation<\/h2>\n\n\n\n<p>\ud83e\udde0 <strong>Encourager le d\u00e9veloppement de la proprioception<\/strong> : Aider les enfants \u00e0 prendre conscience de leur corps, \u00e0 d\u00e9tecter leurs mouvements et \u00e0 mieux se situer dans l&rsquo;espace.<\/p>\n\n\n\n<p>\ud83e\udd38\u200d\u2642\ufe0f <strong>Am\u00e9liorer la coordination<\/strong> : Renforcer la capacit\u00e9 des enfants \u00e0 synchroniser leurs mouvements et \u00e0 ajuster leur posture de mani\u00e8re fluide.<\/p>\n\n\n\n<p>\u2696\ufe0f <strong>Renforcer l\u2019\u00e9quilibre<\/strong> : L&rsquo;instabilit\u00e9 de l&rsquo;Airtramp oblige les enfants \u00e0 constamment adapter leur position, ce qui stimule leur stabilit\u00e9.<\/p>\n\n\n\n<p>\ud83d\udcaa <strong>Favoriser le tonus musculaire et l&rsquo;endurance<\/strong> : L\u2019adaptation \u00e0 la surface instable d\u00e9veloppe les muscles stabilisateurs et am\u00e9liore la r\u00e9sistance physique.<\/p>\n\n\n\n<p>\ud83c\udf89 <strong>Offrir une approche ludique de l\u2019exercice physique<\/strong> : Proposer une m\u00e9thode amusante et engageante pour encourager la pratique r\u00e9guli\u00e8re d&rsquo;exercices physiques.<\/p>\n<\/div>\n\n\n\n<div class=\"wp-block-column is-layout-flow wp-block-column-is-layout-flow\">\n<h2 class=\"wp-block-heading\">Variantes &#8211; am\u00e9nagements<\/h2>\n\n\n\n<p>\ud83d\udc65 <strong>Utilisation en groupe<\/strong> : Organiser des activit\u00e9s collectives pour renforcer la coop\u00e9ration tout en travaillant la coordination et l&rsquo;\u00e9quilibre.<\/p>\n\n\n\n<p>\ud83e\udde9 <strong>Adaptations pour les enfants ayant des besoins sp\u00e9cifiques<\/strong> : L\u2019Airtramp peut \u00eatre utilis\u00e9 dans un cadre th\u00e9rapeutique pour les enfants avec des troubles de la motricit\u00e9 ou de l\u2019\u00e9quilibre.<\/p>\n\n\n\n<p>\ud83c\udfe0 <strong>Am\u00e9nagement de l\u2019espace<\/strong> : Placer des coussins ou des matelas autour de l\u2019Airtramp pour assurer la s\u00e9curit\u00e9 en cas de chute.<\/p>\n\n\n\n<h2 class=\"wp-block-heading\">Liens utiles<\/h2>\n\n\n\n<p>\ud83c\udf10 <strong>SITE INTERNET <\/strong>officiel &#8211; <a href=\"https:\/\/www.airtramp.be\/home.html\" target=\"_blank\" rel=\"noreferrer noopener\">https:\/\/www.airtramp.be\/home.html<\/a><\/p>\n\n\n\n<p>\ud83c\udfa5 <strong>VID\u00c9O<\/strong> TV Lux: Bastogne.<a href=\"https:\/\/www.tvlux.be\/video\/info\/societe\/bastogne-un-quot-airtramp-quot-pour-l-ecole-du-mardasson_28538.html\" target=\"_blank\" rel=\"noreferrer noopener\"> Un \u00ab\u00a0Airtramp\u00a0\u00bb pour l&rsquo;\u00e9cole sp\u00e9cialis\u00e9e du Mardasson<\/a> &#8211;<\/p>\n<\/div>\n<\/div>\n\n\n\n<p>Des outils \u00e0 nous partager ?&nbsp;<a href=\"https:\/\/api-lux.be\/index.php\/contact\/\">Cliquez ici<\/a><\/p>\n","protected":false},"excerpt":{"rendered":"<p>\u26bd SPORT &#8211; \u00e9quipement sportif innovant, g\u00e9n\u00e9ralement utilis\u00e9 pour les s\u00e9ances d\u2019activit\u00e9 physique en plein air, favorisant la mobilit\u00e9,La coordination et l&rsquo;inclusion des jeunes dans les pratiques sportives<\/p>\n","protected":false},"author":10,"featured_media":0,"comment_status":"closed","ping_status":"closed","sticky":false,"template":"","format":"standard","meta":{"iawp_total_views":13,"footnotes":""},"categories":[24,10,4,22,9,5,8,46,47,25,26,6],"tags":[],"class_list":["post-839","post","type-post","status-publish","format-standard","hentry","category-adaptation-des-apprentissages","category-amenagement-environnement","category-besoins","category-besoins-cognitifs","category-besoins-de-securite","category-besoins-physiologiques","category-bien-etre","category-fiches-outils","category-fiches-outils-pour-les-professionnels","category-materiel-specifique","category-outils-pedagogiques-pour-les-pro","category-sante-alimentation-sommeil-hygiene"],"_links":{"self":[{"href":"https:\/\/api-lux.be\/index.php\/wp-json\/wp\/v2\/posts\/839","targetHints":{"allow":["GET"]}}],"collection":[{"href":"https:\/\/api-lux.be\/index.php\/wp-json\/wp\/v2\/posts"}],"about":[{"href":"https:\/\/api-lux.be\/index.php\/wp-json\/wp\/v2\/types\/post"}],"author":[{"embeddable":true,"href":"https:\/\/api-lux.be\/index.php\/wp-json\/wp\/v2\/users\/10"}],"replies":[{"embeddable":true,"href":"https:\/\/api-lux.be\/index.php\/wp-json\/wp\/v2\/comments?post=839"}],"version-history":[{"count":6,"href":"https:\/\/api-lux.be\/index.php\/wp-json\/wp\/v2\/posts\/839\/revisions"}],"predecessor-version":[{"id":7756,"href":"https:\/\/api-lux.be\/index.php\/wp-json\/wp\/v2\/posts\/839\/revisions\/7756"}],"wp:attachment":[{"href":"https:\/\/api-lux.be\/index.php\/wp-json\/wp\/v2\/media?parent=839"}],"wp:term":[{"taxonomy":"category","embeddable":true,"href":"https:\/\/api-lux.be\/index.php\/wp-json\/wp\/v2\/categories?post=839"},{"taxonomy":"post_tag","embeddable":true,"href":"https:\/\/api-lux.be\/index.php\/wp-json\/wp\/v2\/tags?post=839"}],"curies":[{"name":"wp","href":"https:\/\/api.w.org\/{rel}","templated":true}]}}