{"id":837,"date":"2025-02-14T11:36:55","date_gmt":"2025-02-14T10:36:55","guid":{"rendered":"http:\/\/localhost\/mdi_w\/?p=837"},"modified":"2025-07-01T14:09:26","modified_gmt":"2025-07-01T12:09:26","slug":"classe-flexible","status":"publish","type":"post","link":"https:\/\/api-lux.be\/index.php\/2025\/02\/14\/classe-flexible\/","title":{"rendered":"Classe flexible"},"content":{"rendered":"\n<div class=\"wp-block-columns is-layout-flex wp-container-core-columns-is-layout-9d6595d7 wp-block-columns-is-layout-flex\">\n<div class=\"wp-block-column is-layout-flow wp-block-column-is-layout-flow\">\n<figure class=\"wp-block-image size-full\"><img decoding=\"async\" src=\"https:\/\/api-lux.be\/wp-content\/uploads\/2025\/02\/classe_flexible.jpg\" alt=\" \" class=\"wp-image-202\"\/><\/figure>\n<\/div>\n\n\n\n<div class=\"wp-block-column is-layout-flow wp-block-column-is-layout-flow\">\n<p>\ud83d\udcda <strong>Am\u00e9nagement scolaire<\/strong> &#8211; Adapter et am\u00e9nager l\u2019espace pour favoriser l\u2019apprentissage et la concentration.<\/p>\n\n\n\n<!--more-->\n\n\n\n<h2 class=\"wp-block-heading\">\u00c2ge cible<\/h2>\n\n\n\n<p>De 6 \u00e0 18 ans.<\/p>\n<\/div>\n<\/div>\n\n\n\n<h2 class=\"wp-block-heading\">Descriptif de l&rsquo;outil<\/h2>\n\n\n\n<p>\ud83c\udfeb Cet outil permet aux enfants de choisir ou d\u2019\u00eatre invit\u00e9s \u00e0 travailler dans des contextes vari\u00e9s : seul, en groupe, en mouvement ou dans des stations adapt\u00e9es. Il inclut divers am\u00e9nagements (bureaux, si\u00e8ges vari\u00e9s, zones de relaxation, tables mobiles) et outils p\u00e9dagogiques (tablettes, papiers, jeux, etc.), encourageant ainsi l\u2019autonomie et la concentration.<\/p>\n\n\n\n<p>Mettre en place plusieurs stations et permettre aux \u00e9l\u00e8ves de choisir o\u00f9 travailler en fonction de leur besoin du moment.<\/p>\n\n\n\n<ul class=\"wp-block-list\">\n<li><strong>Espaces de concentration<\/strong> \ud83d\udcda : Am\u00e9nager des coins silencieux avec des casques antibruit, des cloisons et un \u00e9clairage doux pour les t\u00e2ches n\u00e9cessitant un haut niveau d\u2019attention.<\/li>\n\n\n\n<li><strong>Zones dynamiques<\/strong> \ud83c\udfc3 : Installer des bureaux ajustables, des v\u00e9los-bureaux ou des ballons-si\u00e8ges pour les enfants ayant besoin de mouvement pour se concentrer.<\/li>\n\n\n\n<li><strong>Stations collaboratives<\/strong> \ud83e\udd1d : Organiser des tables de travail modulables pour faciliter l\u2019\u00e9change et les projets de groupe.<\/li>\n\n\n\n<li><strong>Coins de d\u00e9tente<\/strong> \ud83c\udf3f : Pr\u00e9voir des espaces avec coussins, tapis et lumi\u00e8re tamis\u00e9e pour des moments de pause et de recentrage.<\/li>\n<\/ul>\n\n\n\n<p>\u26a0\ufe0f <strong>Points d&rsquo;attention<\/strong> :<\/p>\n\n\n\n<ul class=\"wp-block-list\">\n<li>Accompagner les enfants dans le choix de leur espace de travail pour \u00e9viter une dispersion excessive.<\/li>\n\n\n\n<li>\u00c9valuer les besoins individuels et proposer des adaptations personnalis\u00e9es si n\u00e9cessaire.<\/li>\n\n\n\n<li>Veiller \u00e0 ce que chaque espace soit fonctionnel et ne devienne pas une source de distraction excessive.<\/li>\n<\/ul>\n\n\n\n<div class=\"wp-block-columns is-layout-flex wp-container-core-columns-is-layout-9d6595d7 wp-block-columns-is-layout-flex\">\n<div class=\"wp-block-column is-layout-flow wp-block-column-is-layout-flow\">\n<h2 class=\"wp-block-heading\">Objectif(s) d&rsquo;utilisation<\/h2>\n\n\n\n<p>\ud83e\udde0 <strong>Favoriser<\/strong> la concentration et l\u2019engagement des enfants.<\/p>\n\n\n\n<p>\ud83d\udd04 <strong>Encourager<\/strong> l\u2019autonomie dans la gestion de l\u2019espace de travail.<\/p>\n\n\n\n<p>\ud83c\udfad <strong>Soutenir<\/strong> la diff\u00e9renciation p\u00e9dagogique en r\u00e9pondant aux besoins sensoriels et cognitifs vari\u00e9s.<\/p>\n\n\n\n<p>\ud83d\udcca <strong>Valoriser<\/strong> la prise d\u2019initiative et l\u2019auto-r\u00e9gulation dans les apprentissages.<\/p>\n\n\n\n<p>\u2600\ufe0f <strong>Stimuler<\/strong> le bien-\u00eatre en proposant un cadre adapt\u00e9 et modulable.<\/p>\n\n\n\n<h2 class=\"wp-block-heading\">Liens utiles<\/h2>\n\n\n\n<p>\ud83c\udfa5 <strong>VID\u00c9O<\/strong> Youtube (3min 14): <em><a href=\"https:\/\/www.youtube.com\/watch?v=GHnEar1V57Y\" target=\"_blank\" rel=\"noreferrer noopener\">Am\u00e9nagement flexible: pour le bien \u00eatre des \u00e9l\u00e8ves en classe <\/a>(R\u00e9seau d&rsquo;Information pour les R\u00e9ussites Educative- RIRE &#8211; Quebec-Montreal)<\/em> &#8211; Consult\u00e9e en f\u00e9vrier 2025<\/p>\n<\/div>\n\n\n\n<div class=\"wp-block-column is-layout-flow wp-block-column-is-layout-flow\">\n<h2 class=\"wp-block-heading\">Variantes &#8211; am\u00e9nagements<\/h2>\n\n\n\n<p>\ud83d\udee0\ufe0f <strong>Astuces et adaptations<\/strong> :<\/p>\n\n\n\n<ul class=\"wp-block-list\">\n<li>Permettre aux enfants de tester plusieurs environnements et de noter o\u00f9 ils se sentent le plus \u00e0 l\u2019aise selon les t\u00e2ches.<\/li>\n\n\n\n<li>Utiliser un syst\u00e8me de pictogrammes ou de couleurs pour guider les enfants dans le choix de leur espace.<\/li>\n\n\n\n<li>Introduire des rotations pour \u00e9viter que certains enfants restent toujours dans le m\u00eame type d\u2019environnement.<\/li>\n<\/ul>\n\n\n\n<p>\ud83c\udfa8 <strong>Id\u00e9es cr\u00e9atives<\/strong> :<\/p>\n\n\n\n<ul class=\"wp-block-list\">\n<li>Proposer une \u00ab carte des espaces \u00bb avec des r\u00e8gles simples pour optimiser l\u2019utilisation de chaque zone.<\/li>\n\n\n\n<li>Permettre aux enfants d\u2019am\u00e9nager eux-m\u00eames certaines zones pour les rendre plus engageantes.<\/li>\n\n\n\n<li>Associer chaque station \u00e0 une mission ludique (exemple : la \u00ab zone d\u00e9tective \u00bb pour la lecture, la \u00ab station des inventeurs \u00bb pour les projets collaboratifs).<\/li>\n<\/ul>\n<\/div>\n<\/div>\n\n\n\n<p>Des outils \u00e0 nous partager ?&nbsp;<a href=\"https:\/\/api-lux.be\/index.php\/contact\/\">Cliquez ici<\/a><\/p>\n\n\n\n<p><br><br><\/p>\n","protected":false},"excerpt":{"rendered":"<p>\ud83d\udcda Am\u00e9nagement scolaire &#8211; Adapter et am\u00e9nager l\u2019espace pour favoriser l\u2019apprentissage et la concentration.<\/p>\n","protected":false},"author":10,"featured_media":0,"comment_status":"closed","ping_status":"closed","sticky":false,"template":"","format":"standard","meta":{"iawp_total_views":6,"footnotes":""},"categories":[24,10,28,4,22,27,14,18,9,8,23,46,47,17,20,26],"tags":[],"class_list":["post-837","post","type-post","status-publish","format-standard","hentry","category-adaptation-des-apprentissages","category-amenagement-environnement","category-autonomie-et-responsabilisation","category-besoins","category-besoins-cognitifs","category-besoins-daccomplissement","category-besoins-dappartenance","category-besoins-destime","category-besoins-de-securite","category-bien-etre","category-communication","category-fiches-outils","category-fiches-outils-pour-les-professionnels","category-inclusion-sociale-et-reseau-sociaux","category-individualisation","category-outils-pedagogiques-pour-les-pro"],"_links":{"self":[{"href":"https:\/\/api-lux.be\/index.php\/wp-json\/wp\/v2\/posts\/837","targetHints":{"allow":["GET"]}}],"collection":[{"href":"https:\/\/api-lux.be\/index.php\/wp-json\/wp\/v2\/posts"}],"about":[{"href":"https:\/\/api-lux.be\/index.php\/wp-json\/wp\/v2\/types\/post"}],"author":[{"embeddable":true,"href":"https:\/\/api-lux.be\/index.php\/wp-json\/wp\/v2\/users\/10"}],"replies":[{"embeddable":true,"href":"https:\/\/api-lux.be\/index.php\/wp-json\/wp\/v2\/comments?post=837"}],"version-history":[{"count":8,"href":"https:\/\/api-lux.be\/index.php\/wp-json\/wp\/v2\/posts\/837\/revisions"}],"predecessor-version":[{"id":7754,"href":"https:\/\/api-lux.be\/index.php\/wp-json\/wp\/v2\/posts\/837\/revisions\/7754"}],"wp:attachment":[{"href":"https:\/\/api-lux.be\/index.php\/wp-json\/wp\/v2\/media?parent=837"}],"wp:term":[{"taxonomy":"category","embeddable":true,"href":"https:\/\/api-lux.be\/index.php\/wp-json\/wp\/v2\/categories?post=837"},{"taxonomy":"post_tag","embeddable":true,"href":"https:\/\/api-lux.be\/index.php\/wp-json\/wp\/v2\/tags?post=837"}],"curies":[{"name":"wp","href":"https:\/\/api.w.org\/{rel}","templated":true}]}}