{"id":836,"date":"2025-02-14T11:36:55","date_gmt":"2025-02-14T10:36:55","guid":{"rendered":"http:\/\/localhost\/mdi_w\/?p=836"},"modified":"2025-07-01T14:09:13","modified_gmt":"2025-07-01T12:09:13","slug":"materiel-pour-favoriser-la-manutention-fine-en-classe","status":"publish","type":"post","link":"https:\/\/api-lux.be\/index.php\/2025\/02\/14\/materiel-pour-favoriser-la-manutention-fine-en-classe\/","title":{"rendered":"Mat\u00e9riel ergonomique pour l&rsquo;\u00e9cole"},"content":{"rendered":"\n<div class=\"wp-block-columns is-layout-flex wp-container-core-columns-is-layout-9d6595d7 wp-block-columns-is-layout-flex\">\n<div class=\"wp-block-column is-vertically-aligned-center is-layout-flow wp-block-column-is-layout-flow\"><div class=\"wp-block-image\">\n<figure class=\"aligncenter size-large\"><img loading=\"lazy\" decoding=\"async\" width=\"1024\" height=\"683\" src=\"https:\/\/api-lux.be\/wp-content\/uploads\/2025\/02\/motricite-fine-1024x683.jpg\" alt=\"\" class=\"wp-image-1964\" srcset=\"https:\/\/api-lux.be\/wp-content\/uploads\/2025\/02\/motricite-fine-1024x683.jpg 1024w, https:\/\/api-lux.be\/wp-content\/uploads\/2025\/02\/motricite-fine-300x200.jpg 300w, https:\/\/api-lux.be\/wp-content\/uploads\/2025\/02\/motricite-fine-768x512.jpg 768w, https:\/\/api-lux.be\/wp-content\/uploads\/2025\/02\/motricite-fine.jpg 1380w\" sizes=\"auto, (max-width: 1024px) 100vw, 1024px\" \/><\/figure>\n<\/div><\/div>\n\n\n\n<div class=\"wp-block-column is-layout-flow wp-block-column-is-layout-flow\">\n<p>Gamme mat\u00e9riels con\u00e7us pour am\u00e9liorer la coordination entre les mains et les yeux, la dext\u00e9rit\u00e9 et la pr\u00e9cision des gestes.<\/p>\n\n\n\n<h2 class=\"wp-block-heading\">\u00c2ge cible<\/h2>\n\n\n\n<p>De 4 \u00e0 18 ans.<\/p>\n<\/div>\n<\/div>\n\n\n\n<h2 class=\"wp-block-heading\">Descriptif de l&rsquo;outil<\/h2>\n\n\n\n<p>\ud83e\uddf8 <strong>Les enfants dyspraxiques<\/strong> peuvent rencontrer des difficult\u00e9s pour coordonner leurs gestes et manipuler des objets avec pr\u00e9cision. Une s\u00e9rie de mat\u00e9riels adapt\u00e9s permet de soutenir leur d\u00e9veloppement de la motricit\u00e9 fine en rendant les gestes plus accessibles et plus simples \u00e0 r\u00e9aliser. Ces outils sont con\u00e7us pour \u00eatre ergonomiques et faciliter l\u2019apprentissage des gestes quotidiens ou scolaires.<\/p>\n\n\n\n<p>\ud83d\udd0d <strong>Exemples concrets d\u2019utilisation dans diff\u00e9rents contextes<\/strong> :<\/p>\n\n\n\n<ul class=\"wp-block-list\">\n<li>\u270d\ufe0f <strong>\u00c9criture<\/strong> : Utiliser un crayon \u00e0 empreintes pr\u00e9s-form\u00e9es, qui guide la prise du crayon et aide \u00e0 maintenir la posture correcte des doigts. Un manchon en caoutchouc pour les crayons ou stylos permet \u00e9galement de faciliter la prise en main.<\/li>\n\n\n\n<li>\ud83d\udd35 <strong>Trac\u00e9s<\/strong> : Le compas plat, qui permet de tracer des cercles facilement en maintenant le centre du compas d&rsquo;une main et en dessinant avec l&rsquo;autre main.<\/li>\n\n\n\n<li>\u2702\ufe0f <strong>D\u00e9coupage<\/strong> : Des ciseaux ergonomiques avec des poign\u00e9es adapt\u00e9es permettent une meilleure prise et un mouvement plus contr\u00f4l\u00e9 lors des d\u00e9coupages.<\/li>\n\n\n\n<li>\ud83d\udcda <strong>Lecture<\/strong> : L\u2019utilisation de lattes anti-glisse pour aider \u00e0 maintenir les livres ou feuilles en place tout en facilitant le suivi de la ligne de texte.<\/li>\n\n\n\n<li>\ud83d\udcdd <strong>Feuilles \u00e0 rep\u00e8res<\/strong> : Des feuilles avec marges color\u00e9es (vert pour le sol, bleu pour le ciel, rouge pour les bords) permettent \u00e0 l\u2019enfant de mieux se rep\u00e9rer sur la page et de structurer son \u00e9criture, favorisant la concentration et la pr\u00e9cision.<\/li>\n<\/ul>\n\n\n\n<p>\u26a0\ufe0f <strong>Points d&rsquo;attention pour bien utiliser l&rsquo;outil<\/strong> :<\/p>\n\n\n\n<ul class=\"wp-block-list\">\n<li>\u2705 <strong>S\u2019assurer que l\u2019enfant comprend bien l\u2019usage de l&rsquo;outil<\/strong>, sans quoi il peut se sentir frustr\u00e9.<\/li>\n\n\n\n<li>\ud83d\udd04 <strong>Utiliser ces outils de mani\u00e8re progressive<\/strong> pour ne pas surcharger l\u2019enfant. Chaque outil doit \u00eatre introduit \u00e0 un moment adapt\u00e9 pour maximiser son efficacit\u00e9.<\/li>\n\n\n\n<li>\ud83d\udccf <strong>Toujours v\u00e9rifier que les outils sont de bonne taille<\/strong> et bien ajust\u00e9s \u00e0 l\u2019\u00e2ge de l\u2019enfant.<\/li>\n<\/ul>\n\n\n\n<div class=\"wp-block-columns is-layout-flex wp-container-core-columns-is-layout-9d6595d7 wp-block-columns-is-layout-flex\">\n<div class=\"wp-block-column is-layout-flow wp-block-column-is-layout-flow\">\n<h2 class=\"wp-block-heading\">Objectif(s) d&rsquo;utilisation<\/h2>\n\n\n\n<p>\ud83d\udc4b <strong>Am\u00e9liorer la coordination main-\u0153il<\/strong> : Travailler sur des gestes pr\u00e9cis comme l\u2019\u00e9criture, le d\u00e9coupage ou le trac\u00e9.<\/p>\n\n\n\n<p>\ud83d\udcdd <strong>Renforcer l\u2019autonomie dans les gestes quotidiens et scolaires<\/strong> : En facilitant des t\u00e2ches comme l\u2019\u00e9criture, le dessin et l\u2019utilisation d\u2019outils de base.<\/p>\n\n\n\n<p>\ud83d\udcaa <strong>D\u00e9velopper la confiance en soi<\/strong> : R\u00e9duire la frustration et aider l\u2019enfant \u00e0 se sentir plus comp\u00e9tent dans ses capacit\u00e9s motrices.<\/p>\n\n\n\n<p>\ud83c\udf31 <strong>Encourager l\u2019apprentissage actif<\/strong> : \u00c0 travers l\u2019utilisation d&rsquo;outils adapt\u00e9s, l\u2019enfant peut participer plus facilement aux activit\u00e9s scolaires et manuelles, en d\u00e9veloppant sa dext\u00e9rit\u00e9 et son autonomie.<\/p>\n\n\n\n<h2 class=\"wp-block-heading\">Liens utiles<\/h2>\n\n\n\n<p>\ud83d\udecd\ufe0f <strong>SITE DE VENTE<\/strong> de mat\u00e9riel dys &#8211; <a href=\"https:\/\/www.materieldys.com\/90-fournitures-scolaires-ergonomiques\" target=\"_blank\" rel=\"noreferrer noopener\">https:\/\/www.materieldys.com\/90-fournitures-scolaires-ergonomiques<\/a><\/p>\n\n\n\n<p>\ud83d\udecd\ufe0f <strong>SITE DE VENTE<\/strong> Hoptoys &#8211; <a href=\"https:\/\/www.hoptoys.fr\/fournitures-scolaires-ergonomiques-c-871.html\" target=\"_blank\" rel=\"noreferrer noopener\">https:\/\/www.hoptoys.fr\/fournitures-scolaires-ergonomiques-c-871.html<\/a><\/p>\n\n\n\n<p>\ud83d\udecd\ufe0f <strong>SITE DE VENTE<\/strong> Wesco &#8211; <a href=\"https:\/\/fr.wesco-eshop.be\/inclusion-autisme\/inclusion-autisme\/autonomie\/fournitures-scolaires-ergonomiques.html\" target=\"_blank\" rel=\"noreferrer noopener\">https:\/\/fr.wesco-eshop.be\/inclusion-autisme\/inclusion-autisme\/autonomie\/fournitures-scolaires-ergonomiques.html<\/a><\/p>\n\n\n\n<p>\u00ab\u00a0<em>Les liens vers les sites propos\u00e9s sont fournis \u00e0 titre indicatif et ne constituent en aucun cas une recommandation publicitaire. De nombreux mat\u00e9riaux et \u00e9quipements similaires peuvent \u00eatre trouv\u00e9s dans les magasins de proximit\u00e9 et les enseignes discount.\u00a0\u00bb<\/em><\/p>\n<\/div>\n\n\n\n<div class=\"wp-block-column is-layout-flow wp-block-column-is-layout-flow\">\n<h2 class=\"wp-block-heading\">Variantes &#8211; am\u00e9nagements<\/h2>\n\n\n\n<p>\ud83d\udee0\ufe0f <strong>Bien que les petits mat\u00e9riels sp\u00e9cialis\u00e9s soient tr\u00e8s utiles<\/strong>, il existe \u00e9galement d\u2019autres approches et activit\u00e9s compl\u00e9mentaires pour aider \u00e0 travailler la motricit\u00e9 fine et la manutention. Voici quelques id\u00e9es :<\/p>\n\n\n\n<p>\ud83c\udfa8 <strong>Ateliers de motricit\u00e9 fine<\/strong> : Organiser des s\u00e9ances de manipulation r\u00e9guli\u00e8res avec des petits objets comme des billes, des perles ou des pi\u00e8ces de puzzle \ud83e\udde9 pour am\u00e9liorer la pr\u00e9cision des gestes.<\/p>\n\n\n\n<p>\ud83e\uddf1 <strong>Jeux de construction<\/strong> : Utiliser des blocs de construction comme Lego \ud83e\udde9 pour encourager la manipulation fine et le d\u00e9veloppement de la coordination.<\/p>\n\n\n\n<p>\u2702\ufe0f <strong>Exercices de d\u00e9coupage cr\u00e9atif<\/strong> : Utiliser des feuilles avec rep\u00e8res de couleurs \ud83c\udf08 pour aider \u00e0 structurer l\u2019espace lors du d\u00e9coupage. Par exemple, d\u00e9couper en suivant des lignes de couleurs ou des formes sp\u00e9cifiques.<\/p>\n\n\n\n<p>\u270f\ufe0f <strong>\u00c9criture et dessin<\/strong> : Proposer des crayons ou stylos de diff\u00e9rentes tailles \u270d\ufe0f pour am\u00e9liorer la prise en main. Par exemple, les crayons de grande taille ou les stylos ergonomiques aident \u00e0 mieux tenir l\u2019outil et \u00e0 \u00e9viter la tension dans la main.<\/p>\n\n\n\n<p>\ud83d\udc86\u200d\u2642\ufe0f <strong>Exercices sensoriels et de relaxation<\/strong> : Des mat\u00e9riaux comme la p\u00e2te \u00e0 modeler \ud83d\udd8b\ufe0f ou des balles sensorielles \ud83c\udfbe peuvent \u00eatre utilis\u00e9s pour renforcer la pr\u00e9hension et la dext\u00e9rit\u00e9 de mani\u00e8re ludique et agr\u00e9able.<\/p>\n\n\n\n<p>\ud83c\udfa8 <strong>M\u00e9thode du coloriage ou de la p\u00e2te \u00e0 modeler<\/strong> : Encourager l\u2019enfant \u00e0 travailler la motricit\u00e9 fine \u00e0 travers des activit\u00e9s cr\u00e9atives comme le coloriage pr\u00e9cis \ud83c\udfa8 ou la cr\u00e9ation de formes avec la p\u00e2te \u00e0 modeler, en insistant sur la pr\u00e9cision des gestes.<\/p>\n<\/div>\n<\/div>\n\n\n\n<p>Des outils \u00e0 nous partager ?&nbsp;<a href=\"https:\/\/api-lux.be\/index.php\/contact\/\">Cliquez ici<\/a><\/p>\n","protected":false},"excerpt":{"rendered":"<p>Gamme mat\u00e9riels con\u00e7us pour am\u00e9liorer la coordination entre les mains et les yeux, la dext\u00e9rit\u00e9 et la pr\u00e9cision des gestes. \u00c2ge cible De 4 \u00e0 18 ans. Descriptif de l&rsquo;outil [&hellip;]<\/p>\n","protected":false},"author":1,"featured_media":0,"comment_status":"closed","ping_status":"closed","sticky":false,"template":"","format":"standard","meta":{"iawp_total_views":4,"footnotes":""},"categories":[24,4,22,46,48,47,25,26],"tags":[],"class_list":["post-836","post","type-post","status-publish","format-standard","hentry","category-adaptation-des-apprentissages","category-besoins","category-besoins-cognitifs","category-fiches-outils","category-fiches-outils-pour-les-aidants-proches","category-fiches-outils-pour-les-professionnels","category-materiel-specifique","category-outils-pedagogiques-pour-les-pro"],"_links":{"self":[{"href":"https:\/\/api-lux.be\/index.php\/wp-json\/wp\/v2\/posts\/836","targetHints":{"allow":["GET"]}}],"collection":[{"href":"https:\/\/api-lux.be\/index.php\/wp-json\/wp\/v2\/posts"}],"about":[{"href":"https:\/\/api-lux.be\/index.php\/wp-json\/wp\/v2\/types\/post"}],"author":[{"embeddable":true,"href":"https:\/\/api-lux.be\/index.php\/wp-json\/wp\/v2\/users\/1"}],"replies":[{"embeddable":true,"href":"https:\/\/api-lux.be\/index.php\/wp-json\/wp\/v2\/comments?post=836"}],"version-history":[{"count":7,"href":"https:\/\/api-lux.be\/index.php\/wp-json\/wp\/v2\/posts\/836\/revisions"}],"predecessor-version":[{"id":7753,"href":"https:\/\/api-lux.be\/index.php\/wp-json\/wp\/v2\/posts\/836\/revisions\/7753"}],"wp:attachment":[{"href":"https:\/\/api-lux.be\/index.php\/wp-json\/wp\/v2\/media?parent=836"}],"wp:term":[{"taxonomy":"category","embeddable":true,"href":"https:\/\/api-lux.be\/index.php\/wp-json\/wp\/v2\/categories?post=836"},{"taxonomy":"post_tag","embeddable":true,"href":"https:\/\/api-lux.be\/index.php\/wp-json\/wp\/v2\/tags?post=836"}],"curies":[{"name":"wp","href":"https:\/\/api.w.org\/{rel}","templated":true}]}}