{"id":826,"date":"2025-02-14T11:36:55","date_gmt":"2025-02-14T10:36:55","guid":{"rendered":"http:\/\/localhost\/mdi_w\/?p=826"},"modified":"2025-07-01T14:03:50","modified_gmt":"2025-07-01T12:03:50","slug":"ecole-du-dehors","status":"publish","type":"post","link":"https:\/\/api-lux.be\/index.php\/2025\/02\/14\/ecole-du-dehors\/","title":{"rendered":"Ecole du Dehors"},"content":{"rendered":"\n<div class=\"wp-block-columns is-layout-flex wp-container-core-columns-is-layout-9d6595d7 wp-block-columns-is-layout-flex\">\n<div class=\"wp-block-column is-vertically-aligned-center is-layout-flow wp-block-column-is-layout-flow\">\n<figure class=\"wp-block-image size-full\"><img decoding=\"async\" src=\"https:\/\/api-lux.be\/wp-content\/uploads\/2025\/02\/ecole_du_dehors.jpg\" alt=\" \" class=\"wp-image-202\"\/><\/figure>\n<\/div>\n\n\n\n<div class=\"wp-block-column is-layout-flow wp-block-column-is-layout-flow\">\n<p>\ud83d\udcda <strong>Am\u00e9nagement scolaire <\/strong>&#8211; Apprendre en immersion dans la nature pour favoriser l\u2019engagement et le bien-\u00eatre des enfants.<\/p>\n\n\n\n<!--more-->\n\n\n\n<h2 class=\"wp-block-heading\">\u00c2ge cible<\/h2>\n\n\n\n<p>Tout \u00e2ge.<\/p>\n<\/div>\n<\/div>\n\n\n\n<h2 class=\"wp-block-heading\">Descriptif de l&rsquo;outil<\/h2>\n\n\n\n<p><em>L&rsquo;\u00e9cole du dehors <\/em>est une approche \u00e9ducative qui int\u00e8gre l\u2019apprentissage en plein air, en utilisant la nature comme cadre d\u2019enseignement et d\u2019exp\u00e9rimentation. \ud83c\udf33 Elle permet aux enfants d\u2019explorer, d\u2019apprendre autrement et de d\u00e9velopper leur autonomie. \ud83d\udca1 Ce concept s\u2019adapte \u00e0 tous les niveaux scolaires et peut \u00eatre int\u00e9gr\u00e9 sous diff\u00e9rentes formes :<\/p>\n\n\n\n<p>\ud83c\udf3f <strong>Sorties r\u00e9guli\u00e8res en ext\u00e9rieur<\/strong> pour explorer des notions scolaires dans un cadre vivant.<br>\ud83c\udfde <strong>Classe en plein air<\/strong> o\u00f9 les apprentissages classiques sont adapt\u00e9s aux ressources naturelles.<br>\ud83c\udf31 <strong>Projets p\u00e9dagogiques immersifs<\/strong> (jardinage, observation de la faune, construction collaborative).<\/p>\n\n\n\n<p>Cette approche favorise la motivation \ud83c\udfaf, l\u2019attention \ud83e\udde0, la cr\u00e9ativit\u00e9 \ud83c\udfa8 et le d\u00e9veloppement moteur et sensoriel \ud83c\udfc3\u200d\u2642\ufe0f, tout en am\u00e9liorant la relation \u00e0 l\u2019environnement \ud83c\udf0d et le bien-\u00eatre g\u00e9n\u00e9ral des \u00e9l\u00e8ves.<\/p>\n\n\n\n<p><strong>Exemples concrets d\u2019application<\/strong><\/p>\n\n\n\n<p>\ud83d\udccc <strong>Math\u00e9matiques et logique<\/strong>: Mesurer des arbres, tracer des figures g\u00e9om\u00e9triques avec des branches, estimer des distances en pas, travailler sur les fractions en partageant des ressources naturelles.<\/p>\n\n\n\n<p>\ud83d\udccc <strong>Sciences naturelles<\/strong>: Observer la biodiversit\u00e9 d\u2019un espace vert, comparer les sols, identifier les arbres et plantes selon les saisons, suivre l\u2019\u00e9volution d\u2019un \u00e9cosyst\u00e8me.<\/p>\n\n\n\n<p>\ud83d\udccc <strong>\u00c9ducation physique et motricit\u00e9<\/strong>: Cr\u00e9er un parcours d\u2019orientation, grimper, sauter, ramper dans un cadre s\u00e9curis\u00e9, d\u00e9velopper des comp\u00e9tences motrices en interaction avec l\u2019environnement naturel.<\/p>\n\n\n\n<p>\ud83d\udccc <strong>Expression orale et \u00e9crite<\/strong>: R\u00e9diger un carnet de bord de leurs d\u00e9couvertes, inventer des histoires inspir\u00e9es par la nature, r\u00e9aliser des expos\u00e9s sur les \u00e9l\u00e9ments observ\u00e9s.<\/p>\n\n\n\n<p>\ud83d\udccc <strong>D\u00e9veloppement socio-\u00e9motionnel<\/strong>: Apprendre la coop\u00e9ration en construisant une cabane ensemble, travailler sur la gestion des conflits en s\u2019exprimant dans un cadre apaisant.<\/p>\n\n\n\n<h4 class=\"wp-block-heading\"><strong>Points d\u2019attention pour une mise en place efficace<\/strong><\/h4>\n\n\n\n<ul class=\"wp-block-list\">\n<li><strong>S\u00e9curiser l\u2019environnement et anticiper les risques<\/strong>\n<ul class=\"wp-block-list\">\n<li>\ud83d\udd0d <strong>Rep\u00e9rer le lieu avant la sortie<\/strong> : V\u00e9rifier l&rsquo;absence de dangers comme les cours d&rsquo;eau, les plantes toxiques ou les terrains instables.<\/li>\n\n\n\n<li>\ud83d\udccb <strong>D\u00e9finir des r\u00e8gles claires<\/strong> avec les enfants : Assurez-vous qu&rsquo;ils comprennent les consignes de s\u00e9curit\u00e9 tout en leur laissant de l\u2019autonomie.<\/li>\n\n\n\n<li>\ud83d\udc68\u200d\ud83d\udc69\u200d\ud83d\udc67\u200d\ud83d\udc66 <strong>Supervision attentive<\/strong> : Gardez un \u0153il sur les enfants tout en leur offrant la libert\u00e9 d\u2019explorer.<\/li>\n<\/ul>\n<\/li>\n<\/ul>\n\n\n\n<ul class=\"wp-block-list\">\n<li><strong>S\u2019adapter aux besoins des enfants<\/strong>\n<ul class=\"wp-block-list\">\n<li>\ud83d\udcaa <strong>Tenir compte de la fatigabilit\u00e9 et des capacit\u00e9s de chaque \u00e9l\u00e8ve<\/strong> : Offrir des pauses r\u00e9guli\u00e8res et adapter les activit\u00e9s aux besoins sp\u00e9cifiques de chacun.<br>\ud83c\udf24 <strong>\u00catre attentif aux conditions m\u00e9t\u00e9orologiques<\/strong> : Prendre en compte la m\u00e9t\u00e9o et pr\u00e9voir des alternatives en cas de pluie ou de froid pour garantir le confort et la s\u00e9curit\u00e9 de tous.<\/li>\n<\/ul>\n<\/li>\n<\/ul>\n\n\n\n<ul class=\"wp-block-list\">\n<li><strong>Assurer une coh\u00e9rence p\u00e9dagogique avec les apprentissages scolaires<\/strong>\n<ul class=\"wp-block-list\">\n<li>\ud83d\udcda <strong>Adapter les supports p\u00e9dagogiques<\/strong> : Utiliser des ressources naturelles et des mat\u00e9riaux en ext\u00e9rieur pour renforcer les apprentissages.<\/li>\n\n\n\n<li>\ud83d\udd17 <strong>Pr\u00e9voir une phase de mise en lien<\/strong> : Relier les notions apprises en classe aux exp\u00e9riences v\u00e9cues dehors, pour favoriser la compr\u00e9hension et l\u2019application.<\/li>\n<\/ul>\n<\/li>\n<\/ul>\n\n\n\n<ul class=\"wp-block-list\">\n<li><strong>Pr\u00e9voir du mat\u00e9riel adapt\u00e9 et logistique<\/strong>\n<ul class=\"wp-block-list\">\n<li>\ud83e\udde5 <strong>Anticiper les besoins mat\u00e9riels<\/strong> : Pr\u00e9voir des v\u00eatements adapt\u00e9s \u00e0 la m\u00e9t\u00e9o, des carnets de notes, ainsi que des outils d\u2019observation comme des loupes et des jumelles.<\/li>\n\n\n\n<li>\ud83d\udcdd <strong>Organiser un temps de retour en classe<\/strong> : Valoriser les d\u00e9couvertes faites en ext\u00e9rieur et structurer les apprentissages en faisant des liens avec les activit\u00e9s r\u00e9alis\u00e9es dehors.<\/li>\n<\/ul>\n<\/li>\n<\/ul>\n\n\n\n<div class=\"wp-block-columns is-layout-flex wp-container-core-columns-is-layout-9d6595d7 wp-block-columns-is-layout-flex\">\n<div class=\"wp-block-column is-layout-flow wp-block-column-is-layout-flow\">\n<h2 class=\"wp-block-heading\">Objectif(s) d&rsquo;utilisation<\/h2>\n\n\n\n<p>\ud83c\udf33 <strong>Am\u00e9liorer le bien-\u00eatre des \u00e9l\u00e8ves<\/strong> et favoriser un apprentissage enrichissant en milieu naturel.<\/p>\n\n\n\n<p>\ud83c\udf3f <strong>D\u00e9velopper la curiosit\u00e9 et l\u2019engagement des \u00e9l\u00e8ves<\/strong> en lien avec leur environnement.<\/p>\n\n\n\n<p>\ud83c\udfa8 <strong>Stimuler la cr\u00e9ativit\u00e9 et la pens\u00e9e critique<\/strong> \u00e0 travers des exp\u00e9riences concr\u00e8tes.<\/p>\n\n\n\n<p>\ud83e\udd1d <strong>Favoriser la coop\u00e9ration et la gestion de groupe<\/strong> dans un cadre naturel.<\/p>\n\n\n\n<p>\ud83d\udc40 <strong>Encourager une approche multi-sensorielle et exp\u00e9rientielle<\/strong> des apprentissages.<\/p>\n\n\n\n<p>\ud83d\udcaa <strong>Renforcer le bien-\u00eatre, la confiance en soi<\/strong> et la motivation scolaire.<\/p>\n<\/div>\n\n\n\n<div class=\"wp-block-column is-layout-flow wp-block-column-is-layout-flow\">\n<h2 class=\"wp-block-heading\">Variantes &#8211; am\u00e9nagement<\/h2>\n\n\n\n<p>\ud83c\udf0d <strong>\u00c9cole du dehors en lien avec des projets d\u2019\u00e9tablissement<\/strong>:<\/p>\n\n\n\n<ul class=\"wp-block-list\">\n<li>\ud83e\udd1d <strong>Collaboration avec des fermes p\u00e9dagogiques<\/strong>, des associations environnementales, des jardins communautaires pour diversifier les exp\u00e9riences.<\/li>\n<\/ul>\n\n\n\n<p>\ud83c\udfd9\ufe0f <strong>\u00c9cole du dehors en version urbaine<\/strong>: <\/p>\n\n\n\n<ul class=\"wp-block-list\">\n<li>\ud83c\udf33 M\u00eame en ville, on peut utiliser les <strong>parcs<\/strong>, les <strong>jardins partag\u00e9s<\/strong>, les <strong>bords de rivi\u00e8res<\/strong> comme espaces p\u00e9dagogiques pour connecter les \u00e9l\u00e8ves \u00e0 la nature, m\u00eame dans un cadre urbain.<\/li>\n<\/ul>\n<\/div>\n<\/div>\n\n\n\n<h2 class=\"wp-block-heading\">Liens utiles<\/h2>\n\n\n\n<p>\ud83c\udf10 <strong>SITE INTERNET<\/strong> officiel <em>(ressources et guide pour les 1er pas) <\/em><a href=\"https:\/\/www.ecoledudehors.be\/?PagePrincipale\" target=\"_blank\" rel=\"noreferrer noopener\">https:\/\/www.ecoledudehors.be\/?PagePrincipale<\/a><\/p>\n\n\n\n<p>\ud83d\udcf0 <strong>ARTICLE<\/strong> du collectif tous dehors.be: \u00ab\u00a0<em><a href=\"https:\/\/tousdehors.be\/?DefEcoledehors\" target=\"_blank\" rel=\"noreferrer noopener\">Favoriser la pratique de la sortie nature en Belgique francophone pour tous les publics<\/a><\/em>\u00a0\u00bb &#8211;<\/p>\n\n\n\n<p>\ud83d\udcd6 <strong>LIVRE <\/strong>Pour aider les enseignants \u00e0 pratiquer l&rsquo;\u00e9cole de dehors, le collectif<a href=\"http:\/\/www.tousdehors.be\/\" target=\"_blank\" rel=\"noreferrer noopener\">&nbsp;\u00ab\u00a0Tous dehors\u00a0\u00bb<\/a>&nbsp;a publi\u00e9 un livre \u00ab&nbsp;<em>Tr\u00e9sors du dehors &#8211; Aupr\u00e8s de nos arbres enseignons heureux<\/em>&nbsp;\u00bb. \u00c9dition : Terre Vivante, 2020.<\/p>\n\n\n\n<p>\ud83c\udfa5 <strong>VID\u00c9O<\/strong> Tv Lux: \u00ab\u00a0<a href=\"https:\/\/www.tvlux.be\/video\/info\/jeunesse\/bercheux-a-l-ecole-du-dehors_30514.html\" target=\"_blank\" rel=\"noreferrer noopener\">Bercheux: \u00e0 l&rsquo;\u00e9cole du dehors<\/a>\u00a0\u00bb (4min45) &#8211;<\/p>\n\n\n\n<p>\ud83c\udfa5 <strong>VID\u00c9O<\/strong> Tv Lux: \u00ab\u00a0<a href=\"https:\/\/www.tvlux.be\/video\/info\/jeunesse\/l-ecole-du-dehors-un-projet-pedagogique-reussi-a-paliseul_34844.html\" target=\"_blank\" rel=\"noreferrer noopener\">L&rsquo;\u00e9cole du dehors, un projet p\u00e9dagogique r\u00e9ussi \u00e0 Paliseul<\/a>\u00a0\u00bb (2min35) &#8211;<\/p>\n\n\n\n<p>Des outils \u00e0 nous partager ?&nbsp;<a href=\"https:\/\/api-lux.be\/index.php\/contact\/\">Cliquez ici<\/a><\/p>\n\n\n\n<p><\/p>\n","protected":false},"excerpt":{"rendered":"<p>\ud83d\udcda Am\u00e9nagement scolaire &#8211; Apprendre en immersion dans la nature pour favoriser l\u2019engagement et le bien-\u00eatre des enfants.<\/p>\n","protected":false},"author":10,"featured_media":0,"comment_status":"closed","ping_status":"closed","sticky":false,"template":"","format":"standard","meta":{"iawp_total_views":3,"footnotes":""},"categories":[24,10,4,22,14,18,9,5,8,13,46,48,47,19,17,26,6],"tags":[],"class_list":["post-826","post","type-post","status-publish","format-standard","hentry","category-adaptation-des-apprentissages","category-amenagement-environnement","category-besoins","category-besoins-cognitifs","category-besoins-dappartenance","category-besoins-destime","category-besoins-de-securite","category-besoins-physiologiques","category-bien-etre","category-coherence","category-fiches-outils","category-fiches-outils-pour-les-aidants-proches","category-fiches-outils-pour-les-professionnels","category-gestion-des-emotions","category-inclusion-sociale-et-reseau-sociaux","category-outils-pedagogiques-pour-les-pro","category-sante-alimentation-sommeil-hygiene"],"_links":{"self":[{"href":"https:\/\/api-lux.be\/index.php\/wp-json\/wp\/v2\/posts\/826","targetHints":{"allow":["GET"]}}],"collection":[{"href":"https:\/\/api-lux.be\/index.php\/wp-json\/wp\/v2\/posts"}],"about":[{"href":"https:\/\/api-lux.be\/index.php\/wp-json\/wp\/v2\/types\/post"}],"author":[{"embeddable":true,"href":"https:\/\/api-lux.be\/index.php\/wp-json\/wp\/v2\/users\/10"}],"replies":[{"embeddable":true,"href":"https:\/\/api-lux.be\/index.php\/wp-json\/wp\/v2\/comments?post=826"}],"version-history":[{"count":8,"href":"https:\/\/api-lux.be\/index.php\/wp-json\/wp\/v2\/posts\/826\/revisions"}],"predecessor-version":[{"id":7743,"href":"https:\/\/api-lux.be\/index.php\/wp-json\/wp\/v2\/posts\/826\/revisions\/7743"}],"wp:attachment":[{"href":"https:\/\/api-lux.be\/index.php\/wp-json\/wp\/v2\/media?parent=826"}],"wp:term":[{"taxonomy":"category","embeddable":true,"href":"https:\/\/api-lux.be\/index.php\/wp-json\/wp\/v2\/categories?post=826"},{"taxonomy":"post_tag","embeddable":true,"href":"https:\/\/api-lux.be\/index.php\/wp-json\/wp\/v2\/tags?post=826"}],"curies":[{"name":"wp","href":"https:\/\/api.w.org\/{rel}","templated":true}]}}