{"id":823,"date":"2025-02-14T11:36:55","date_gmt":"2025-02-14T10:36:55","guid":{"rendered":"http:\/\/localhost\/mdi_w\/?p=823"},"modified":"2025-07-01T14:02:33","modified_gmt":"2025-07-01T12:02:33","slug":"la-methode-des-loci","status":"publish","type":"post","link":"https:\/\/api-lux.be\/index.php\/2025\/02\/14\/la-methode-des-loci\/","title":{"rendered":"M\u00e9thode: les LOCI (le palais mental) &#8211; m\u00e9morisation"},"content":{"rendered":"\n<div class=\"wp-block-columns is-layout-flex wp-container-core-columns-is-layout-9d6595d7 wp-block-columns-is-layout-flex\">\n<div class=\"wp-block-column is-layout-flow wp-block-column-is-layout-flow\"><div class=\"wp-block-image\">\n<figure class=\"aligncenter size-full is-resized\"><img decoding=\"async\" src=\"https:\/\/api-lux.be\/wp-content\/uploads\/2025\/02\/memoire_des_lieux.jpg\" alt=\" \" class=\"wp-image-202\" style=\"width:209px;height:auto\"\/><\/figure>\n<\/div><\/div>\n\n\n\n<div class=\"wp-block-column is-layout-flow wp-block-column-is-layout-flow\">\n<p>\ud83e\udde0 <strong>M\u00e9thode scolaire sp\u00e9cifique<\/strong> &#8211; Technique de m\u00e9morisation bas\u00e9e sur l\u2019association de mots \u00e0 des lieux familiers.<\/p>\n\n\n\n<!--more-->\n\n\n\n<h2 class=\"wp-block-heading\">Age cible (pour qui)<\/h2>\n\n\n\n<p><b> &#8211; de 6 \u00e0 21 an(s)<\/b><\/p>\n<\/div>\n<\/div>\n\n\n\n<h2 class=\"wp-block-heading\">Descriptif de l&rsquo;outil<\/h2>\n\n\n\n<p>\u270f\ufe0f Cette technique repose sur la <strong>visualisation d\u2019un chemin familier<\/strong> (par exemple : de la maison \u00e0 l\u2019\u00e9cole) et l\u2019<strong>association mentale des \u00e9l\u00e9ments \u00e0 retenir<\/strong> \u00e0 des endroits cl\u00e9s de ce parcours. En revisitant ce trajet mentalement, les jeunes peuvent retrouver facilement les informations m\u00e9moris\u00e9es.<\/p>\n\n\n\n<p>\ud83e\udde0 Elle s\u2019adapte particuli\u00e8rement bien aux enfants et adolescents qui ont une approche visuelle de l\u2019apprentissage et permet de structurer la m\u00e9morisation de mani\u00e8re <strong>ludique, engageante et interactive<\/strong>.<\/p>\n\n\n\n<h3 class=\"wp-block-heading\">Exemples d\u2019utilisation :<\/h3>\n\n\n\n<ul class=\"wp-block-list\">\n<li>\ud83d\udcda Associer des mots de vocabulaire \u00e0 des pi\u00e8ces d\u2019une maison.<\/li>\n\n\n\n<li>\ud83d\udcdc Placer mentalement des \u00e9v\u00e9nements historiques \u00e0 des rep\u00e8res sur un chemin familier.<\/li>\n\n\n\n<li>\ud83c\udfa4 Organiser les \u00e9tapes d\u2019un expos\u00e9 en les associant \u00e0 des endroits sp\u00e9cifiques d\u2019un parcours quotidien.<\/li>\n<\/ul>\n\n\n\n<p>\u2757 <strong>Points d\u2019attention<\/strong> :<\/p>\n\n\n\n<ul class=\"wp-block-list\">\n<li>\ud83d\uddbc\ufe0f Encourager les jeunes \u00e0 utiliser des images mentales <strong>marquantes et originales<\/strong> pour renforcer l\u2019ancrage.<\/li>\n\n\n\n<li>\ud83d\udee3\ufe0f Veiller \u00e0 ce que le chemin choisi soit <strong>coh\u00e9rent, connu et facilement r\u00e9p\u00e9table<\/strong>.<\/li>\n\n\n\n<li>\ud83c\udfa8 Adapter l\u2019approche \u00e0 chaque individu : certains pr\u00e9f\u00e8reront des lieux imaginaires ou fantastiques.<\/li>\n<\/ul>\n\n\n\n<div class=\"wp-block-columns is-layout-flex wp-container-core-columns-is-layout-9d6595d7 wp-block-columns-is-layout-flex\">\n<div class=\"wp-block-column is-layout-flow wp-block-column-is-layout-flow\">\n<h2 class=\"wp-block-heading\">Liens utiles<\/h2>\n\n\n\n<p>\ud83c\udfa5 <strong>VIDEO: <\/strong>youtube (6min 42) &#8211; Enzo Honor\u00e9: <br>\u00a0\u00bb<a href=\"https:\/\/www.youtube.com\/watch?v=cZX29ao6F1o\" target=\"_blank\" rel=\"noreferrer noopener\"> 3 \u00e9tapes pour cr\u00e9er son 1er palais mental<\/a>\u00a0\u00bb<\/p>\n\n\n\n<p>\ud83d\udcdd <strong>ARTICLE<\/strong> pour aller plus loin: <a href=\"https:\/\/www.didask.com\/post\/creer-des-raccourcis-mentaux-a-travers-autres-connaissances\" target=\"_blank\" rel=\"noreferrer noopener\">dites le avec des m\u00e9taphores, comment les raccourcis mentaux facilitent l&rsquo;apprentissage<\/a>. ressource didask &#8211; <a href=\"https:\/\/www.didask.com\/post\/creer-des-raccourcis-mentaux-a-travers-autres-connaissances#Author-section\">Svetlana Meyer<\/a><br><br><br><\/p>\n<\/div>\n\n\n\n<div class=\"wp-block-column is-layout-flow wp-block-column-is-layout-flow\">\n<h2 class=\"wp-block-heading\">Objectif(s) d&rsquo;utilisation<\/h2>\n\n\n\n<p>\ud83e\udde0 <strong>Am\u00e9liorer la m\u00e9morisation<\/strong> : Optimiser la r\u00e9tention d\u2019informations en les structurant dans un espace mental familier.<\/p>\n\n\n\n<p>\ud83d\uddfa\ufe0f <strong>Favoriser l\u2019organisation cognitive<\/strong> : D\u00e9velopper une meilleure capacit\u00e9 \u00e0 structurer et restituer les connaissances.<\/p>\n\n\n\n<p>\ud83e\udd1d <strong>Renforcer l\u2019autonomie et la confiance<\/strong> : Valoriser les capacit\u00e9s de m\u00e9morisation des jeunes et encourager leur autonomie.<\/p>\n\n\n\n<p>\ud83c\udfb2 <strong>Stimuler la motivation et la ludification<\/strong> : Proposer une approche interactive et engageante, r\u00e9duisant la charge cognitive per\u00e7ue.<\/p>\n<\/div>\n<\/div>\n\n\n\n<div class=\"wp-block-columns is-layout-flex wp-container-core-columns-is-layout-9d6595d7 wp-block-columns-is-layout-flex\">\n<div class=\"wp-block-column is-layout-flow wp-block-column-is-layout-flow\">\n<h2 class=\"wp-block-heading\">Variantes &#8211; am\u00e9nagement<\/h2>\n\n\n\n<p>\ud83d\uddfa\ufe0f <strong>Adapter les lieux<\/strong> : Utiliser des rep\u00e8res scolaires (salles de classe, cour de r\u00e9cr\u00e9ation) ou des espaces collectifs.<\/p>\n\n\n\n<p>\ud83e\ude91 <strong>Int\u00e9grer des objets<\/strong> : Associer des objets familiers (cartable, trousse, ballon\u2026) \u00e0 des concepts ou informations.<\/p>\n\n\n\n<p>\ud83d\udc65 <strong>Utilisation collective<\/strong> : Cr\u00e9er un \u00ab parcours m\u00e9moriel \u00bb en classe, construit collectivement avec les \u00e9l\u00e8ves.<\/p>\n\n\n\n<p>\ud83c\udfaf <strong>D\u00e9fi collaboratif<\/strong> : Organiser un jeu de m\u00e9morisation en groupe o\u00f9 les \u00e9l\u00e8ves restituent des informations dans l\u2019ordre.<\/p>\n<\/div>\n<\/div>\n\n\n\n<p>Des outils \u00e0 nous partager ?\u00a0<a href=\"https:\/\/api-lux.be\/index.php\/contact\/\">Cliquez ici<\/a><\/p>\n","protected":false},"excerpt":{"rendered":"<p>\ud83e\udde0 M\u00e9thode scolaire sp\u00e9cifique &#8211; Technique de m\u00e9morisation bas\u00e9e sur l\u2019association de mots \u00e0 des lieux familiers.<\/p>\n","protected":false},"author":10,"featured_media":0,"comment_status":"closed","ping_status":"closed","sticky":false,"template":"","format":"standard","meta":{"iawp_total_views":32,"footnotes":""},"categories":[24,28,4,22,27,20,26],"tags":[],"class_list":["post-823","post","type-post","status-publish","format-standard","hentry","category-adaptation-des-apprentissages","category-autonomie-et-responsabilisation","category-besoins","category-besoins-cognitifs","category-besoins-daccomplissement","category-individualisation","category-outils-pedagogiques-pour-les-pro"],"_links":{"self":[{"href":"https:\/\/api-lux.be\/index.php\/wp-json\/wp\/v2\/posts\/823","targetHints":{"allow":["GET"]}}],"collection":[{"href":"https:\/\/api-lux.be\/index.php\/wp-json\/wp\/v2\/posts"}],"about":[{"href":"https:\/\/api-lux.be\/index.php\/wp-json\/wp\/v2\/types\/post"}],"author":[{"embeddable":true,"href":"https:\/\/api-lux.be\/index.php\/wp-json\/wp\/v2\/users\/10"}],"replies":[{"embeddable":true,"href":"https:\/\/api-lux.be\/index.php\/wp-json\/wp\/v2\/comments?post=823"}],"version-history":[{"count":8,"href":"https:\/\/api-lux.be\/index.php\/wp-json\/wp\/v2\/posts\/823\/revisions"}],"predecessor-version":[{"id":7740,"href":"https:\/\/api-lux.be\/index.php\/wp-json\/wp\/v2\/posts\/823\/revisions\/7740"}],"wp:attachment":[{"href":"https:\/\/api-lux.be\/index.php\/wp-json\/wp\/v2\/media?parent=823"}],"wp:term":[{"taxonomy":"category","embeddable":true,"href":"https:\/\/api-lux.be\/index.php\/wp-json\/wp\/v2\/categories?post=823"},{"taxonomy":"post_tag","embeddable":true,"href":"https:\/\/api-lux.be\/index.php\/wp-json\/wp\/v2\/tags?post=823"}],"curies":[{"name":"wp","href":"https:\/\/api.w.org\/{rel}","templated":true}]}}