{"id":8210,"date":"2025-08-21T15:16:04","date_gmt":"2025-08-21T13:16:04","guid":{"rendered":"https:\/\/api-lux.be\/?p=8210"},"modified":"2025-08-21T15:22:32","modified_gmt":"2025-08-21T13:22:32","slug":"handiconnect-fr-devenir-acteur-dune-sante-accessible-et-inclusive","status":"publish","type":"post","link":"https:\/\/api-lux.be\/index.php\/2025\/08\/21\/handiconnect-fr-devenir-acteur-dune-sante-accessible-et-inclusive\/","title":{"rendered":"HandiConnect.fr &#8211; Devenir acteur d&rsquo;une sant\u00e9 accessible et inclusive"},"content":{"rendered":"\n<div class=\"wp-block-columns is-layout-flex wp-container-core-columns-is-layout-9d6595d7 wp-block-columns-is-layout-flex\">\n<div class=\"wp-block-column is-layout-flow wp-block-column-is-layout-flow\"><div class=\"wp-block-image\">\n<figure class=\"aligncenter size-large is-resized\"><img loading=\"lazy\" decoding=\"async\" width=\"1024\" height=\"661\" src=\"https:\/\/api-lux.be\/wp-content\/uploads\/2025\/08\/handiconnect_home_moteur-1024x661.png\" alt=\"\" class=\"wp-image-8213\" style=\"width:354px;height:auto\" srcset=\"https:\/\/api-lux.be\/wp-content\/uploads\/2025\/08\/handiconnect_home_moteur-1024x661.png 1024w, https:\/\/api-lux.be\/wp-content\/uploads\/2025\/08\/handiconnect_home_moteur-300x194.png 300w, https:\/\/api-lux.be\/wp-content\/uploads\/2025\/08\/handiconnect_home_moteur-768x496.png 768w, https:\/\/api-lux.be\/wp-content\/uploads\/2025\/08\/handiconnect_home_moteur.png 1311w\" sizes=\"auto, (max-width: 1024px) 100vw, 1024px\" \/><\/figure>\n<\/div><\/div>\n\n\n\n<div class=\"wp-block-column is-layout-flow wp-block-column-is-layout-flow\">\n<p>\ud83e\ude7a <strong>SOIN \u2013 SANTE<\/strong> &#8211; Plateforme gratuite pour les professionnels de sant\u00e9, HandiConnect.fr propose des outils concrets (fiches, formations, expertise, webinaires) afin de mieux comprendre les besoins sp\u00e9cifiques des personnes en situation de handicap et construire une relation de soins adapt\u00e9e et de qualit\u00e9.<\/p>\n\n\n\n<h2 class=\"wp-block-heading\">Age cible (pour qui)<\/h2>\n\n\n\n<p>Pour les professionnels de la sant\u00e9: <strong>beneficiaires de tout \u00e2ge<\/strong>, selon les besoins : enfants, adolescents, adultes et personnes vieillissantes.<\/p>\n<\/div>\n<\/div>\n\n\n\n<h2 class=\"wp-block-heading\">Descriptif de l&rsquo;outil<\/h2>\n\n\n\n<p>\ud83d\udcd8 Ces fiches offrent des <strong>rep\u00e8res th\u00e9oriques solides<\/strong> (d\u00e9finitions, crit\u00e8res diagnostiques) ainsi que des <strong>guides pratiques<\/strong> \ud83d\udee0\ufe0f pour la mise en place d\u2019une <strong>alliance th\u00e9rapeutique adapt\u00e9e<\/strong> \ud83e\udd1d.<\/p>\n\n\n\n<p>\ud83d\udd0e Elles s&rsquo;inscrivent dans une logique de <strong>pr\u00e9paration<\/strong>, de <strong>rep\u00e9rage<\/strong> et de <strong>suivi<\/strong> \u23f3, tout en int\u00e9grant les <strong>sp\u00e9cificit\u00e9s comportementales et \u00e9motionnelles<\/strong> \ud83d\udca1\ud83d\udcac des personnes avec <strong>handicap intellectuel<\/strong> \ud83e\udde9 ou <strong>troubles du comportement<\/strong> \u26a1.<\/p>\n\n\n\n<p>\ud83d\udc65 L\u2019approche est <strong>co-construite<\/strong>, mobilise <strong>150+ experts<\/strong> \ud83e\uddd1\u200d\u2695\ufe0f\ud83d\udc69\u200d\ud83c\udfeb et s\u2019appuie sur une <strong>m\u00e9thodologie rigoureuse et bienveillante<\/strong> \ud83c\udf31.<br><\/p>\n\n\n\n<p>\ud83c\udfaf <strong>But et vis\u00e9e<\/strong> :<\/p>\n\n\n\n<ul class=\"wp-block-list\">\n<li>\ud83c\udf0d Contribuer \u00e0 une <strong>sant\u00e9 plus accessible<\/strong> pour tous, en r\u00e9duisant les in\u00e9galit\u00e9s d\u2019acc\u00e8s aux soins.<\/li>\n\n\n\n<li>\ud83e\udd1d Favoriser une <strong>alliance th\u00e9rapeutique de qualit\u00e9<\/strong> entre professionnels de sant\u00e9 et patients en situation de handicap.<\/li>\n\n\n\n<li>\ud83e\udde0 Aider les soignants \u00e0 <strong>mieux conna\u00eetre les besoins sp\u00e9cifiques<\/strong> li\u00e9s aux diff\u00e9rents types de handicap.<\/li>\n<\/ul>\n\n\n\n<p>\ud83d\udcd1 <strong>Ressources propos\u00e9es<\/strong> :<\/p>\n\n\n\n<ul class=\"wp-block-list\">\n<li><strong>Fiches-conseils valid\u00e9es par des experts<\/strong> <br><em>Exemples de fiches que l&rsquo;on peut trouver:<\/em><br>     \ud83d\udc64 <em>Troubles du d\u00e9veloppement intellectuel (TDI) : D\u00e9finition et particularit\u00e9s<\/em><br>     \ud83e\udde9 <em>Troubles du d\u00e9veloppement intellectuel (TDI) : Rep\u00e9rage, d\u00e9pistage et diagnostic<\/em><br>     \ud83c\udf1f <em>Troubles du spectre de l\u2019autisme (TSA) : Points de vigilance clinique<\/em><br>     \u26a1 <em>Trouble d\u00e9ficit de l\u2019attention\/hyperactivit\u00e9 (TDAH) : Points de vigilance clinique<\/em><br>     \ud83d\udd04 <em>L\u2019habituation aux soins de la personne en situation de handicap<\/em><\/li>\n\n\n\n<li><strong>Modules e-learning<\/strong> (<em>Paralysie c\u00e9r\u00e9brale : adapter sa pratique<\/em>, <em>Troubles du spectre de l\u2019autisme<\/em>).<\/li>\n\n\n\n<li><strong>Webinaires th\u00e9matiques<\/strong> (<em>Accueillir un patient sourd ou malentendant<\/em>).<\/li>\n\n\n\n<li><strong>Annuaire de formations professionnelles <\/strong>(gratuites ou payantes selon les organismes).<\/li>\n\n\n\n<li><strong>Service d\u2019expertise en ligne<\/strong> pour obtenir des recommandations personnalis\u00e9es dans des situations complexes.<\/li>\n<\/ul>\n\n\n\n<p>\ud83c\udfdb\ufe0f <strong>Initiative et reconnaissance nationale<\/strong> :<\/p>\n\n\n\n<ul class=\"wp-block-list\">\n<li>Port\u00e9 par <strong>Coactis Sant\u00e9<\/strong>, association membre du <strong>Conseil National Consultatif des Personnes Handicap\u00e9es (CNCPH)<\/strong>.<\/li>\n\n\n\n<li>HandiConnect.fr et <a href=\"https:\/\/api-lux.be\/index.php\/2025\/02\/14\/sante-bd\/\">Sant\u00e9BD<\/a> ont re\u00e7u le <strong>label \u201cTous mobilis\u00e9s, tous concern\u00e9s\u201d<\/strong>, d\u00e9cern\u00e9 par la <strong>Conf\u00e9rence Nationale du Handicap 2019<\/strong>, ce qui confirme leur r\u00f4le de r\u00e9f\u00e9rence nationale.<\/li>\n<\/ul>\n\n\n\n<p>\ud83d\udcb0 <strong>Acc\u00e8s<\/strong> :<\/p>\n\n\n\n<ul class=\"wp-block-list\">\n<li>\u2705 Fiches, expertise et e-learning : <strong>gratuits<\/strong>.<\/li>\n\n\n\n<li>\ud83d\udcb3 Formations r\u00e9f\u00e9renc\u00e9es : certaines gratuites, d\u2019autres payantes.<\/li>\n<\/ul>\n\n\n\n<p>\u26a0\ufe0f <strong>Points d\u2019attention<\/strong> :<\/p>\n\n\n\n<ul class=\"wp-block-list\">\n<li>\u274c Les fiches ne remplacent pas un diagnostic ou une prise en charge individualis\u00e9e.<\/li>\n\n\n\n<li>\ud83d\udd12 Le service d\u2019expertise n\u2019accepte pas de donn\u00e9es m\u00e9dicales identifiantes.<\/li>\n\n\n\n<li>\ud83c\udf10 Principalement destin\u00e9 aux <strong>professionnels de sant\u00e9<\/strong> (pas con\u00e7u pour le grand public).<\/li>\n<\/ul>\n\n\n\n<div class=\"wp-block-columns is-layout-flex wp-container-core-columns-is-layout-9d6595d7 wp-block-columns-is-layout-flex\">\n<div class=\"wp-block-column is-layout-flow wp-block-column-is-layout-flow\">\n<h2 class=\"wp-block-heading\">Objectif(s) d&rsquo;utilisation<\/h2>\n\n\n\n<p>\ud83d\uddc2\ufe0f Acqu\u00e9rir des rep\u00e8res pratiques pour mieux comprendre les handicaps.<br>\ud83e\udd1d Construire une alliance th\u00e9rapeutique adapt\u00e9e et respectueuse.<br>\ud83c\udd98 Trouver un appui expert face \u00e0 des situations de soins complexes.<br>\ud83c\udf93 D\u00e9velopper ses comp\u00e9tences via des formations sp\u00e9cialis\u00e9es et actualis\u00e9es.<\/p>\n<\/div>\n\n\n\n<div class=\"wp-block-column is-layout-flow wp-block-column-is-layout-flow\">\n<h2 class=\"wp-block-heading\">Liens utiles<\/h2>\n\n\n\n<p>\ud83d\udcc4 <strong>ARTICLE<\/strong> : <a href=\"https:\/\/coactis-sante.fr\/handiconnect\/\">Pr\u00e9sentation du projet HandiConnect.fr<\/a> \u2013 Coactis Sant\u00e9 (consult\u00e9 le 21\/08\/2025)<\/p>\n\n\n\n<p>\ud83c\udfa5 <strong>VID\u00c9O Youtube<\/strong> (4 min) : <a href=\"https:\/\/www.youtube.com\/watch?v=MRJdiAFhCYs\">HandiConnect.fr \u2013 pr\u00e9sentation<\/a> \u2013 HarmonieSant\u00e9. Consult\u00e9 le 21\/08\/2025<\/p>\n<\/div>\n<\/div>\n\n\n\n<div class=\"wp-block-columns is-layout-flex wp-container-core-columns-is-layout-9d6595d7 wp-block-columns-is-layout-flex\">\n<div class=\"wp-block-column is-layout-flow wp-block-column-is-layout-flow\"><\/div>\n\n\n\n<div class=\"wp-block-column is-layout-flow wp-block-column-is-layout-flow\"><\/div>\n<\/div>\n\n\n\n<p>Des outils \u00e0 nous partager ? <a href=\"https:\/\/api-lux.be\/index.php\/contact\/\">Cliquez ici<\/a><\/p>\n","protected":false},"excerpt":{"rendered":"<p>\ud83e\ude7a SOIN \u2013 SANTE &#8211; Plateforme gratuite pour les professionnels de sant\u00e9, HandiConnect.fr propose des outils concrets (fiches, formations, expertise, webinaires) afin de mieux comprendre les besoins sp\u00e9cifiques des personnes [&hellip;]<\/p>\n","protected":false},"author":2,"featured_media":0,"comment_status":"closed","ping_status":"closed","sticky":false,"template":"","format":"standard","meta":{"iawp_total_views":14,"footnotes":""},"categories":[10,4,9,5,46,47,6,7],"tags":[],"class_list":["post-8210","post","type-post","status-publish","format-standard","hentry","category-amenagement-environnement","category-besoins","category-besoins-de-securite","category-besoins-physiologiques","category-fiches-outils","category-fiches-outils-pour-les-professionnels","category-sante-alimentation-sommeil-hygiene","category-soin-pistes-et-outils-professionnels"],"_links":{"self":[{"href":"https:\/\/api-lux.be\/index.php\/wp-json\/wp\/v2\/posts\/8210","targetHints":{"allow":["GET"]}}],"collection":[{"href":"https:\/\/api-lux.be\/index.php\/wp-json\/wp\/v2\/posts"}],"about":[{"href":"https:\/\/api-lux.be\/index.php\/wp-json\/wp\/v2\/types\/post"}],"author":[{"embeddable":true,"href":"https:\/\/api-lux.be\/index.php\/wp-json\/wp\/v2\/users\/2"}],"replies":[{"embeddable":true,"href":"https:\/\/api-lux.be\/index.php\/wp-json\/wp\/v2\/comments?post=8210"}],"version-history":[{"count":2,"href":"https:\/\/api-lux.be\/index.php\/wp-json\/wp\/v2\/posts\/8210\/revisions"}],"predecessor-version":[{"id":8218,"href":"https:\/\/api-lux.be\/index.php\/wp-json\/wp\/v2\/posts\/8210\/revisions\/8218"}],"wp:attachment":[{"href":"https:\/\/api-lux.be\/index.php\/wp-json\/wp\/v2\/media?parent=8210"}],"wp:term":[{"taxonomy":"category","embeddable":true,"href":"https:\/\/api-lux.be\/index.php\/wp-json\/wp\/v2\/categories?post=8210"},{"taxonomy":"post_tag","embeddable":true,"href":"https:\/\/api-lux.be\/index.php\/wp-json\/wp\/v2\/tags?post=8210"}],"curies":[{"name":"wp","href":"https:\/\/api.w.org\/{rel}","templated":true}]}}