{"id":819,"date":"2025-02-14T11:36:55","date_gmt":"2025-02-14T10:36:55","guid":{"rendered":"http:\/\/localhost\/mdi_w\/?p=819"},"modified":"2025-05-20T09:17:05","modified_gmt":"2025-05-20T07:17:05","slug":"hybridation","status":"publish","type":"post","link":"https:\/\/api-lux.be\/index.php\/2025\/02\/14\/hybridation\/","title":{"rendered":"\u00ab\u00a0Hybridation\u00a0\u00bb scolaire"},"content":{"rendered":"\n<div class=\"wp-block-columns is-layout-flex wp-container-core-columns-is-layout-9d6595d7 wp-block-columns-is-layout-flex\">\n<div class=\"wp-block-column is-vertically-aligned-center is-layout-flow wp-block-column-is-layout-flow\">\n<figure class=\"wp-block-image size-full\"><img decoding=\"async\" src=\"https:\/\/api-lux.be\/wp-content\/uploads\/2025\/02\/hybridation.jpg\" alt=\" \" class=\"wp-image-202\"\/><\/figure>\n<\/div>\n\n\n\n<div class=\"wp-block-column is-layout-flow wp-block-column-is-layout-flow\">\n<p>\ud83d\udcda <strong>Am\u00e9nagement scolaire<\/strong> &#8211; int\u00e9gration progressif du planning pr\u00e9sentiel des \u00e9l\u00e8ves au sein de l&rsquo;\u00e9tablissement scolaire.<\/p>\n\n\n\n<!--more-->\n\n\n\n<h2 class=\"wp-block-heading\">\u00c2ge cible<\/h2>\n\n\n\n<p>De 4 \u00e0 21 ans.<\/p>\n<\/div>\n<\/div>\n\n\n\n<h2 class=\"wp-block-heading\">Descriptif de l&rsquo;outil<\/h2>\n\n\n\n<p>\ud83d\udcda <strong>L&rsquo;hybridation scolaire<\/strong> est une approche p\u00e9dagogique qui permet aux \u00e9l\u00e8ves de ne pas \u00eatre pr\u00e9sents \u00e0 temps plein \u00e0 l\u2019\u00e9cole, tout en profitant des temps d\u2019apprentissage v\u00e9cus comme positifs. Ce dispositif est con\u00e7u pour respecter le <strong>rythme de fatigabilit\u00e9 physique et \u00e9motionnelle<\/strong> des \u00e9l\u00e8ves, en leur offrant un <strong>cadre d\u2019apprentissage adapt\u00e9 et s\u00e9curisant<\/strong>. L\u2019objectif est de <strong>renforcer leur confiance en eux<\/strong>, de <strong>redonner du sens \u00e0 leur scolarit\u00e9<\/strong> \ud83c\udf93 et d\u2019accompagner progressivement leur retour vers une pr\u00e9sence plus r\u00e9guli\u00e8re \u00e0 l\u2019\u00e9cole.<\/p>\n\n\n\n<p>\ud83e\udd1d <strong>L&rsquo;hybridation scolaire repose sur une construction concert\u00e9e du planning<\/strong> avec l\u2019\u00e9l\u00e8ve, les enseignants et les services d\u2019accompagnement (centres de jour, structures r\u00e9sidentielles, familles). Les <strong>cours et activit\u00e9s sont s\u00e9lectionn\u00e9s<\/strong> en fonction des <strong>espaces o\u00f9 l\u2019\u00e9l\u00e8ve se sent en confiance<\/strong> \ud83d\udecb\ufe0f, favorisant ainsi une exp\u00e9rience scolaire plus positive et motivante.<\/p>\n\n\n\n<p>\ud83c\udfeb Dans certains cas o\u00f9 un relais externe n\u2019est pas envisageable, <strong>l\u2019hybridation peut \u00eatre organis\u00e9e au sein m\u00eame de l\u2019\u00e9tablissement scolaire<\/strong>. Un emploi du temps <strong>flexible et adapt\u00e9<\/strong> \u23f0 est alors mis en place, permettant \u00e0 l\u2019\u00e9l\u00e8ve d\u2019alterner entre des temps en classe \ud83c\udfeb, des moments d\u2019apprentissage autonome \ud83d\udcd6 et des <strong>pauses n\u00e9cessaires pour limiter la surcharge \u00e9motionnelle et cognitive<\/strong> \ud83e\uddd8.<\/p>\n\n\n\n<h3 class=\"wp-block-heading\">\ud83c\udf1f Exemples concrets d\u2019application<\/h3>\n\n\n\n<p><strong>\u00c9l\u00e8ve en difficult\u00e9 scolaire et en perte de motivation<\/strong> :<br>Cet \u00e9l\u00e8ve pourrait suivre un emploi du temps all\u00e9g\u00e9, en assistant aux cours o\u00f9 il se sent le plus \u00e0 l&rsquo;aise \ud83c\udfa8 (ex. : arts plastiques, sciences). Les autres mati\u00e8res seraient renforc\u00e9es dans un <strong>centre de jour<\/strong> avec un \u00e9ducateur. Petit \u00e0 petit, il serait r\u00e9int\u00e9gr\u00e9 dans les mati\u00e8res plus difficiles \u00e0 mesure qu\u2019il reprend confiance en lui \ud83d\udcaa.<\/p>\n\n\n\n<p><strong>Jeune souffrant de trouble du comportement se r\u00e9percutant par des faits de violence et en manque de sens<\/strong> :<br>Ce jeune pourrait suivre un emploi du temps hybride :<\/p>\n\n\n\n<ul class=\"wp-block-list\">\n<li>Trois matin\u00e9es \u00e0 l&rsquo;\u00e9cole pour les mati\u00e8res essentielles \ud83d\udcda.<\/li>\n\n\n\n<li>Deux apr\u00e8s-midis dans son <strong>centre d\u2019accueil<\/strong>, o\u00f9 il participerait \u00e0 des ateliers \u00e9ducatifs (sport \ud83c\udfc0, jardinage \ud83c\udf3b, cuisine \ud83c\udf73\u2026), d\u00e9veloppant des comp\u00e9tences transf\u00e9rables et valorisantes.<br>Un retour progressif \u00e0 l\u2019\u00e9cole serait organis\u00e9 \u00e0 mesure qu&rsquo;il retrouve un <strong>\u00e9quilibre \u00e9motionnel<\/strong> et une <strong>motivation<\/strong> suffisante.<\/li>\n<\/ul>\n\n\n\n<p><strong>\u00c9l\u00e8ve \u00e0 haut potentiel avec des difficult\u00e9s d\u2019adaptation au cadre scolaire<\/strong> :<br>Cet \u00e9l\u00e8ve pourrait suivre une approche hybride :<\/p>\n\n\n\n<ul class=\"wp-block-list\">\n<li><strong>Cours am\u00e9nag\u00e9s<\/strong> \u23f0, avec un focus sur les mati\u00e8res qui l\u2019int\u00e9ressent naturellement.<\/li>\n\n\n\n<li>Des temps d\u2019<strong>autonomie<\/strong> \u00e0 l\u2019\u00e9cole pour travailler sur des projets personnels valid\u00e9s par les enseignants \ud83d\udd0d.<\/li>\n\n\n\n<li>Des <strong>activit\u00e9s en ext\u00e9rieur<\/strong> dans des lieux \u00e9ducatifs (m\u00e9diath\u00e8que \ud83d\udcd6, classe nature \ud83c\udf33).<\/li>\n<\/ul>\n\n\n\n<h3 class=\"wp-block-heading\"><strong>Points d\u2019attention pour une mise en place efficace<\/strong><\/h3>\n\n\n\n<p>\u2705 <strong>\u00c9coute et co-construction<\/strong><\/p>\n\n\n\n<ul class=\"wp-block-list\">\n<li>L\u2019hybridation doit \u00eatre pens\u00e9e avec l\u2019\u00e9l\u00e8ve, en prenant en compte son ressenti et ses besoins.<\/li>\n\n\n\n<li>Il est essentiel d\u2019impliquer les parents, l\u2019\u00e9quipe \u00e9ducative et les partenaires ext\u00e9rieurs (services d\u2019accompagnement, th\u00e9rapeutes, etc.).<\/li>\n<\/ul>\n\n\n\n<p>\u2705 <strong>Maintenir un cadre structurant<\/strong><\/p>\n\n\n\n<ul class=\"wp-block-list\">\n<li>M\u00eame avec un emploi du temps am\u00e9nag\u00e9, il est important de fixer des rep\u00e8res stables (ex. : jours fixes pour certaines mati\u00e8res, rituels de d\u00e9but et de fin de journ\u00e9e).<\/li>\n\n\n\n<li>L\u2019objectif reste une r\u00e9int\u00e9gration progressive, donc les adaptations doivent \u00eatre r\u00e9guli\u00e8rement r\u00e9\u00e9valu\u00e9es.<\/li>\n<\/ul>\n\n\n\n<p>\u2705 <strong>Pr\u00e9server la motivation et l\u2019engagement<\/strong><\/p>\n\n\n\n<ul class=\"wp-block-list\">\n<li>Valoriser les progr\u00e8s, m\u00eame minimes, et renforcer les r\u00e9ussites (ex. : carnet de suivi, moments de feedback positif).<\/li>\n\n\n\n<li>Diversifier les m\u00e9thodes d\u2019apprentissage pour \u00e9viter la lassitude et stimuler l\u2019int\u00e9r\u00eat de l\u2019\u00e9l\u00e8ve (ex. : p\u00e9dagogie active, projets concrets).<\/li>\n<\/ul>\n\n\n\n<p>\u2705 <strong>Coordination et suivi r\u00e9gulier<\/strong><\/p>\n\n\n\n<ul class=\"wp-block-list\">\n<li>Un r\u00e9f\u00e9rent \u00e9ducatif doit \u00eatre d\u00e9sign\u00e9 pour assurer un suivi individualis\u00e9 et un ajustement des modalit\u00e9s en fonction des besoins de l\u2019\u00e9l\u00e8ve.<\/li>\n\n\n\n<li>Mettre en place des outils de communication partag\u00e9s (carnet de liaison num\u00e9rique, r\u00e9unions r\u00e9guli\u00e8res entre les diff\u00e9rents acteurs).<\/li>\n<\/ul>\n\n\n\n<div class=\"wp-block-columns is-layout-flex wp-container-core-columns-is-layout-9d6595d7 wp-block-columns-is-layout-flex\">\n<div class=\"wp-block-column is-layout-flow wp-block-column-is-layout-flow\">\n<h2 class=\"wp-block-heading\">Objectif(s) d&rsquo;utilisation<\/h2>\n\n\n\n<p>\ud83d\udd04 <strong>Favoriser une r\u00e9int\u00e9gration progressive \u00e0 l\u2019\u00e9cole<\/strong> en respectant le rythme de l\u2019\u00e9l\u00e8ve.<\/p>\n\n\n\n<p>\ud83d\udcaa <strong>Renforcer la confiance en soi<\/strong> et l\u2019estime personnelle par des exp\u00e9riences scolaires positives.<\/p>\n\n\n\n<p>\ud83d\udee1\ufe0f <strong>Assurer un cadre s\u00e9curisant et adapt\u00e9<\/strong> pour \u00e9viter la surcharge \u00e9motionnelle et cognitive.<\/p>\n\n\n\n<p>\ud83c\udf10 <strong>Maintenir un lien avec l\u2019environnement scolaire<\/strong> tout en proposant des modalit\u00e9s d\u2019apprentissage ajust\u00e9es.<\/p>\n\n\n\n<p>\ud83c\udf93 <strong>Encourager l\u2019autonomie et la responsabilisation<\/strong> de l\u2019\u00e9l\u00e8ve dans la gestion de son propre parcours \u00e9ducatif.<\/p>\n<\/div>\n\n\n\n<div class=\"wp-block-column is-layout-flow wp-block-column-is-layout-flow\">\n<h2 class=\"wp-block-heading\">Variantes &#8211; am\u00e9nagement<\/h2>\n\n\n\n<p>\ud83d\udd04 <strong>Adapter l\u2019hybridation en fonction des ressources disponibles<\/strong> : en int\u00e9grant des espaces de ressourcement au sein de l\u2019\u00e9cole, des ateliers pratiques ou du tutorat personnalis\u00e9.<\/p>\n\n\n\n<p>\ud83d\udcdd <strong>Organiser un suivi r\u00e9gulier<\/strong> avec les diff\u00e9rents acteurs impliqu\u00e9s (\u00e9quipe \u00e9ducative, professionnels de la sant\u00e9, famille) pour ajuster progressivement le planning.<\/p>\n\n\n\n<p>\ud83c\udfaf <strong>Proposer des activit\u00e9s alternatives<\/strong> en cas d\u2019absence prolong\u00e9e, comme des missions ou projets individuels \u00e0 r\u00e9aliser en autonomie, avec des points de suivi r\u00e9guliers.<\/p>\n\n\n\n<p>\ud83c\udfd9\ufe0f <strong>Cr\u00e9er des espaces de travail flexibles<\/strong> au sein de l\u2019\u00e9cole (ex. : salles calmes, zones de travail autonome) pour permettre une inclusion progressive sans surcharge.<\/p>\n<\/div>\n<\/div>\n\n\n\n<p>Des outils \u00e0 nous partager ?&nbsp;<a href=\"https:\/\/api-lux.be\/index.php\/contact\/\">Cliquez ici<\/a><\/p>\n","protected":false},"excerpt":{"rendered":"<p>\ud83d\udcda Am\u00e9nagement scolaire &#8211; int\u00e9gration progressif du planning pr\u00e9sentiel des \u00e9l\u00e8ves au sein de l&rsquo;\u00e9tablissement scolaire.<\/p>\n","protected":false},"author":10,"featured_media":0,"comment_status":"closed","ping_status":"closed","sticky":false,"template":"","format":"standard","meta":{"iawp_total_views":2,"footnotes":""},"categories":[24,10,28,4,22,27,18,9,8,12,13,46,48,47,20,26,29],"tags":[],"class_list":["post-819","post","type-post","status-publish","format-standard","hentry","category-adaptation-des-apprentissages","category-amenagement-environnement","category-autonomie-et-responsabilisation","category-besoins","category-besoins-cognitifs","category-besoins-daccomplissement","category-besoins-destime","category-besoins-de-securite","category-bien-etre","category-cadre-et-limites","category-coherence","category-fiches-outils","category-fiches-outils-pour-les-aidants-proches","category-fiches-outils-pour-les-professionnels","category-individualisation","category-outils-pedagogiques-pour-les-pro","category-projection"],"_links":{"self":[{"href":"https:\/\/api-lux.be\/index.php\/wp-json\/wp\/v2\/posts\/819","targetHints":{"allow":["GET"]}}],"collection":[{"href":"https:\/\/api-lux.be\/index.php\/wp-json\/wp\/v2\/posts"}],"about":[{"href":"https:\/\/api-lux.be\/index.php\/wp-json\/wp\/v2\/types\/post"}],"author":[{"embeddable":true,"href":"https:\/\/api-lux.be\/index.php\/wp-json\/wp\/v2\/users\/10"}],"replies":[{"embeddable":true,"href":"https:\/\/api-lux.be\/index.php\/wp-json\/wp\/v2\/comments?post=819"}],"version-history":[{"count":7,"href":"https:\/\/api-lux.be\/index.php\/wp-json\/wp\/v2\/posts\/819\/revisions"}],"predecessor-version":[{"id":6663,"href":"https:\/\/api-lux.be\/index.php\/wp-json\/wp\/v2\/posts\/819\/revisions\/6663"}],"wp:attachment":[{"href":"https:\/\/api-lux.be\/index.php\/wp-json\/wp\/v2\/media?parent=819"}],"wp:term":[{"taxonomy":"category","embeddable":true,"href":"https:\/\/api-lux.be\/index.php\/wp-json\/wp\/v2\/categories?post=819"},{"taxonomy":"post_tag","embeddable":true,"href":"https:\/\/api-lux.be\/index.php\/wp-json\/wp\/v2\/tags?post=819"}],"curies":[{"name":"wp","href":"https:\/\/api.w.org\/{rel}","templated":true}]}}