{"id":818,"date":"2025-02-14T11:36:55","date_gmt":"2025-02-14T10:36:55","guid":{"rendered":"http:\/\/localhost\/mdi_w\/?p=818"},"modified":"2025-07-01T14:01:01","modified_gmt":"2025-07-01T12:01:01","slug":"pia-plan-individuel-dapprentissage","status":"publish","type":"post","link":"https:\/\/api-lux.be\/index.php\/2025\/02\/14\/pia-plan-individuel-dapprentissage\/","title":{"rendered":"PIA : Plan Individuel d&rsquo;Apprentissage"},"content":{"rendered":"\n<div class=\"wp-block-columns is-layout-flex wp-container-core-columns-is-layout-9d6595d7 wp-block-columns-is-layout-flex\">\n<div class=\"wp-block-column is-vertically-aligned-center is-layout-flow wp-block-column-is-layout-flow\">\n<figure class=\"wp-block-image size-full\"><img decoding=\"async\" src=\"https:\/\/api-lux.be\/wp-content\/uploads\/2025\/02\/plan_individuel_apprentissage.jpg\" alt=\" \" class=\"wp-image-202\"\/><\/figure>\n<\/div>\n\n\n\n<div class=\"wp-block-column is-layout-flow wp-block-column-is-layout-flow\">\n<p>\ud83d\udcda<strong> Am\u00e9nagement scolaire<\/strong> &#8211; C&rsquo;est un outil personnalis\u00e9 d&rsquo;accompagnement des enfants ayant des besoins particuliers dans leurs apprentissages.<\/p>\n\n\n\n<!--more-->\n\n\n\n<h2 class=\"wp-block-heading\">\u00c2ge cible<\/h2>\n\n\n\n<p>De 4 \u00e0 18 ans.<\/p>\n<\/div>\n<\/div>\n\n\n\n<h2 class=\"wp-block-heading\">Descriptif de l&rsquo;outil<\/h2>\n\n\n\n<p>\ud83d\udcd8 <strong>Le Plan Individuel d&rsquo;Apprentissage (PIA)<\/strong> est un dispositif visant \u00e0 adapter l&rsquo;enseignement et les activit\u00e9s \u00e0 l&rsquo;enfant, en prenant en compte ses sp\u00e9cificit\u00e9s cognitives, \u00e9motionnelles et comportementales.<\/p>\n\n\n\n<p>\ud83c\udfaf Cet outil permet de d\u00e9finir des <strong>objectifs p\u00e9dagogiques<\/strong> et des <strong>m\u00e9thodes de travail sur mesure<\/strong>, souvent en concertation avec les \u00e9ducateurs et les professionnels de l&rsquo;espace de d\u00e9couverte.Le PIA est utilis\u00e9 pour structurer les <strong>parcours \u00e9ducatifs<\/strong>, en ciblant des <strong>comp\u00e9tences \u00e0 d\u00e9velopper<\/strong> tout en respectant le rythme et les besoins de l&rsquo;enfant.<\/p>\n\n\n\n<p>\ud83d\udd0d Pour l&rsquo;\u00e9laborer, il est essentiel d\u2019\u00e9valuer les <strong>capacit\u00e9s de l\u2019enfant<\/strong>, ses <strong>int\u00e9r\u00eats<\/strong>, ses <strong>difficult\u00e9s<\/strong> et de collaborer avec les enseignants, psychologues et autres professionnels.<\/p>\n\n\n\n<p>Dans un Plan Individuel d&rsquo;Apprentissage (PIA), on trouve g\u00e9n\u00e9ralement les \u00e9l\u00e9ments suivants :<\/p>\n\n\n\n<ol class=\"wp-block-list\">\n<li>\ud83d\udcca <strong>\u00c9valuation des besoins de l&rsquo;enfant<\/strong> : Un bilan des comp\u00e9tences, des difficult\u00e9s et des besoins sp\u00e9cifiques de l&rsquo;\u00e9l\u00e8ve (cognitifs, \u00e9motionnels, comportementaux).<\/li>\n\n\n\n<li>\ud83c\udfaf <strong>Objectifs p\u00e9dagogiques<\/strong> : Des objectifs clairs et mesurables que l&rsquo;\u00e9l\u00e8ve doit atteindre, en tenant compte de son rythme et de ses capacit\u00e9s.<\/li>\n\n\n\n<li>\ud83e\uddd1\u200d\ud83c\udfeb <strong>M\u00e9thodes et strat\u00e9gies d&rsquo;enseignement<\/strong> : Des approches p\u00e9dagogiques personnalis\u00e9es pour r\u00e9pondre aux besoins de l&rsquo;enfant (supports visuels, auditifs, pratiques, etc.).<\/li>\n\n\n\n<li>\ud83d\udd52 <strong>Temps et rythme adapt\u00e9s<\/strong> : Une adaptation du temps pour les activit\u00e9s et \u00e9valuations (temps suppl\u00e9mentaire, pauses, rythme plus lent, etc.).<\/li>\n\n\n\n<li>\ud83d\udc68\u200d\ud83d\udc69\u200d\ud83d\udc67\u200d\ud83d\udc66 <strong>Collaboration avec les parents et professionnels<\/strong> : Des \u00e9changes r\u00e9guliers entre les enseignants, les parents et les autres sp\u00e9cialistes (psychologues, \u00e9ducateurs, etc.) pour suivre les progr\u00e8s de l&rsquo;\u00e9l\u00e8ve.<\/li>\n\n\n\n<li>\ud83d\udcdd <strong>Suivi et \u00e9valuation continue<\/strong> : Des points r\u00e9guliers pour ajuster le plan en fonction de l\u2019\u00e9volution de l\u2019\u00e9l\u00e8ve (r\u00e9unions, bilans, ajustements des objectifs).<\/li>\n<\/ol>\n\n\n\n<p>Le PIA est donc un document vivant qui permet d&rsquo;adapter l&rsquo;apprentissage \u00e0 chaque \u00e9l\u00e8ve pour maximiser ses chances de r\u00e9ussite.<\/p>\n\n\n\n<div class=\"wp-block-columns is-layout-flex wp-container-core-columns-is-layout-9d6595d7 wp-block-columns-is-layout-flex\">\n<div class=\"wp-block-column is-layout-flow wp-block-column-is-layout-flow\">\n<h2 class=\"wp-block-heading\">Objectif(s) d&rsquo;utilisation<\/h2>\n\n\n\n<p>\ud83d\udd0d <strong>Identifier les points forts et les difficult\u00e9s<\/strong> de l&rsquo;enfant pour d\u00e9finir des objectifs clairs et atteignables.<\/p>\n\n\n\n<p>\ud83d\udcaa <strong>Encourager l&rsquo;autonomie<\/strong> de l&rsquo;\u00e9l\u00e8ve, en favorisant son ind\u00e9pendance dans les apprentissages.<\/p>\n\n\n\n<p>\ud83e\udde0 <strong>Renforcer les comp\u00e9tences sociales et cognitives<\/strong> de l&rsquo;enfant, en l&rsquo;aidant \u00e0 d\u00e9velopper ses capacit\u00e9s.<\/p>\n\n\n\n<p>\ud83c\udfaf <strong>Prendre en compte les pr\u00e9f\u00e9rences de l&rsquo;enfant<\/strong>, pour adapter l&rsquo;enseignement \u00e0 ses int\u00e9r\u00eats et son mode d&rsquo;apprentissage.<\/p>\n\n\n\n<p>\ud83d\udd04 <strong>Offrir un suivi continu<\/strong>, en \u00e9valuant r\u00e9guli\u00e8rement les progr\u00e8s r\u00e9alis\u00e9s.<\/p>\n\n\n\n<p>\ud83d\udee0\ufe0f <strong>Ajuster les actions \u00e9ducatives<\/strong> lorsque n\u00e9cessaire, pour r\u00e9pondre aux besoins \u00e9volutifs de l&rsquo;enfant.<\/p>\n<\/div>\n\n\n\n<div class=\"wp-block-column is-layout-flow wp-block-column-is-layout-flow\">\n<h2 class=\"wp-block-heading\">Variantes &#8211; am\u00e9nagement<\/h2>\n\n\n\n<p><strong>Le PIA peut \u00eatre utilis\u00e9 en dehors du cadre scolaire<\/strong>, par exemple \u00e0 la maison, dans un lieu d&rsquo;h\u00e9bergement, ou dans tout autre environnement \u00e9ducatif. Cela permet d&rsquo;assurer une <strong>continuit\u00e9<\/strong> dans l&rsquo;accompagnement de l&rsquo;enfant, quel que soit le lieu o\u00f9 il se trouve.<\/p>\n\n\n\n<p>\ud83c\udf0d Ce dispositif peut \u00eatre adapt\u00e9 pour :<\/p>\n\n\n\n<ul class=\"wp-block-list\">\n<li>\ud83c\udfe1 <strong>\u00c0 la maison<\/strong> : Pour que les parents puissent soutenir l\u2019enfant dans ses apprentissages au quotidien.<\/li>\n\n\n\n<li>\ud83c\udfd8\ufe0f <strong>Dans un lieu d&rsquo;h\u00e9bergement<\/strong> : Pour aider les \u00e9ducateurs \u00e0 offrir un suivi personnalis\u00e9, en fonction des besoins de l\u2019enfant.<\/li>\n\n\n\n<li>\ud83e\uddd1\u200d\ud83c\udfeb <strong>Dans des activit\u00e9s extrascolaires<\/strong> : Pour int\u00e9grer des objectifs \u00e9ducatifs dans les loisirs ou activit\u00e9s de groupe.<\/li>\n<\/ul>\n\n\n\n<p>Cela permet une approche <strong>globale et coh\u00e9rente<\/strong> du d\u00e9veloppement de l&rsquo;enfant, quel que soit l&rsquo;endroit.<\/p>\n<\/div>\n<\/div>\n\n\n\n<div class=\"wp-block-columns is-layout-flex wp-container-core-columns-is-layout-9d6595d7 wp-block-columns-is-layout-flex\">\n<div class=\"wp-block-column is-layout-flow wp-block-column-is-layout-flow\">\n<h2 class=\"wp-block-heading\">Liens utiles<\/h2>\n\n\n\n<p>\ud83d\udcc4 <strong>DOCUMENT PDF<\/strong> \u00ab\u00a0Les P.I.A pour les nuls\u00a0\u00bb <em>(\u00e9cole les colibris Tournai)<\/em> &#8211; <a href=\"https:\/\/www.les-colibris.be\/wp-content\/uploads\/2015\/10\/pia-pour-les-nuls.pdf\" target=\"_blank\" rel=\"noreferrer noopener\">https:\/\/www.les-colibris.be\/wp-content\/uploads\/2015\/10\/pia-pour-les-nuls.pdf<\/a><\/p>\n\n\n\n<p>\ud83d\udcf0 <strong>ARTICLE<\/strong> de l&rsquo;ASBL \u00ab\u00a0Inclusion\u00a0\u00bb: Plan Individualis\u00e9 d\u2019Apprentissage (P.I.A.) &#8211; <a href=\"https:\/\/www.inclusion-asbl.be\/au-long-de-la-vie\/eduquer-notre-enfant\/plan-individualise-dapprentissage-pia\/\" target=\"_blank\" rel=\"noreferrer noopener\">https:\/\/www.inclusion-asbl.be\/au-long-de-la-vie\/eduquer-notre-enfant\/plan-individualise-dapprentissage-pia\/<\/a><\/p>\n<\/div>\n<\/div>\n\n\n\n<p>Des outils \u00e0 nous partager ?&nbsp;<a href=\"https:\/\/api-lux.be\/index.php\/contact\/\">Cliquez ici<\/a><\/p>\n","protected":false},"excerpt":{"rendered":"<p>\ud83d\udcda Am\u00e9nagement scolaire &#8211; C&rsquo;est un outil personnalis\u00e9 d&rsquo;accompagnement des enfants ayant des besoins particuliers dans leurs apprentissages.<\/p>\n","protected":false},"author":10,"featured_media":0,"comment_status":"closed","ping_status":"closed","sticky":false,"template":"","format":"standard","meta":{"iawp_total_views":18,"footnotes":""},"categories":[24,10,28,4,22,27,14,18,9,13,46,47,17,20,26,21],"tags":[],"class_list":["post-818","post","type-post","status-publish","format-standard","hentry","category-adaptation-des-apprentissages","category-amenagement-environnement","category-autonomie-et-responsabilisation","category-besoins","category-besoins-cognitifs","category-besoins-daccomplissement","category-besoins-dappartenance","category-besoins-destime","category-besoins-de-securite","category-coherence","category-fiches-outils","category-fiches-outils-pour-les-professionnels","category-inclusion-sociale-et-reseau-sociaux","category-individualisation","category-outils-pedagogiques-pour-les-pro","category-valorisation-confiance"],"_links":{"self":[{"href":"https:\/\/api-lux.be\/index.php\/wp-json\/wp\/v2\/posts\/818","targetHints":{"allow":["GET"]}}],"collection":[{"href":"https:\/\/api-lux.be\/index.php\/wp-json\/wp\/v2\/posts"}],"about":[{"href":"https:\/\/api-lux.be\/index.php\/wp-json\/wp\/v2\/types\/post"}],"author":[{"embeddable":true,"href":"https:\/\/api-lux.be\/index.php\/wp-json\/wp\/v2\/users\/10"}],"replies":[{"embeddable":true,"href":"https:\/\/api-lux.be\/index.php\/wp-json\/wp\/v2\/comments?post=818"}],"version-history":[{"count":6,"href":"https:\/\/api-lux.be\/index.php\/wp-json\/wp\/v2\/posts\/818\/revisions"}],"predecessor-version":[{"id":7737,"href":"https:\/\/api-lux.be\/index.php\/wp-json\/wp\/v2\/posts\/818\/revisions\/7737"}],"wp:attachment":[{"href":"https:\/\/api-lux.be\/index.php\/wp-json\/wp\/v2\/media?parent=818"}],"wp:term":[{"taxonomy":"category","embeddable":true,"href":"https:\/\/api-lux.be\/index.php\/wp-json\/wp\/v2\/categories?post=818"},{"taxonomy":"post_tag","embeddable":true,"href":"https:\/\/api-lux.be\/index.php\/wp-json\/wp\/v2\/tags?post=818"}],"curies":[{"name":"wp","href":"https:\/\/api.w.org\/{rel}","templated":true}]}}