{"id":817,"date":"2025-02-14T11:36:55","date_gmt":"2025-02-14T10:36:55","guid":{"rendered":"http:\/\/localhost\/mdi_w\/?p=817"},"modified":"2025-07-01T14:00:44","modified_gmt":"2025-07-01T12:00:44","slug":"amenagement-raisonnable-universel","status":"publish","type":"post","link":"https:\/\/api-lux.be\/index.php\/2025\/02\/14\/amenagement-raisonnable-universel\/","title":{"rendered":"Am\u00e9nagement raisonnable\/Universel"},"content":{"rendered":"\n<div class=\"wp-block-columns is-layout-flex wp-container-core-columns-is-layout-9d6595d7 wp-block-columns-is-layout-flex\">\n<div class=\"wp-block-column is-layout-flow wp-block-column-is-layout-flow\"><div class=\"wp-block-image\">\n<figure class=\"aligncenter size-full is-resized\"><img decoding=\"async\" src=\"https:\/\/api-lux.be\/wp-content\/uploads\/2025\/02\/amenagement_raisonnable.jpg\" alt=\" \" class=\"wp-image-202\" style=\"width:342px;height:auto\"\/><\/figure>\n<\/div><\/div>\n\n\n\n<div class=\"wp-block-column is-layout-flow wp-block-column-is-layout-flow\">\n<p>\ud83d\udcda <strong>Am\u00e9nagement scolaire <\/strong>&#8211; Des am\u00e9nagements qui permettent l\u2019inclusion de tous les \u00e9l\u00e8ves dans un cadre d\u2019apprentissage adapt\u00e9.<\/p>\n\n\n\n<!--more-->\n\n\n\n<h2 class=\"wp-block-heading\">\u00c2ge cible<\/h2>\n\n\n\n<p>De 4 \u00e0 18 ans.<\/p>\n<\/div>\n<\/div>\n\n\n\n<h2 class=\"wp-block-heading\">Descriptif de l&rsquo;outil<\/h2>\n\n\n\n<p>\ud83d\udcda L\u2019am\u00e9nagement raisonnable et universel consiste \u00e0 adapter le contenu p\u00e9dagogique, les objectifs et l\u2019environnement d\u2019apprentissage afin de r\u00e9pondre aux besoins divers des \u00e9l\u00e8ves \ud83c\udf0d. Ces ajustements garantissent un acc\u00e8s \u00e9quitable aux apprentissages en tenant compte des particularit\u00e9s de chacun, qu\u2019elles soient li\u00e9es \u00e0 un handicap, \u00e0 des troubles d\u2019apprentissage ou simplement \u00e0 des styles cognitifs diff\u00e9rents \u2728.<\/p>\n\n\n\n<ul class=\"wp-block-list\">\n<li>\ud83c\udfa7 <strong>Modifications de la pr\u00e9sentation des cours<\/strong> : supports visuels, audio, simplification du langage, sch\u00e9mas.<\/li>\n\n\n\n<li>\ud83d\udecb\ufe0f <strong>R\u00e9organisation de l\u2019espace de travail<\/strong> : coins calmes, assises flexibles, outils ergonomiques.<\/li>\n\n\n\n<li>\ud83d\udd27 <strong>Diversification des outils d\u2019apprentissage<\/strong> : logiciels sp\u00e9cifiques, supports adapt\u00e9s, mat\u00e9riel sensoriel.<\/li>\n\n\n\n<li>\u23f3<strong>Adaptation des attentes p\u00e9dagogiques<\/strong> : temps suppl\u00e9mentaire, consignes diff\u00e9renci\u00e9es, \u00e9valuations adapt\u00e9es.<\/li>\n<\/ul>\n\n\n\n<p>\ud83c\udf31 Ces am\u00e9nagements favorisent un environnement d\u2019apprentissage plus \u00e9quitable, en permettant \u00e0 chaque \u00e9l\u00e8ve de progresser \u00e0 son rythme et selon ses besoins sp\u00e9cifiques. \ud83d\udc6b<br>\ud83e\udd1d Ils sont d\u00e9finis en collaboration avec les enseignants, les familles et les services d\u2019accompagnement sp\u00e9cialis\u00e9s. \ud83d\udc68\u200d\ud83d\udc69\u200d\ud83d\udc67\u200d\ud83d\udc66<\/p>\n\n\n\n<p>La mise en place des am\u00e9nagements raisonnables dans le cadre scolaire est encadr\u00e9e par plusieurs p\ud83d\udcdd La mise en place des am\u00e9nagements raisonnables dans le cadre scolaire est encadr\u00e9e par plusieurs principes et d\u00e9marches, visant \u00e0 garantir l&rsquo;acc\u00e8s \u00e9gal \u00e0 l&rsquo;\u00e9ducation pour tous les \u00e9l\u00e8ves, y compris ceux ayant des besoins sp\u00e9cifiques. Voici les \u00e9tapes cl\u00e9s :<\/p>\n\n\n\n<ul class=\"wp-block-list\">\n<li>\ud83d\udc68\u200d\ud83d\udc69\u200d\ud83d\udc67\u200d\ud83d\udc66 <strong>Identifier les besoins<\/strong> : D\u00e9terminer les besoins sp\u00e9cifiques de l&rsquo;\u00e9l\u00e8ve (handicap, troubles d&rsquo;apprentissage, etc.) avec l&rsquo;aide des parents et des enseignants.<\/li>\n<\/ul>\n\n\n\n<ul class=\"wp-block-list\">\n<li>\ud83d\udd0d <strong>\u00c9valuation par des experts<\/strong> : Un psychologue ou autre sp\u00e9cialiste \u00e9value l&rsquo;\u00e9l\u00e8ve pour comprendre ses besoins et proposer des am\u00e9nagements adapt\u00e9s. Cela peut inclure des \u00e9valuations psychologiques, des bilans scolaires ou des tests de d\u00e9veloppement cognitif.<\/li>\n<\/ul>\n\n\n\n<ul class=\"wp-block-list\">\n<li>\ud83e\udd1d <strong>Collaboration avec l\u2019\u00e9cole<\/strong> : L&rsquo;\u00e9cole, les parents et les sp\u00e9cialistes travaillent ensemble pour d\u00e9finir les am\u00e9nagements n\u00e9cessaires. Un plan individualis\u00e9 d&rsquo;accompagnement (PIA) peut \u00eatre \u00e9labor\u00e9, d\u00e9taillant les ajustements n\u00e9cessaires \u00e0 l\u2019environnement, aux supports, et aux m\u00e9thodes p\u00e9dagogiques.<\/li>\n<\/ul>\n\n\n\n<ul class=\"wp-block-list\">\n<li>\ud83d\udee0\ufe0f <strong>Am\u00e9nagements dans l\u2019\u00e9cole et mise en place<\/strong> :\n<ul class=\"wp-block-list\">\n<li>L\u2019adaptation des supports p\u00e9dagogiques : cours audio, visuels, simplification du langage, etc.<\/li>\n\n\n\n<li>La modification de l\u2019espace de travail : coin calme, espace ergonomique, etc.<\/li>\n\n\n\n<li>L\u2019adaptation des \u00e9valuations : temps suppl\u00e9mentaire, consignes claires et diff\u00e9renci\u00e9es, etc.<\/li>\n<\/ul>\n<\/li>\n<\/ul>\n\n\n\n<ul class=\"wp-block-list\">\n<li>\ud83d\udd04 <strong>Suivi<\/strong> : V\u00e9rifier r\u00e9guli\u00e8rement, gr\u00e2ce \u00e0 des r\u00e9unions ou concertations, si les am\u00e9nagements sont efficaces et ajuster si besoin.<\/li>\n<\/ul>\n\n\n\n<ul class=\"wp-block-list\">\n<li>\u2696\ufe0f <strong>Recours<\/strong> : Si un \u00e9l\u00e8ve estime ne pas recevoir les am\u00e9nagements n\u00e9cessaires, il peut faire appel aupr\u00e8s du centre PMS (Centre Psycho-M\u00e9dico-Social) de l\u2019\u00e9cole, ou demander un accompagnement au sein des services d\u2019assistance \u00e9ducative. En cas de conflit, il est possible de saisir la Commission des Droits de l\u2019Enfant ou d&rsquo;autres instances comp\u00e9tentes.<\/li>\n<\/ul>\n\n\n\n<ul class=\"wp-block-list\">\n<li>\ud83d\udcb0 <strong>Financement<\/strong> : Des aides financi\u00e8res peuvent \u00eatre disponibles pour soutenir la mise en place de ces am\u00e9nagements (allocations pour les \u00e9l\u00e8ves en situation de handicap, subventions, etc.).<\/li>\n<\/ul>\n\n\n\n<p>\ud83c\udf1f En r\u00e9sum\u00e9, mettre en place des am\u00e9nagements raisonnables en Belgique n\u00e9cessite une collaboration entre tous les acteurs \u00e9ducatifs, pour garantir un environnement d&rsquo;apprentissage inclusif et accessible \u00e0 chaque \u00e9l\u00e8ve.<\/p>\n\n\n\n<div class=\"wp-block-columns is-layout-flex wp-container-core-columns-is-layout-9d6595d7 wp-block-columns-is-layout-flex\">\n<div class=\"wp-block-column is-layout-flow wp-block-column-is-layout-flow\">\n<h2 class=\"wp-block-heading\">Objectif(s) d&rsquo;utilisation<\/h2>\n\n\n\n<p>\ud83c\udf0d <strong>Promouvoir l\u2019inclusion<\/strong> en rendant chaque \u00e9l\u00e8ve capable de suivre le programme en fonction de ses comp\u00e9tences.<\/p>\n\n\n\n<p>\ud83c\udf93 <strong>Diversifier les approches p\u00e9dagogiques<\/strong> pour renforcer la confiance, l\u2019autonomie et l\u2019engagement de l\u2019\u00e9l\u00e8ve.<\/p>\n\n\n\n<p>\ud83e\udd1d <strong>Encourager un climat d\u2019apprentissage accueillant<\/strong>, dans lequel les sp\u00e9cificit\u00e9s de chacun sont reconnues et int\u00e9gr\u00e9es.<\/p>\n\n\n\n<p>\ud83d\udeab <strong>Pr\u00e9venir les situations d\u2019\u00e9chec ou de frustration<\/strong>, tout en stimulant la motivation pour participer activement aux activit\u00e9s de groupe.<\/p>\n<\/div>\n\n\n\n<div class=\"wp-block-column is-layout-flow wp-block-column-is-layout-flow\">\n<h2 class=\"wp-block-heading\">Variantes &#8211; am\u00e9nagement<\/h2>\n\n\n\n<ul class=\"wp-block-list\">\n<li>\ud83e\uddd8 <strong>Espaces d\u00e9di\u00e9s<\/strong> : Cr\u00e9er des zones calmes pour les \u00e9l\u00e8ves ayant besoin de r\u00e9gulation sensorielle.<\/li>\n\n\n\n<li>\ud83d\udcc4 <strong>Supports adapt\u00e9s<\/strong> : Proposer des fiches avec pictogrammes, des vid\u00e9os explicatives, ou du mat\u00e9riel tactile.<\/li>\n\n\n\n<li>\ud83d\udde3\ufe0f <strong>Flexibilit\u00e9 des consignes<\/strong> : Permettre des r\u00e9ponses orales plut\u00f4t qu\u2019\u00e9crites, reformuler les consignes en fonction du profil de l\u2019\u00e9l\u00e8ve.<\/li>\n\n\n\n<li>\ud83d\udc65 <strong>Groupes d\u2019apprentissage diff\u00e9renci\u00e9s<\/strong> : Mettre en place des ateliers ou tutorats pour un accompagnement plus personnalis\u00e9.<\/li>\n\n\n\n<li>\ud83d\udcbb <strong>Utilisation d\u2019outils technologiques<\/strong> : Logiciels de dict\u00e9e vocale, liseuses num\u00e9riques, applications d\u2019aide \u00e0 l\u2019apprentissage.<\/li>\n<\/ul>\n<\/div>\n<\/div>\n\n\n\n<div class=\"wp-block-columns is-layout-flex wp-container-core-columns-is-layout-9d6595d7 wp-block-columns-is-layout-flex\">\n<div class=\"wp-block-column is-layout-flow wp-block-column-is-layout-flow\">\n<h2 class=\"wp-block-heading\">Liens utiles<\/h2>\n\n\n\n<p>\ud83d\udcf0 <strong>ARTICLE<\/strong> du site officiel enseignement.be: \u00ab\u00a0<a href=\"http:\/\/www.enseignement.be\/index.php?page=27781&amp;navi=4888#guide\" target=\"_blank\" rel=\"noreferrer noopener\">Les am\u00e9nagements raisonnables<\/a>\u00a0\u00bb &#8211; contient lien de t\u00e9l\u00e9chargement des recommandations des am\u00e9nagements pour chaque besoins:<\/p>\n\n\n\n<p>\ud83d\udcda <strong>LIVRE:<\/strong> Truc et astuces: \u00a0\u00bb<em>Merci aux enseignants flexibles pour leurs am\u00e9nagements<\/em>\u00a0\u00bb <strong>Perinne BIGOT<\/strong><\/p>\n\n\n<div class=\"wp-block-image\">\n<figure class=\"aligncenter size-full is-resized\"><img loading=\"lazy\" decoding=\"async\" width=\"725\" height=\"1024\" src=\"https:\/\/api-lux.be\/wp-content\/uploads\/2025\/02\/image-5.png\" alt=\"\" class=\"wp-image-3471\" style=\"width:112px;height:auto\" srcset=\"https:\/\/api-lux.be\/wp-content\/uploads\/2025\/02\/image-5.png 725w, https:\/\/api-lux.be\/wp-content\/uploads\/2025\/02\/image-5-212x300.png 212w\" sizes=\"auto, (max-width: 725px) 100vw, 725px\" \/><\/figure>\n<\/div><\/div>\n<\/div>\n\n\n\n<p>Des outils \u00e0 nous partager ?&nbsp;<a href=\"https:\/\/api-lux.be\/index.php\/contact\/\">Cliquez ici<\/a><\/p>\n","protected":false},"excerpt":{"rendered":"<p>\ud83d\udcda Am\u00e9nagement scolaire &#8211; Des am\u00e9nagements qui permettent l\u2019inclusion de tous les \u00e9l\u00e8ves dans un cadre d\u2019apprentissage adapt\u00e9.<\/p>\n","protected":false},"author":10,"featured_media":0,"comment_status":"closed","ping_status":"closed","sticky":false,"template":"","format":"standard","meta":{"iawp_total_views":262,"footnotes":""},"categories":[24,10,28,4,22,27,14,18,9,13,46,48,47,17,20,26,21],"tags":[],"class_list":["post-817","post","type-post","status-publish","format-standard","hentry","category-adaptation-des-apprentissages","category-amenagement-environnement","category-autonomie-et-responsabilisation","category-besoins","category-besoins-cognitifs","category-besoins-daccomplissement","category-besoins-dappartenance","category-besoins-destime","category-besoins-de-securite","category-coherence","category-fiches-outils","category-fiches-outils-pour-les-aidants-proches","category-fiches-outils-pour-les-professionnels","category-inclusion-sociale-et-reseau-sociaux","category-individualisation","category-outils-pedagogiques-pour-les-pro","category-valorisation-confiance"],"_links":{"self":[{"href":"https:\/\/api-lux.be\/index.php\/wp-json\/wp\/v2\/posts\/817","targetHints":{"allow":["GET"]}}],"collection":[{"href":"https:\/\/api-lux.be\/index.php\/wp-json\/wp\/v2\/posts"}],"about":[{"href":"https:\/\/api-lux.be\/index.php\/wp-json\/wp\/v2\/types\/post"}],"author":[{"embeddable":true,"href":"https:\/\/api-lux.be\/index.php\/wp-json\/wp\/v2\/users\/10"}],"replies":[{"embeddable":true,"href":"https:\/\/api-lux.be\/index.php\/wp-json\/wp\/v2\/comments?post=817"}],"version-history":[{"count":8,"href":"https:\/\/api-lux.be\/index.php\/wp-json\/wp\/v2\/posts\/817\/revisions"}],"predecessor-version":[{"id":7736,"href":"https:\/\/api-lux.be\/index.php\/wp-json\/wp\/v2\/posts\/817\/revisions\/7736"}],"wp:attachment":[{"href":"https:\/\/api-lux.be\/index.php\/wp-json\/wp\/v2\/media?parent=817"}],"wp:term":[{"taxonomy":"category","embeddable":true,"href":"https:\/\/api-lux.be\/index.php\/wp-json\/wp\/v2\/categories?post=817"},{"taxonomy":"post_tag","embeddable":true,"href":"https:\/\/api-lux.be\/index.php\/wp-json\/wp\/v2\/tags?post=817"}],"curies":[{"name":"wp","href":"https:\/\/api.w.org\/{rel}","templated":true}]}}