{"id":8159,"date":"2025-08-19T08:46:59","date_gmt":"2025-08-19T06:46:59","guid":{"rendered":"https:\/\/api-lux.be\/?p=8159"},"modified":"2025-08-20T13:08:27","modified_gmt":"2025-08-20T11:08:27","slug":"trouver-sa-voie-les-structures-daccompagnement-a-la-formation-a-lemploi-et-a-linsertion-en-province-du-luxembourg","status":"publish","type":"post","link":"https:\/\/api-lux.be\/index.php\/2025\/08\/19\/trouver-sa-voie-les-structures-daccompagnement-a-la-formation-a-lemploi-et-a-linsertion-en-province-du-luxembourg\/","title":{"rendered":"Trouver sa voie : les structures d\u2019accompagnement \u00e0 la formation, \u00e0 l\u2019emploi et \u00e0 l\u2019insertion en province du Luxembourg"},"content":{"rendered":"\n<div class=\"wp-block-columns is-layout-flex wp-container-core-columns-is-layout-9d6595d7 wp-block-columns-is-layout-flex\">\n<div class=\"wp-block-column is-layout-flow wp-block-column-is-layout-flow\">\n<figure class=\"wp-block-image size-full\"><img loading=\"lazy\" decoding=\"async\" width=\"800\" height=\"450\" src=\"https:\/\/api-lux.be\/wp-content\/uploads\/2025\/08\/Couv-blog.webp\" alt=\"\" class=\"wp-image-8160\" srcset=\"https:\/\/api-lux.be\/wp-content\/uploads\/2025\/08\/Couv-blog.webp 800w, https:\/\/api-lux.be\/wp-content\/uploads\/2025\/08\/Couv-blog-300x169.webp 300w, https:\/\/api-lux.be\/wp-content\/uploads\/2025\/08\/Couv-blog-768x432.webp 768w\" sizes=\"auto, (max-width: 800px) 100vw, 800px\" \/><\/figure>\n<\/div>\n\n\n\n<div class=\"wp-block-column is-layout-flow wp-block-column-is-layout-flow\">\n<h4 class=\"wp-block-heading\">\ud83d\udcdd Une fiche pratique pour mieux comprendre les acteurs qui soutiennent les parcours de formation, d&#8217;emploi et d&rsquo;insertion socio-professionnels dans la r\u00e9gion<\/h4>\n\n\n\n<!--more-->\n\n\n\n<h2 class=\"wp-block-heading\">Age cible (pour qui):<\/h2>\n\n\n\n<p>Principalement \u00e0 partir de 18 ans.<\/p>\n<\/div>\n<\/div>\n\n\n\n<h2 class=\"wp-block-heading\">Descriptif de l&rsquo;outil<\/h2>\n\n\n\n<p>En province du Luxembourg, de nombreuses structures \u0153uvrent chaque jour pour <strong>accompagner les personnes \u00e9loign\u00e9es de l\u2019emploi<\/strong>, en difficult\u00e9 sociale ou en situation de handicap.<br>Cette fiche outil vous propose une <strong>vue d\u2019ensemble des principaux services et dispositifs<\/strong> actifs dans la r\u00e9gion : leur r\u00f4le, \u00e0 qui ils s\u2019adressent, ce qu\u2019ils proposent, et ce qui les distingue<\/p>\n\n\n\n<div class=\"wp-block-columns is-layout-flex wp-container-core-columns-is-layout-9d6595d7 wp-block-columns-is-layout-flex\">\n<div class=\"wp-block-column is-layout-flow wp-block-column-is-layout-flow\">\n<h2 class=\"wp-block-heading\">1\ufe0f\u20e3  <strong><a href=\"https:\/\/api-lux.be\/index.php\/2025\/08\/14\/centres-dinsertion-socioprofessionnelle-cisp-province-de-luxembourg\/\">Les CISP<\/a> \u2013 Centres d\u2019Insertion Socioprofessionnelle<\/strong> \ud83d\udcda<\/h2>\n\n\n\n<h3 class=\"wp-block-heading\">\ud83d\udd0d Description<\/h3>\n\n\n\n<p>Les CISP sont des <strong>centres agr\u00e9\u00e9s par le Service Public de Wallonie<\/strong>. Ils accueillent des <strong>adultes peu qualifi\u00e9s<\/strong> ou <strong>demandeurs d\u2019emploi<\/strong> pour les aider \u00e0 se <strong>repositionner professionnellement<\/strong> \u00e0 travers des formations pratiques et adapt\u00e9es.<\/p>\n\n\n\n<h3 class=\"wp-block-heading\">\ud83c\udfaf Objectif<\/h3>\n\n\n\n<p>Aider chaque participant \u00e0 d\u00e9finir un <strong>projet professionnel concret<\/strong> et \u00e0 acqu\u00e9rir les <strong>comp\u00e9tences de base et techniques<\/strong> n\u00e9cessaires.<\/p>\n\n\n\n<h3 class=\"wp-block-heading\">\ud83d\udc65 Public cible<\/h3>\n\n\n\n<ul class=\"wp-block-list\">\n<li>Adultes peu ou pas dipl\u00f4m\u00e9s<\/li>\n\n\n\n<li>Demandeurs d\u2019emploi<\/li>\n\n\n\n<li>Personnes en r\u00e9orientation professionnelle<\/li>\n<\/ul>\n\n\n\n<h3 class=\"wp-block-heading\">\ud83d\udee0\ufe0f Services propos\u00e9s<\/h3>\n\n\n\n<ul class=\"wp-block-list\">\n<li>\u270f\ufe0f Alphab\u00e9tisation, FLE, remise \u00e0 niveau<\/li>\n\n\n\n<li>\ud83d\udee0\ufe0f Formations techniques vers des m\u00e9tiers sp\u00e9cifiques<\/li>\n\n\n\n<li>\ud83d\udd04 Orientation professionnelle<\/li>\n\n\n\n<li>\ud83e\udd1d Suivi p\u00e9dagogique et social personnalis\u00e9<\/li>\n<\/ul>\n\n\n\n<h3 class=\"wp-block-heading\">\u2696\ufe0f Ce qui les distingue<\/h3>\n\n\n\n<p>Un <strong>cadre p\u00e9dagogique structur\u00e9<\/strong>, avec une forte dimension <strong>sociale et formatrice<\/strong>, centr\u00e9 sur l\u2019individu et son \u00e9volution.<\/p>\n\n\n\n<hr class=\"wp-block-separator has-alpha-channel-opacity\"\/>\n\n\n\n<h2 class=\"wp-block-heading\">2\ufe0f\u20e3  <strong><a href=\"https:\/\/api-lux.be\/index.php\/2025\/08\/14\/services-dinsertion-sociale-sis-en-province-du-luxembourg\/\">Les SIS<\/a> \u2013 Services d\u2019Insertion Sociale<\/strong> \ud83e\udde9<\/h2>\n\n\n\n<h3 class=\"wp-block-heading\">\ud83d\udd0d Description<\/h3>\n\n\n\n<p>Les SIS sont des <strong>structures sociales locales<\/strong> qui visent \u00e0 <strong>rompre l\u2019isolement et l\u2019exclusion<\/strong> via des actions collectives, des ateliers, du soutien social et la <strong>mobilisation des droits fondamentaux<\/strong>.<\/p>\n\n\n\n<h3 class=\"wp-block-heading\">\ud83c\udfaf Objectif<\/h3>\n\n\n\n<p>Favoriser la <strong>reprise d\u2019autonomie<\/strong>, la <strong>participation sociale<\/strong> et l\u2019acc\u00e8s \u00e0 ses <strong>droits fondamentaux<\/strong> (logement, emploi, sant\u00e9\u2026).<\/p>\n\n\n\n<h3 class=\"wp-block-heading\">\ud83d\udc65 Public cible<\/h3>\n\n\n\n<ul class=\"wp-block-list\">\n<li>Adultes en situation de pr\u00e9carit\u00e9<\/li>\n\n\n\n<li>Personnes isol\u00e9es, sans emploi ou fragilis\u00e9es socialement<\/li>\n\n\n\n<li>Personnes en situation de handicap<\/li>\n<\/ul>\n\n\n\n<h3 class=\"wp-block-heading\">\ud83d\udee0\ufe0f Services propos\u00e9s<\/h3>\n\n\n\n<ul class=\"wp-block-list\">\n<li>Ateliers collectifs (droits, citoyennet\u00e9, autonomie\u2026)<\/li>\n\n\n\n<li>Accompagnement individuel<\/li>\n\n\n\n<li>Projets interg\u00e9n\u00e9rationnels \/ interculturels<\/li>\n\n\n\n<li>Soutien dans des projets collectifs ou communautaires<\/li>\n<\/ul>\n\n\n\n<h3 class=\"wp-block-heading\">\u2696\ufe0f Ce qui les distingue<\/h3>\n\n\n\n<p>Approche <strong>communautaire et sociale<\/strong> plus large, centr\u00e9e sur le <strong>vivre ensemble<\/strong> et les <strong>droits sociaux<\/strong>, non exclusivement sur le travail.<\/p>\n<\/div>\n\n\n\n<div class=\"wp-block-column is-layout-flow wp-block-column-is-layout-flow\">\n<h2 class=\"wp-block-heading\">3\ufe0f\u20e3  <strong><a href=\"https:\/\/api-lux.be\/index.php\/2025\/08\/18\/les-entreprises-de-formation-par-le-travail-eft-en-province-du-luxembourg\/\">Les EFT<\/a> \u2013 Entreprises de Formation par le Travail<\/strong> \ud83c\udfd7\ufe0f<\/h2>\n\n\n\n<h3 class=\"wp-block-heading\">\ud83d\udd0d Description<\/h3>\n\n\n\n<p>Les EFT sont des structures de <strong>formation en situation r\u00e9elle de travail<\/strong>, destin\u00e9es \u00e0 aider des <strong>personnes \u00e9loign\u00e9es de l\u2019emploi<\/strong> \u00e0 <strong>acqu\u00e9rir une premi\u00e8re exp\u00e9rience professionnelle<\/strong>.<\/p>\n\n\n\n<h3 class=\"wp-block-heading\">\ud83c\udfaf Objectif<\/h3>\n\n\n\n<p>Offrir une <strong>formation technique encadr\u00e9e<\/strong>, d\u00e9velopper les <strong>comp\u00e9tences de terrain<\/strong>, renforcer l\u2019employabilit\u00e9.<\/p>\n\n\n\n<h3 class=\"wp-block-heading\">\ud83d\udc65 Public cible<\/h3>\n\n\n\n<ul class=\"wp-block-list\">\n<li>Adultes sans emploi, peu ou pas dipl\u00f4m\u00e9s<\/li>\n\n\n\n<li>Demandeurs d\u2019emploi inscrits au Forem<\/li>\n\n\n\n<li>Personnes en insertion ou r\u00e9orientation<\/li>\n<\/ul>\n\n\n\n<h3 class=\"wp-block-heading\">\ud83d\udee0\ufe0f Services propos\u00e9s<\/h3>\n\n\n\n<ul class=\"wp-block-list\">\n<li>Formations techniques concr\u00e8tes (cuisine, bois, espaces verts\u2026)<\/li>\n\n\n\n<li>Stages en entreprise<\/li>\n\n\n\n<li>Suivi individuel et social<\/li>\n<\/ul>\n\n\n\n<h3 class=\"wp-block-heading\">\u2696\ufe0f Ce qui les distingue<\/h3>\n\n\n\n<p>Un <strong>apprentissage par l\u2019action<\/strong>, proche du <strong>mod\u00e8le d\u2019entreprise<\/strong>, tout en gardant un <strong>objectif social et p\u00e9dagogique<\/strong>.<\/p>\n\n\n\n<hr class=\"wp-block-separator has-alpha-channel-opacity\"\/>\n\n\n\n<h2 class=\"wp-block-heading\">4\ufe0f\u20e3  <strong><a href=\"https:\/\/api-lux.be\/index.php\/2025\/04\/10\/linclusion-a-lemploi-en-province-du-luxembourg\/\">Les ETA<\/a> \u2013 Entreprises de Travail Adapt\u00e9<\/strong> \u2699\ufe0f<\/h2>\n\n\n\n<h3 class=\"wp-block-heading\">\ud83d\udd0d Description<\/h3>\n\n\n\n<p>Les ETA sont des <strong>entreprises employant des personnes en situation de handicap<\/strong>, en leur proposant des <strong>conditions de travail adapt\u00e9es<\/strong> \u00e0 leurs capacit\u00e9s.<\/p>\n\n\n\n<h3 class=\"wp-block-heading\">\ud83c\udfaf Objectif<\/h3>\n\n\n\n<p>Permettre une <strong>inclusion socio-professionnelle durable<\/strong> de travailleurs handicap\u00e9s dans un <strong>environnement structur\u00e9<\/strong>.<\/p>\n\n\n\n<h3 class=\"wp-block-heading\">\ud83d\udc65 Public cible<\/h3>\n\n\n\n<ul class=\"wp-block-list\">\n<li>Personnes reconnues comme ayant un handicap<\/li>\n\n\n\n<li>Travailleurs orient\u00e9s par l\u2019AViQ ou des services sp\u00e9cialis\u00e9s<\/li>\n<\/ul>\n\n\n\n<h3 class=\"wp-block-heading\">\ud83d\udee0\ufe0f Services propos\u00e9s<\/h3>\n\n\n\n<ul class=\"wp-block-list\">\n<li>Activit\u00e9s de production (emballage, menuiserie, textile, etc.)<\/li>\n\n\n\n<li>Formation et accompagnement dans l\u2019entreprise<\/li>\n\n\n\n<li>Cadre prot\u00e9g\u00e9 et valorisant<\/li>\n<\/ul>\n\n\n\n<h3 class=\"wp-block-heading\">\u2696\ufe0f Ce qui les distingue<\/h3>\n\n\n\n<p>Statut <strong>entreprise + social<\/strong>, alliant <strong>production \u00e9conomique<\/strong> et <strong>finalit\u00e9 d\u2019int\u00e9gration<\/strong>.<\/p>\n<\/div>\n<\/div>\n\n\n\n<h2 class=\"wp-block-heading\">\ud83e\udded Autres structures d\u2019accompagnement \u00e0 l\u2019insertion professionnelle en province du Luxembourg<\/h2>\n\n\n\n<hr class=\"wp-block-separator has-alpha-channel-opacity\"\/>\n\n\n\n<h3 class=\"wp-block-heading\">\ud83d\udd38 <strong><a href=\"https:\/\/www.service-accompagnement.be\">S\u00e9same ASBL<\/a><\/strong> <\/h3>\n\n\n\n<p><strong>\ud83c\udfaf Mission<\/strong> : \ud83c\udf31 Favoriser l\u2019inclusion des personnes en situation de handicap.<br><strong>\ud83d\udc65 Public<\/strong> : \u267f Personnes en situation de handicap.<\/p>\n\n\n\n<p><strong>\ud83d\udee0\ufe0f Services<\/strong> :<\/p>\n\n\n\n<ul class=\"wp-block-list\">\n<li>\ud83e\uddd1\u200d\ud83d\udcbc <strong>S\u00e9same<\/strong> \u2013 Accompagnement g\u00e9n\u00e9ral<br>Soutien dans les d\u00e9marches administratives, sociales et personnelles.<\/li>\n\n\n\n<li>\ud83c\udfaf <strong>Perspectives Lux<\/strong> \u2013 Transition 14-25 ans<br>Aide \u00e0 l\u2019\u00e9laboration d\u2019un projet de vie et d\u2019insertion.<\/li>\n\n\n\n<li>\ud83c\udfe0 <strong>S\u00e9same avec Toit<\/strong> \u2013 Habitat encadr\u00e9<br>Accompagnement \u00e0 la vie en logement semi-autonome.<\/li>\n\n\n\n<li>\ud83d\udcbc <strong>S\u00e9same pour l\u2019Emploi<\/strong> \u2013 Job coaching<br>Accompagnement vers l\u2019emploi adapt\u00e9 ou ordinaire.<\/li>\n\n\n\n<li>\ud83e\udd1d <strong>S\u00e9same Ouvre-toi !<\/strong> \u2013 Activit\u00e9s citoyennes<br>Participation active \u00e0 la vie sociale et citoyenne.<\/li>\n<\/ul>\n\n\n\n<hr class=\"wp-block-separator has-alpha-channel-opacity\"\/>\n\n\n\n<h3 class=\"wp-block-heading\">\ud83d\udd38 <strong><a href=\"https:\/\/mes-aides-financieres.be\/emploi\/maison-de-lemploi\/#Maisons_de_lemploi_dans_la_province_de_Luxembourg\">Maison de l\u2019Emploi de la Province du Luxembourg<\/a><\/strong> \ud83c\udfe1<\/h3>\n\n\n\n<p><strong>\ud83c\udfaf Mission<\/strong> : Faciliter l\u2019acc\u00e8s \u00e0 l\u2019emploi via un accompagnement local et personnalis\u00e9.<\/p>\n\n\n\n<p><strong>\ud83d\udc65 Public<\/strong> : Demandeurs d\u2019emploi, employeurs, acteurs locaux.<\/p>\n\n\n\n<p><strong>\ud83e\udde9 Services<\/strong> :<br>\ud83e\uddd1\u200d\ud83d\udcbc Accompagnement vers l\u2019emploi<br>\ud83d\udd0d Orientation et info Forem<br>\ud83e\udd1d Coordination locale (communes, CPAS, etc.)<\/p>\n\n\n\n<hr class=\"wp-block-separator has-alpha-channel-opacity\"\/>\n\n\n\n<p>Des outils \u00e0 nous partager ? <a href=\"https:\/\/api-lux.be\/index.php\/contact\/\">Cliquez ici<\/a><\/p>\n","protected":false},"excerpt":{"rendered":"<p>\ud83d\udcdd Une fiche pratique pour mieux comprendre les acteurs qui soutiennent les parcours de formation, d&#8217;emploi et d&rsquo;insertion socio-professionnels dans la r\u00e9gion<\/p>\n","protected":false},"author":2,"featured_media":0,"comment_status":"closed","ping_status":"closed","sticky":false,"template":"","format":"standard","meta":{"iawp_total_views":54,"footnotes":""},"categories":[4,27,14,46,48,47,17,29],"tags":[],"class_list":["post-8159","post","type-post","status-publish","format-standard","hentry","category-besoins","category-besoins-daccomplissement","category-besoins-dappartenance","category-fiches-outils","category-fiches-outils-pour-les-aidants-proches","category-fiches-outils-pour-les-professionnels","category-inclusion-sociale-et-reseau-sociaux","category-projection"],"_links":{"self":[{"href":"https:\/\/api-lux.be\/index.php\/wp-json\/wp\/v2\/posts\/8159","targetHints":{"allow":["GET"]}}],"collection":[{"href":"https:\/\/api-lux.be\/index.php\/wp-json\/wp\/v2\/posts"}],"about":[{"href":"https:\/\/api-lux.be\/index.php\/wp-json\/wp\/v2\/types\/post"}],"author":[{"embeddable":true,"href":"https:\/\/api-lux.be\/index.php\/wp-json\/wp\/v2\/users\/2"}],"replies":[{"embeddable":true,"href":"https:\/\/api-lux.be\/index.php\/wp-json\/wp\/v2\/comments?post=8159"}],"version-history":[{"count":4,"href":"https:\/\/api-lux.be\/index.php\/wp-json\/wp\/v2\/posts\/8159\/revisions"}],"predecessor-version":[{"id":8170,"href":"https:\/\/api-lux.be\/index.php\/wp-json\/wp\/v2\/posts\/8159\/revisions\/8170"}],"wp:attachment":[{"href":"https:\/\/api-lux.be\/index.php\/wp-json\/wp\/v2\/media?parent=8159"}],"wp:term":[{"taxonomy":"category","embeddable":true,"href":"https:\/\/api-lux.be\/index.php\/wp-json\/wp\/v2\/categories?post=8159"},{"taxonomy":"post_tag","embeddable":true,"href":"https:\/\/api-lux.be\/index.php\/wp-json\/wp\/v2\/tags?post=8159"}],"curies":[{"name":"wp","href":"https:\/\/api.w.org\/{rel}","templated":true}]}}