{"id":8151,"date":"2025-08-18T16:27:33","date_gmt":"2025-08-18T14:27:33","guid":{"rendered":"https:\/\/api-lux.be\/?p=8151"},"modified":"2025-08-19T09:43:44","modified_gmt":"2025-08-19T07:43:44","slug":"les-entreprises-de-formation-par-le-travail-eft-en-province-du-luxembourg","status":"publish","type":"post","link":"https:\/\/api-lux.be\/index.php\/2025\/08\/18\/les-entreprises-de-formation-par-le-travail-eft-en-province-du-luxembourg\/","title":{"rendered":"Les Entreprises de Formation par le Travail (EFT) en province du Luxembourg"},"content":{"rendered":"\n<div class=\"wp-block-columns is-layout-flex wp-container-core-columns-is-layout-9d6595d7 wp-block-columns-is-layout-flex\">\n<div class=\"wp-block-column is-layout-flow wp-block-column-is-layout-flow\"><div class=\"wp-block-image\">\n<figure class=\"aligncenter size-full is-resized\"><img loading=\"lazy\" decoding=\"async\" width=\"800\" height=\"534\" src=\"https:\/\/api-lux.be\/wp-content\/uploads\/2025\/08\/formation.jpg\" alt=\"\" class=\"wp-image-8155\" style=\"width:360px;height:auto\" srcset=\"https:\/\/api-lux.be\/wp-content\/uploads\/2025\/08\/formation.jpg 800w, https:\/\/api-lux.be\/wp-content\/uploads\/2025\/08\/formation-300x200.jpg 300w, https:\/\/api-lux.be\/wp-content\/uploads\/2025\/08\/formation-768x513.jpg 768w\" sizes=\"auto, (max-width: 800px) 100vw, 800px\" \/><\/figure>\n<\/div><\/div>\n\n\n\n<div class=\"wp-block-column is-layout-flow wp-block-column-is-layout-flow\">\n<p>Les <strong>EFT<\/strong> offrent aux adultes \u00e9loign\u00e9s du march\u00e9 du travail une seconde chance de se former concr\u00e8tement, sur le terrain <\/p>\n\n\n\n<!--more-->\n\n\n\n<h2 class=\"wp-block-heading\">Age cible (pour qui)<\/h2>\n\n\n\n<p>\ud83d\udc64 <strong>\u00c0 partir de 18 ans<\/strong> (ou d\u00e8s la fin de l\u2019obligation scolaire)<\/p>\n<\/div>\n<\/div>\n\n\n\n<h2 class=\"wp-block-heading\">Descriptif de l&rsquo;outil<\/h2>\n\n\n\n<h3 class=\"wp-block-heading\">\ud83d\udd0e <strong>Qu&rsquo;est-ce qu&rsquo;une EFT ?<\/strong><\/h3>\n\n\n\n<p>Une <strong>Entreprise de Formation par le Travail (EFT)<\/strong> est une structure d\u2019insertion socio-professionnelle qui propose des <strong>formations pratiques en situation r\u00e9elle de travail<\/strong> \ud83e\uddf0\ud83d\udc77.<br>Elle vise \u00e0 accompagner des <strong>adultes \u00e9loign\u00e9s de l\u2019emploi<\/strong> vers une <strong>remise \u00e0 l\u2019emploi ou une formation qualifiante<\/strong>, dans un cadre <strong>professionnalisant et encadr\u00e9<\/strong>.<br>\ud83d\udee0\ufe0f. Ces structures locales permettent de retrouver un rythme professionnel, de d\u00e9velopper des comp\u00e9tences techniques et de reconstruire un projet d\u2019avenir, le tout avec un accompagnement humain et individualis\u00e9 \ud83e\udd1d.<\/p>\n\n\n\n<h3 class=\"wp-block-heading\">\u2705 <strong>Conditions d\u2019acc\u00e8s<\/strong><\/h3>\n\n\n\n<p>\ud83d\udc64 \u00catre <strong>adulte<\/strong> (hors obligation scolaire)<br>\ud83d\udccb \u00catre <strong>inscrit comme demandeur d\u2019emploi<\/strong> aupr\u00e8s du <strong>Forem<\/strong><br>\ud83e\uddd1\u200d\u2695\ufe0f Accepter un <strong>accompagnement social<\/strong> durant la formation<br>\ud83d\udcc6 Formation possible jusqu\u2019\u00e0 <strong>18 mois<\/strong>, avec stage en entreprise \u00e0 la cl\u00e9<\/p>\n\n\n\n<h3 class=\"wp-block-heading\">\ud83d\udccd Les EFT en Province du Luxembourg \u2013 Belgique<\/h3>\n\n\n\n<hr class=\"wp-block-separator has-alpha-channel-opacity\"\/>\n\n\n\n<h3 class=\"wp-block-heading\">1\ufe0f\u20e3  <strong><a href=\"http:\/\/www.habilux.be\">Habilux<\/a> \u2013 Bastogne \/ Arlon<\/strong><\/h3>\n\n\n\n<ul class=\"wp-block-list\">\n<li>\ud83d\udc68\u200d\ud83c\udf73 Restauration (restaurant p\u00e9dagogique \u00e0 Bastogne)<\/li>\n\n\n\n<li>\ud83c\udf3f Espaces verts (Arlon &amp; Bastogne)<\/li>\n<\/ul>\n\n\n\n<p><strong>Adresses et contacts<\/strong> :<br>&#8211; <strong>Arlon<\/strong> \u2013 39, rue des D\u00e9port\u00e9s, 6700 Arlon \u2013 \ud83d\udcde 063\/21\u202f87\u202f37<br>&#8211; <strong>Bastogne<\/strong> \u2013 1, rue de la P\u00e9pini\u00e8re, 6600 Bastogne \u2013 \ud83d\udcde 061\/21\u202f85\u202f52<\/p>\n\n\n\n<hr class=\"wp-block-separator has-alpha-channel-opacity\"\/>\n\n\n\n<h3 class=\"wp-block-heading\">2\ufe0f\u20e3  <strong><a href=\"https:\/\/trusquin.be\">Le Trusquin<\/a> \u2013 Marche\u2011en\u2011Famenne<\/strong><\/h3>\n\n\n\n<ul class=\"wp-block-list\">\n<li>\ud83e\uddf1 Construction \u00e9cologique<\/li>\n\n\n\n<li>\ud83d\ude90 Transport\/logistique (chauffeur-livreur, permis B)<\/li>\n\n\n\n<li>\ud83d\udd29 Ferronnerie \u2013 soudure<\/li>\n\n\n\n<li>\ud83c\udf33 Environnement (espaces verts, biodiversit\u00e9\u2026)<\/li>\n<\/ul>\n\n\n\n<p> <strong>Adresse<\/strong> <strong>et contacts<\/strong> : Rue de Bastogne 36D, 6900 Marche\u2011en\u2011Famenne \u2013 \ud83d\udcde 084\/32\u202f36\u202f07<\/p>\n\n\n\n<hr class=\"wp-block-separator has-alpha-channel-opacity\"\/>\n\n\n\n<h3 class=\"wp-block-heading\">3\ufe0f\u20e3  <strong><a href=\"https:\/\/www.halledehan.be\/formations\/\">Halle de Han<\/a> \u2013 Tintigny<\/strong><\/h3>\n\n\n\n<h4 class=\"wp-block-heading\">\ud83e\uddd1\u200d\ud83c\udf73 <strong>1. EFT \u2013 Commis de cuisine<\/strong><\/h4>\n\n\n\n<ul class=\"wp-block-list\">\n<li>Ateliers <strong>pratiques et th\u00e9oriques<\/strong><\/li>\n\n\n\n<li><strong>Stages en entreprise<\/strong><\/li>\n\n\n\n<li>Objectif : acqu\u00e9rir les comp\u00e9tences pour exercer le m\u00e9tier de <strong>commis de cuisine<\/strong><\/li>\n<\/ul>\n\n\n\n<h4 class=\"wp-block-heading\">\ud83d\uded2 <strong>2. CISP \u2013 Formation de base &amp; orientation<\/strong><\/h4>\n\n\n\n<ul class=\"wp-block-list\">\n<li><strong>Formation aux m\u00e9tiers de la vente<\/strong> (ex : travail en magasin)<\/li>\n\n\n\n<li><strong>Formation en orientation professionnelle<\/strong>, avec ou sans accompagnement psychologique<\/li>\n\n\n\n<li>Objectif : (re)d\u00e9finir un projet professionnel r\u00e9aliste et accessible<br><br>\ud83d\udccd <strong>Adresse<\/strong> <strong>et contacts<\/strong>: 36 Han, 6730 Tintigny \u2013 \ud83d\udcde 063\/44\u202f00\u202f60<\/li>\n<\/ul>\n\n\n\n<hr class=\"wp-block-separator has-alpha-channel-opacity\"\/>\n\n\n\n<h3 class=\"wp-block-heading\">4\ufe0f\u20e3  <strong><a href=\"http:\/\/www.larenardiere.be\">La Renardi\u00e8re<\/a> \u2013 Bertrix<\/strong><\/h3>\n\n\n\n<ul class=\"wp-block-list\">\n<li>\ud83c\udf32 Sylviculture &amp; environnement<\/li>\n\n\n\n<li>\ud83e\udeb5 Scierie &amp; aff\u00fbtage<\/li>\n\n\n\n<li>\ud83e\ude9a Menuiserie &amp; conditionnement bois<\/li>\n\n\n\n<li>\ud83e\uddfa Buanderie \/ auxiliaire polyvalente<br><br>\ud83d\udccd <strong>Adresse<\/strong> : Rue des Pr\u00e9s la Mercire 8, Zoning industriel, 6880\u202fBertrix \u2013 \ud83d\udcde 061\/41\u202f33\u202f51<\/li>\n<\/ul>\n\n\n\n<hr class=\"wp-block-separator has-alpha-channel-opacity\"\/>\n\n\n\n<h3 class=\"wp-block-heading\">5\ufe0f\u20e3  <strong><a href=\"https:\/\/www.lureso.be\/page\/fiche.php?id=768&amp;nom=Le_Futur_simple\">Le Futur Simple <\/a>\u2013 Tillet (Sainte-Ode)<\/strong><\/h3>\n\n\n\n<ul class=\"wp-block-list\">\n<li>\ud83c\udf7d\ufe0f Cuisine de collectivit\u00e9<\/li>\n\n\n\n<li>\ud83d\udce6 Conditionnement &amp; reliure<br><br>\ud83d\udccd <strong>Adresse<\/strong> : 6680 Sainte-Ode \u2013 \ud83d\udcde 0498\/69\u202f22\u202f79<\/li>\n<\/ul>\n\n\n\n<div class=\"wp-block-columns is-layout-flex wp-container-core-columns-is-layout-9d6595d7 wp-block-columns-is-layout-flex\">\n<div class=\"wp-block-column is-layout-flow wp-block-column-is-layout-flow\">\n<h2 class=\"wp-block-heading\">Objectif(s) d&rsquo;utilisation<\/h2>\n\n\n\n<p>\ud83c\udf93 Acqu\u00e9rir des <strong>comp\u00e9tences techniques concr\u00e8tes<\/strong><br>\ud83d\udee0\ufe0f Se former <strong>par le travail<\/strong>, dans des conditions proches du r\u00e9el<br>\ud83e\uddd1\u200d\ud83d\udcbc Reprendre confiance, se remettre dans une <strong>dynamique professionnelle<\/strong><br>\ud83e\udded \u00catre <strong>accompagn\u00e9 individuellement<\/strong>, avec un suivi social personnalis\u00e9<\/p>\n<\/div>\n\n\n\n<div class=\"wp-block-column is-layout-flow wp-block-column-is-layout-flow\">\n<h2 class=\"wp-block-heading\">Liens utiles<\/h2>\n\n\n\n<p>\ud83d\udc1d <strong>Autres fiches consultables sur API-Lux :<\/strong><\/p>\n\n\n\n<ul class=\"wp-block-list\">\n<li>\ud83d\udcd8 <a href=\"https:\/\/api-lux.be\/index.php\/2025\/08\/19\/trouver-sa-voie-les-structures-daccompagnement-a-la-formation-a-lemploi-et-a-linsertion-en-province-du-luxembourg\/\"><strong>Trouver sa voie<\/strong> <\/a>: les structures d\u2019accompagnement \u00e0 la formation, \u00e0 l\u2019emploi et \u00e0 l\u2019insertion en province du Luxembourg &#8211; petit guide<\/li>\n<\/ul>\n\n\n\n<ul class=\"wp-block-list\">\n<li>\ud83c\udfe2 <strong><a href=\"https:\/\/api-lux.be\/index.php\/2025\/04\/10\/linclusion-a-lemploi-en-province-du-luxembourg\/\">Entreprise de Travail Adapt\u00e9<\/a> <\/strong>en province du Luxembourg (ETA)<\/li>\n\n\n\n<li>\ud83c\udf93 <strong><a href=\"https:\/\/api-lux.be\/index.php\/2025\/08\/14\/centres-dinsertion-socioprofessionnelle-cisp-province-de-luxembourg\/\">Centre d\u2019Insertion Socioprofessionnelle <\/a><\/strong>en province du Luxembourg (CISP)<\/li>\n\n\n\n<li>\ud83e\udd1d <a href=\"https:\/\/api-lux.be\/index.php\/2025\/08\/14\/services-dinsertion-sociale-sis-en-province-du-luxembourg\/\"><strong>Services d&rsquo;Insertion Sociale<\/strong><\/a> (SIS) en province du Luxembourg<\/li>\n\n\n\n<li>\ud83d\udd04<a href=\"https:\/\/api-lux.be\/index.php\/2025\/02\/14\/transition-insertion\/\"> <strong>Transition \u2013 Insertion professionnelle<\/strong><\/a><\/li>\n<\/ul>\n<\/div>\n<\/div>\n\n\n\n<p>Des outils \u00e0 nous partager ? <a href=\"https:\/\/api-lux.be\/index.php\/contact\/\">Cliquez ici<\/a><\/p>\n\n\n\n<p><\/p>\n","protected":false},"excerpt":{"rendered":"<p>Les EFT offrent aux adultes \u00e9loign\u00e9s du march\u00e9 du travail une seconde chance de se former concr\u00e8tement, sur le terrain<\/p>\n","protected":false},"author":2,"featured_media":0,"comment_status":"closed","ping_status":"closed","sticky":false,"template":"","format":"standard","meta":{"iawp_total_views":100,"footnotes":""},"categories":[24,4,22,27,14,46,48,47,17,29],"tags":[],"class_list":["post-8151","post","type-post","status-publish","format-standard","hentry","category-adaptation-des-apprentissages","category-besoins","category-besoins-cognitifs","category-besoins-daccomplissement","category-besoins-dappartenance","category-fiches-outils","category-fiches-outils-pour-les-aidants-proches","category-fiches-outils-pour-les-professionnels","category-inclusion-sociale-et-reseau-sociaux","category-projection"],"_links":{"self":[{"href":"https:\/\/api-lux.be\/index.php\/wp-json\/wp\/v2\/posts\/8151","targetHints":{"allow":["GET"]}}],"collection":[{"href":"https:\/\/api-lux.be\/index.php\/wp-json\/wp\/v2\/posts"}],"about":[{"href":"https:\/\/api-lux.be\/index.php\/wp-json\/wp\/v2\/types\/post"}],"author":[{"embeddable":true,"href":"https:\/\/api-lux.be\/index.php\/wp-json\/wp\/v2\/users\/2"}],"replies":[{"embeddable":true,"href":"https:\/\/api-lux.be\/index.php\/wp-json\/wp\/v2\/comments?post=8151"}],"version-history":[{"count":2,"href":"https:\/\/api-lux.be\/index.php\/wp-json\/wp\/v2\/posts\/8151\/revisions"}],"predecessor-version":[{"id":8168,"href":"https:\/\/api-lux.be\/index.php\/wp-json\/wp\/v2\/posts\/8151\/revisions\/8168"}],"wp:attachment":[{"href":"https:\/\/api-lux.be\/index.php\/wp-json\/wp\/v2\/media?parent=8151"}],"wp:term":[{"taxonomy":"category","embeddable":true,"href":"https:\/\/api-lux.be\/index.php\/wp-json\/wp\/v2\/categories?post=8151"},{"taxonomy":"post_tag","embeddable":true,"href":"https:\/\/api-lux.be\/index.php\/wp-json\/wp\/v2\/tags?post=8151"}],"curies":[{"name":"wp","href":"https:\/\/api.w.org\/{rel}","templated":true}]}}