{"id":815,"date":"2025-02-14T11:36:55","date_gmt":"2025-02-14T10:36:55","guid":{"rendered":"http:\/\/localhost\/mdi_w\/?p=815"},"modified":"2025-07-01T13:57:48","modified_gmt":"2025-07-01T11:57:48","slug":"communication-alternative-amelioree-caa","status":"publish","type":"post","link":"https:\/\/api-lux.be\/index.php\/2025\/02\/14\/communication-alternative-amelioree-caa\/","title":{"rendered":"Communication alternative am\u00e9lior\u00e9e (CAA)"},"content":{"rendered":"\n<div class=\"wp-block-columns is-layout-flex wp-container-core-columns-is-layout-9d6595d7 wp-block-columns-is-layout-flex\">\n<div class=\"wp-block-column is-vertically-aligned-center is-layout-flow wp-block-column-is-layout-flow\">\n<figure class=\"wp-block-image size-full\"><img decoding=\"async\" src=\"https:\/\/api-lux.be\/wp-content\/uploads\/2025\/02\/caa.jpg\" alt=\" \" class=\"wp-image-202\"\/><\/figure>\n<\/div>\n\n\n\n<div class=\"wp-block-column is-layout-flow wp-block-column-is-layout-flow\">\n<p>\ud83d\udde3\ufe0f <strong>COMMUNICATION<\/strong> &#8211; Ensemble de m\u00e9thodes et d\u2019outils qui permettent aux personnes ayant des difficult\u00e9s \u00e0 communiquer de mieux s\u2019exprimer. Elle utilise des images, des gestes ou des technologies pour faciliter les \u00e9changes, afin que chacun puisse se faire comprendre et participer activement \u00e0 la vie sociale.<\/p>\n\n\n\n<!--more-->\n\n\n\n<h2 class=\"wp-block-heading\">\u00c2ge cible<\/h2>\n\n\n\n<p>Tout \u00e2ge.<\/p>\n<\/div>\n<\/div>\n\n\n\n<h2 class=\"wp-block-heading\">Descriptif de l&rsquo;outil<\/h2>\n\n\n\n<p>La CAA (Communication Alternative et Am\u00e9lior\u00e9e) aide les personnes qui ont des difficult\u00e9s \u00e0 parler ou \u00e0 comprendre \u00e0 mieux communiquer. \ud83d\udde3\ufe0f Elle offre des outils pour s\u2019exprimer, comme des images, des gestes, des applications ou des tableaux. Ces outils sont adapt\u00e9s \u00e0 chaque personne selon ses besoins.<\/p>\n\n\n\n<p>Voici comment utiliser la <strong>Communication Alternative et Am\u00e9lior\u00e9e (CAA)<\/strong> de mani\u00e8re simple :<\/p>\n\n\n\n<ol class=\"wp-block-list\">\n<li><strong>\u00c9valuer les besoins<\/strong> \ud83d\udcdd: Comprendre ce dont la personne a besoin (quel type de communication est le plus adapt\u00e9).<\/li>\n\n\n\n<li><strong>Choisir les outils<\/strong> \ud83d\udee0\ufe0f: S\u00e9lectionner des outils comme des pictogrammes, des tableaux ou des applications de CAA, selon ce qui convient le mieux.<\/li>\n\n\n\n<li><strong>Apprendre \u00e0 utiliser<\/strong> \ud83d\udcda: Apprendre \u00e0 utiliser les outils avec l\u2019aide d\u2019un professionnel (comme un orthophoniste).<\/li>\n\n\n\n<li><strong>Pratiquer r\u00e9guli\u00e8rement<\/strong> \ud83d\udcaa: Utiliser les outils tous les jours pour s\u2019habituer et \u00eatre plus \u00e0 l\u2019aise.<\/li>\n\n\n\n<li><strong>Personnaliser<\/strong> \ud83c\udfa8: Adapter les outils (ajouter des mots, des images) pour qu&rsquo;ils soient utiles dans le quotidien.<\/li>\n\n\n\n<li><strong>Suivi et ajustements<\/strong> \ud83d\udd04: Revoir les outils de temps en temps pour voir s&rsquo;ils sont toujours adapt\u00e9s aux besoins de la personne.<\/li>\n\n\n\n<li><strong>Encourager la communication<\/strong> \ud83e\udd1d: Inviter la personne \u00e0 communiquer avec les autres pour plus d&rsquo;interactions sociales.<\/li>\n<\/ol>\n\n\n\n<p>La CAA peut prendre diverses formes:<\/p>\n\n\n\n<ul class=\"wp-block-list\">\n<li>\ud83c\udf1f <strong>Pictogrammes et symboles<\/strong> : Ce sont des images ou des dessins qui repr\u00e9sentent des mots ou des id\u00e9es. Ils aident \u00e0 comprendre et \u00e0 communiquer plus facilement.<\/li>\n\n\n\n<li>\ud83d\udccb <strong>Tableaux de communication<\/strong> : Ce sont des supports o\u00f9 l\u2019on peut pointer ou toucher des mots, des images ou des phrases pour se faire comprendre.<\/li>\n\n\n\n<li>\ud83d\udcf1 <strong>Applications et logiciels<\/strong> : Il existe des applications qui permettent \u00e0 l\u2019utilisateur de s\u00e9lectionner des images ou des mots sur un \u00e9cran. Ensuite, l&rsquo;application transforme ces choix en paroles.<\/li>\n\n\n\n<li>\ud83c\udfa4 <strong>Dispositifs \u00e9lectroniques<\/strong> : Certains appareils, comme des tablettes ou des appareils sp\u00e9cialis\u00e9s, peuvent transformer des choix faits par l\u2019utilisateur en voix.<\/li>\n\n\n\n<li>\ud83d\udc4b <strong>Gestes et langage des signes<\/strong> : Pour certaines personnes, les gestes ou le langage des signes peuvent \u00eatre une mani\u00e8re efficace de communiquer.<\/li>\n<\/ul>\n\n\n\n<p>Voici quelques outils:<\/p>\n\n\n\n<ul class=\"wp-block-list\">\n<li><a href=\"https:\/\/api-lux.be\/index.php\/2025\/02\/14\/pecs-picture-exchange-communication-system\/\" data-type=\"link\" data-id=\"https:\/\/api-lux.be\/index.php\/2025\/02\/14\/pecs-picture-exchange-communication-system\/\" target=\"_blank\" rel=\"noreferrer noopener\">PECS : Picture exchange Communication System<\/a><\/li>\n\n\n\n<li><a href=\"https:\/\/api-lux.be\/index.php\/2025\/02\/14\/grid\/\" data-type=\"link\" data-id=\"https:\/\/api-lux.be\/index.php\/2025\/02\/14\/grid\/\" target=\"_blank\" rel=\"noreferrer noopener\">GRID (Logiciel de CAA)<\/a><\/li>\n\n\n\n<li><a href=\"https:\/\/api-lux.be\/index.php\/2025\/02\/14\/td-snap\/\" data-type=\"link\" data-id=\"https:\/\/api-lux.be\/index.php\/2025\/02\/14\/td-snap\/\" target=\"_blank\" rel=\"noreferrer noopener\">Logiciel : TD- SNAP<\/a><\/li>\n\n\n\n<li><a href=\"https:\/\/api-lux.be\/index.php\/2025\/02\/14\/pictogrammes\/\" data-type=\"link\" data-id=\"https:\/\/api-lux.be\/index.php\/2025\/02\/14\/pictogrammes\/\" target=\"_blank\" rel=\"noreferrer noopener\">Pictogrammes<\/a><\/li>\n<\/ul>\n\n\n\n<div class=\"wp-block-columns is-layout-flex wp-container-core-columns-is-layout-9d6595d7 wp-block-columns-is-layout-flex\">\n<div class=\"wp-block-column is-layout-flow wp-block-column-is-layout-flow\">\n<h2 class=\"wp-block-heading\">Objectif(s) d&rsquo;utilisation<\/h2>\n\n\n\n<p>\ud83d\udde3\ufe0f <strong>Faciliter la communication<\/strong> : Aider les personnes \u00e0 se faire comprendre avec des outils adapt\u00e9s.<\/p>\n\n\n\n<p>\ud83c\udf1f <strong>Favoriser l&rsquo;autonomie<\/strong> : Permettre \u00e0 chacun d\u2019exprimer ses besoins et d\u00e9sirs de mani\u00e8re ind\u00e9pendante.<\/p>\n\n\n\n<p>\ud83e\udd1d <strong>Renforcer les interactions sociales<\/strong> : Encourager les \u00e9changes avec les autres, malgr\u00e9 les difficult\u00e9s de langage.<\/p>\n\n\n\n<p>\ud83e\udde9 <strong>S&rsquo;adapter aux capacit\u00e9s de chacun<\/strong> : Offrir des solutions vari\u00e9es, selon les besoins et les comp\u00e9tences de l\u2019utilisateur.<\/p>\n<\/div>\n\n\n\n<div class=\"wp-block-column is-layout-flow wp-block-column-is-layout-flow\">\n<h2 class=\"wp-block-heading\">Liens utiles<\/h2>\n\n\n\n<p>\ud83c\udfa5 <strong>VID\u00c9O YOUTUBE (6min52): \u00ab\u00a0Qu&rsquo;est ce que la CAA?\u00a0\u00bb<\/strong> &#8211; <a href=\"https:\/\/www.youtube.com\/watch?v=fSbiess7xGI\" target=\"_blank\" rel=\"noreferrer noopener\">https:\/\/www.youtube.com\/watch?v=fSbiess7xGI<\/a><\/p>\n\n\n\n<p><strong>ARTICLE &#8211; Ressources du site <em>\u00c9cole Inclusive<\/em>: \u00ab\u00a0Outils num\u00e9riques facilitant la communication\u00a0\u00bb<\/strong> qui met \u00e0 disposition plusieurs outils de CAA &#8211; <a href=\"https:\/\/ressources-ecole-inclusive.org\/outils-numeriques\/outils-numeriques-facilitant-la-communication\/\" target=\"_blank\" rel=\"noreferrer noopener\">https:\/\/ressources-ecole-inclusive.org\/outils-numeriques\/outils-numeriques-facilitant-la-communication\/<\/a><br><\/p>\n<\/div>\n<\/div>\n\n\n\n<p>Des outils \u00e0 nous partager ?&nbsp;<a href=\"https:\/\/api-lux.be\/index.php\/contact\/\">Cliquez ici<\/a><\/p>\n","protected":false},"excerpt":{"rendered":"<p>\ud83d\udde3\ufe0f COMMUNICATION &#8211; Ensemble de m\u00e9thodes et d\u2019outils qui permettent aux personnes ayant des difficult\u00e9s \u00e0 communiquer de mieux s\u2019exprimer. Elle utilise des images, des gestes ou des technologies pour [&hellip;]<\/p>\n","protected":false},"author":10,"featured_media":0,"comment_status":"closed","ping_status":"closed","sticky":false,"template":"","format":"standard","meta":{"iawp_total_views":7,"footnotes":""},"categories":[24,10,28,4,22,27,14,18,9,8,13,23,15,46,48,47,19,17,20,26,21],"tags":[],"class_list":["post-815","post","type-post","status-publish","format-standard","hentry","category-adaptation-des-apprentissages","category-amenagement-environnement","category-autonomie-et-responsabilisation","category-besoins","category-besoins-cognitifs","category-besoins-daccomplissement","category-besoins-dappartenance","category-besoins-destime","category-besoins-de-securite","category-bien-etre","category-coherence","category-communication","category-famille-et-milieu-de-vie","category-fiches-outils","category-fiches-outils-pour-les-aidants-proches","category-fiches-outils-pour-les-professionnels","category-gestion-des-emotions","category-inclusion-sociale-et-reseau-sociaux","category-individualisation","category-outils-pedagogiques-pour-les-pro","category-valorisation-confiance"],"_links":{"self":[{"href":"https:\/\/api-lux.be\/index.php\/wp-json\/wp\/v2\/posts\/815","targetHints":{"allow":["GET"]}}],"collection":[{"href":"https:\/\/api-lux.be\/index.php\/wp-json\/wp\/v2\/posts"}],"about":[{"href":"https:\/\/api-lux.be\/index.php\/wp-json\/wp\/v2\/types\/post"}],"author":[{"embeddable":true,"href":"https:\/\/api-lux.be\/index.php\/wp-json\/wp\/v2\/users\/10"}],"replies":[{"embeddable":true,"href":"https:\/\/api-lux.be\/index.php\/wp-json\/wp\/v2\/comments?post=815"}],"version-history":[{"count":5,"href":"https:\/\/api-lux.be\/index.php\/wp-json\/wp\/v2\/posts\/815\/revisions"}],"predecessor-version":[{"id":7733,"href":"https:\/\/api-lux.be\/index.php\/wp-json\/wp\/v2\/posts\/815\/revisions\/7733"}],"wp:attachment":[{"href":"https:\/\/api-lux.be\/index.php\/wp-json\/wp\/v2\/media?parent=815"}],"wp:term":[{"taxonomy":"category","embeddable":true,"href":"https:\/\/api-lux.be\/index.php\/wp-json\/wp\/v2\/categories?post=815"},{"taxonomy":"post_tag","embeddable":true,"href":"https:\/\/api-lux.be\/index.php\/wp-json\/wp\/v2\/tags?post=815"}],"curies":[{"name":"wp","href":"https:\/\/api.w.org\/{rel}","templated":true}]}}