{"id":8124,"date":"2025-08-14T13:17:11","date_gmt":"2025-08-14T11:17:11","guid":{"rendered":"https:\/\/api-lux.be\/?p=8124"},"modified":"2025-08-20T13:19:36","modified_gmt":"2025-08-20T11:19:36","slug":"centres-dinsertion-socioprofessionnelle-cisp-province-de-luxembourg","status":"publish","type":"post","link":"https:\/\/api-lux.be\/index.php\/2025\/08\/14\/centres-dinsertion-socioprofessionnelle-cisp-province-de-luxembourg\/","title":{"rendered":"Centres d\u2019Insertion SocioProfessionnelle (CISP) \u2013 Province de Luxembourg"},"content":{"rendered":"\n<div class=\"wp-block-columns is-layout-flex wp-container-core-columns-is-layout-9d6595d7 wp-block-columns-is-layout-flex\">\n<div class=\"wp-block-column is-layout-flow wp-block-column-is-layout-flow\">\n<figure class=\"wp-block-image size-full\"><img loading=\"lazy\" decoding=\"async\" width=\"640\" height=\"480\" src=\"https:\/\/api-lux.be\/wp-content\/uploads\/2025\/08\/insertion-professionnelle_45ea5e6190.jpg\" alt=\"\" class=\"wp-image-8125\" srcset=\"https:\/\/api-lux.be\/wp-content\/uploads\/2025\/08\/insertion-professionnelle_45ea5e6190.jpg 640w, https:\/\/api-lux.be\/wp-content\/uploads\/2025\/08\/insertion-professionnelle_45ea5e6190-300x225.jpg 300w\" sizes=\"auto, (max-width: 640px) 100vw, 640px\" \/><\/figure>\n<\/div>\n\n\n\n<div class=\"wp-block-column is-layout-flow wp-block-column-is-layout-flow\">\n<p>\ud83c\udf0d <strong>Inclusion, travail &amp; handicap <\/strong>&#8211; Les CISP offrent un accompagnement personnalis\u00e9 et des formations professionnelles pour les adultes peu scolaris\u00e9s ou demandeurs d\u2019emploi. Ces structures locales sont un vrai tremplin vers l\u2019autonomie et l\u2019insertion socio-professionnelle<\/p>\n\n\n\n<!--more-->\n\n\n\n<h2 class=\"wp-block-heading\">Age cible (pour qui)<\/h2>\n\n\n\n<p>Adultes peu qualifi\u00e9s ou demandeurs d\u2019emploi<\/p>\n<\/div>\n<\/div>\n\n\n\n<h2 class=\"wp-block-heading\">Descriptif de l&rsquo;outil<\/h2>\n\n\n\n<h3 class=\"wp-block-heading\">\ud83e\udded <strong>Qu\u2019est-ce qu\u2019un CISP ?<\/strong><\/h3>\n\n\n\n<p>\ud83d\udcda Les <strong>CISP<\/strong> sont des centres agr\u00e9\u00e9s par le Service Public de Wallonie.<br>\ud83d\udc65 Ils accueillent des adultes peu qualifi\u00e9s ou demandeurs d\u2019emploi pour des <strong>formations pratiques et adapt\u00e9es<\/strong>.<br>\ud83c\udfaf L\u2019objectif : aider chaque participant \u00e0 <strong>d\u00e9finir un projet professionnel concret<\/strong> et \u00e0 acqu\u00e9rir les comp\u00e9tences n\u00e9cessaires pour le r\u00e9aliser.<\/p>\n\n\n\n<h3 class=\"wp-block-heading\">\ud83d\udee0\ufe0f <strong>Services propos\u00e9s<\/strong><\/h3>\n\n\n\n<ul class=\"wp-block-list\">\n<li>\u270f\ufe0f <strong>Formations de base<\/strong> : alphab\u00e9tisation, fran\u00e7ais langue \u00e9trang\u00e8re, remise \u00e0 niveau<\/li>\n\n\n\n<li>\ud83d\udcbc <strong>Formations professionnelles<\/strong> : pr\u00e9paration \u00e0 un m\u00e9tier sp\u00e9cifique<\/li>\n\n\n\n<li>\ud83e\udde9 <strong>Accompagnement personnalis\u00e9<\/strong> : suivi p\u00e9dagogique et social adapt\u00e9<\/li>\n\n\n\n<li>\ud83d\udd04 <strong>Orientation professionnelle<\/strong> : aide \u00e0 la d\u00e9finition du projet professionnel et recherche d\u2019emploi<\/li>\n<\/ul>\n\n\n\n<h3 class=\"wp-block-heading\">\ud83d\uddfa\ufe0f <strong>Ressources CISP en province de Luxembourg<\/strong><\/h3>\n\n\n\n<p>1\ufe0f\u20e3  <strong>\ud83c\udfeb CEPPST \u2013 Centre d\u2019Education Permanente et de Promotion Sociale des Travailleurs<\/strong> \u2013 Arlon<br>\ud83d\udcde 063\/21.91.83 | \u2709 <a>info@ceppst.be<\/a> | \ud83c\udf10 <a class=\"\" href=\"http:\/\/ceppst.be\">ceppst.be<\/a><\/p>\n\n\n\n<p>2\ufe0f\u20e3  <strong>\ud83c\udfe2 Form\u2019action (CPAS de Neufch\u00e2teau)<\/strong> \u2013 Neufch\u00e2teau<br>\ud83d\udcde 061\/27.50.87 | \ud83c\udf10 <a>neufchateau.be<\/a><\/p>\n\n\n\n<p>3\ufe0f\u20e3  <strong>\ud83c\udf31 Futur simple<\/strong> \u2013 Sainte-Ode<br>\ud83d\udcde 061\/68.93.30 | \u2709 <a>lefutursimple@beauplateau.be<\/a><\/p>\n\n\n\n<p>4\ufe0f\u20e3  <strong>\ud83c\udff0 Halle de Han<\/strong> \u2013 Tintigny<br>\ud83d\udcde 063\/44.00.60 | \u2709 <a>info@halledehan.be<\/a> | \ud83c\udf10 <a class=\"\" href=\"http:\/\/www.halledehan.be\">halledehan.be<\/a><\/p>\n\n\n\n<p>5\ufe0f\u20e3  <strong>\ud83d\udd27 Habilux<\/strong> \u2013 Bastogne \/ Arlon<br>\ud83d\udcde 061\/21.85.52 | \u2709 <a>eft.habilux@belgacom.net<\/a> | \ud83c\udf10 <a class=\"\" href=\"http:\/\/www.habilux.be\/\">habilux.be<\/a><\/p>\n\n\n\n<p>6\ufe0f\u20e3  <strong>\ud83e\udd8a La Renardi\u00e8re<\/strong> \u2013 Bertrix<br>\ud83d\udcde 061\/41.33.51 | \u2709 <a>info@larenardiere.be<\/a> | \ud83c\udf10 <a class=\"\" href=\"http:\/\/www.larenardiere.be\">larenardiere.be<\/a><\/p>\n\n\n\n<p>7\ufe0f\u20e3  <strong>\ud83d\udca7 La Source<\/strong> \u2013 Bouillon<br>\ud83d\udcde 061\/46.86.88 | \u2709 <a>lasource@lasource.be<\/a> | \ud83c\udf10 <a class=\"\" href=\"http:\/\/www.lasource.be\">lasource.be<\/a><\/p>\n\n\n\n<p>8\ufe0f\u20e3  <strong>\ud83c\udfa8 La Toupie<\/strong> \u2013 Arlon<br>\ud83d\udcde 063\/22.05.38 | \u2709 <a>la.toupie@skynet.be<\/a> | \ud83c\udf10 <a class=\"\" href=\"http:\/\/www.latoupie-aspi.info\">latoupie-aspi.info<\/a><\/p>\n\n\n\n<p>9\ufe0f\u20e3  <strong>\ud83c\udf3f La Tr\u00eave<\/strong> \u2013 Bastogne<br>\ud83d\udcde 061\/21.53.56 | \u2709 <a>latreveoisp@skynet.be<\/a> | \ud83c\udf10 <a class=\"\" href=\"http:\/\/www.latreve.be\">latreve.be<\/a><\/p>\n\n\n\n<p>\ud83d\udd1f <strong>\u270f\ufe0f Le Trusquin<\/strong> \u2013 Marche-en-Famenne<br>\ud83d\udcde 084\/32.36.07 | \u2709 <a>contact@trusquin.be<\/a> | \ud83c\udf10 <a class=\"\" href=\"http:\/\/www.trusquin.be\">trusquin.be<\/a><\/p>\n\n\n\n<p>1\ufe0f\u20e31\ufe0f\u20e3  <strong>\ud83d\udcd6 Lire et \u00c9crire Luxembourg<\/strong> \u2013 Libramont<br>\ud83d\udcde 061\/41.44.92 | \u2709 <a>luxembourg@lire-et-ecrire.be<\/a> | \ud83c\udf10 <a>lire-et-ecrire.be\/luxembourg<\/a><\/p>\n\n\n\n<p>1\ufe0f\u20e32\ufe0f\u20e3  <strong>\ud83e\ude9e Miroir vagabond<\/strong> \u2013 Bourbon<br>\ud83d\udcde 084\/31.19.46 | \u2709 <a>bureau@miroirvagabond.be<\/a> | \ud83c\udf10 <a class=\"\" href=\"http:\/\/www.miroirvagabond.be\/\">miroirvagabond.be<\/a><\/p>\n\n\n\n<p>1\ufe0f\u20e33\ufe0f\u20e3  <strong>\u2699\ufe0f Mode d\u2019emploi Luxembourg<\/strong> \u2013 Arlon<br>\ud83d\udcde 063\/23.23.87 | \u2709 <a>modedemploi-Luxembourg@viefeminine.be<\/a> | \ud83c\udf10 <a>modedemploiasbl.be<\/a><\/p>\n\n\n\n<div class=\"wp-block-columns is-layout-flex wp-container-core-columns-is-layout-9d6595d7 wp-block-columns-is-layout-flex\">\n<div class=\"wp-block-column is-layout-flow wp-block-column-is-layout-flow\">\n<h2 class=\"wp-block-heading\">Objectif(s) d&rsquo;utilisation<\/h2>\n\n\n\n<p>\ud83e\udd1d <strong>Favoriser l\u2019insertion socio-professionnelle<\/strong> des adultes peu qualifi\u00e9s<\/p>\n\n\n\n<p>\ud83d\udcda <strong>Proposer des formations pratiques et adapt\u00e9es<\/strong> aux besoins du march\u00e9 de l\u2019emploi<\/p>\n\n\n\n<p>\ud83e\udde9 <strong>Accompagner individuellement chaque participant<\/strong> dans l\u2019\u00e9laboration de son projet professionnel<\/p>\n\n\n\n<p>\ud83c\udf0d <strong>Renforcer la participation sociale et l\u2019autonomie<\/strong><\/p>\n\n\n\n<p>\ud83d\udca1 <strong>Valoriser les comp\u00e9tences et les potentialit\u00e9s de chacun<\/strong><\/p>\n<\/div>\n\n\n\n<div class=\"wp-block-column is-layout-flow wp-block-column-is-layout-flow\">\n<h2 class=\"wp-block-heading\">Liens utiles<\/h2>\n\n\n\n<h3 class=\"wp-block-heading\">\ud83c\udf10 <strong>Pr\u00e9sentation des CISP<\/strong><\/h3>\n\n\n\n<ul class=\"wp-block-list\">\n<li>\ud83d\udcc4 <strong>Portail Wallonie.be<\/strong> : Pr\u00e9sentation officielle des <a href=\"https:\/\/emploi.wallonie.be\/home\/formation\/cisp.html\"><strong>Centres d\u2019Insertion Socioprofessionnelle (CISP)<\/strong> <\/a>et de leurs missions \u2013 [Lien consult\u00e9 le 14 ao\u00fbt 2025]<br><\/li>\n\n\n\n<li>\ud83d\uddfa\ufe0f <a href=\"https:\/\/www.interfede.be\/wp-content\/uploads\/2020\/10\/www_carte_CISP_Luxembourg_2020.pdf\"><strong>Carte et fili\u00e8res de formation<\/strong> en province du Luxembourg <\/a>: r\u00e9capitulatif <br>\u2139\ufe0f PDF publi\u00e9 par <strong>l\u2019Interf\u00e9d\u00e9 <\/strong>(Interface r\u00e9gionale des CISP en Wallonie). <br>Usage informatif uniquement, <strong>sans utilisation commerciale<\/strong>. \u2013 [Lien consult\u00e9 le 14 ao\u00fbt 2025]<\/li>\n\n\n\n<li><a href=\"https:\/\/www.interfede.be\/visuels-parcours-insertion\/\"><strong>DES VISUELS POUR MIEUX COMPRENDRE LES PARCOURS D\u2019INSERTION<\/strong><\/a> &#8211; consult\u00e9 en ao\u00fbt 2025 sur le site de<a href=\"https:\/\/www.interfede.be\"> l&rsquo;interfed\u00e9-CISP<\/a>.<\/li>\n<\/ul>\n\n\n\n<h3 class=\"wp-block-heading\">\ud83d\udd17 <strong>Autres ressources consultables sur la plateforme Api-Lux \ud83d\udc1d<\/strong><\/h3>\n\n\n\n<p>\ud83d\udcd8 <a href=\"https:\/\/api-lux.be\/index.php\/2025\/08\/19\/trouver-sa-voie-les-structures-daccompagnement-a-la-formation-a-lemploi-et-a-linsertion-en-province-du-luxembourg\/\"><strong>Trouver sa voie<\/strong> <\/a>: les structures d\u2019accompagnement \u00e0 la formation, \u00e0 l\u2019emploi et \u00e0 l\u2019insertion en province du Luxembourg &#8211; petit guide<\/p>\n\n\n\n<ul class=\"wp-block-list\">\n<li>\ud83d\udc65 <a href=\"https:\/\/api-lux.be\/index.php\/2025\/08\/14\/services-dinsertion-sociale-sis-en-province-du-luxembourg\/\"><strong>Services d\u2019Insertion Sociale (SIS)<\/strong> <\/a>en province du Luxembourg<\/li>\n\n\n\n<li>\ud83d\udcbc <a href=\"https:\/\/api-lux.be\/index.php\/2025\/04\/10\/linclusion-a-lemploi-en-province-du-luxembourg\/\"><strong>Entreprise de travail adapt\u00e9 en province du Luxembourg<\/strong><\/a> (ETA) en province du Luxembourg<\/li>\n\n\n\n<li>\ud83c\udfe2 <a href=\"https:\/\/api-lux.be\/index.php\/2025\/08\/18\/les-entreprises-de-formation-par-le-travail-eft-en-province-du-luxembourg\/\"><strong>Entreprise de Formation par le travail<\/strong><\/a> en province du Luxembourg (EFT)<\/li>\n\n\n\n<li>\ud83d\udd04<a href=\"https:\/\/api-lux.be\/index.php\/2025\/02\/14\/transition-insertion\/\"> <strong>Transition \u2013 Insertion professionnelle<\/strong><\/a><\/li>\n<\/ul>\n<\/div>\n<\/div>\n\n\n\n<div class=\"wp-block-columns is-layout-flex wp-container-core-columns-is-layout-9d6595d7 wp-block-columns-is-layout-flex\">\n<div class=\"wp-block-column is-layout-flow wp-block-column-is-layout-flow\"><\/div>\n\n\n\n<div class=\"wp-block-column is-layout-flow wp-block-column-is-layout-flow\"><\/div>\n<\/div>\n\n\n\n<p>Des outils \u00e0 nous partager ? <a href=\"https:\/\/api-lux.be\/index.php\/contact\/\">Cliquez ici<\/a><\/p>\n","protected":false},"excerpt":{"rendered":"<p>\ud83c\udf0d Inclusion, travail &amp; handicap &#8211; Les CISP offrent un accompagnement personnalis\u00e9 et des formations professionnelles pour les adultes peu scolaris\u00e9s ou demandeurs d\u2019emploi. Ces structures locales sont un vrai [&hellip;]<\/p>\n","protected":false},"author":2,"featured_media":0,"comment_status":"closed","ping_status":"closed","sticky":false,"template":"","format":"standard","meta":{"iawp_total_views":44,"footnotes":""},"categories":[28,4,27,14,18,46,48,49,47,17,20],"tags":[],"class_list":["post-8124","post","type-post","status-publish","format-standard","hentry","category-autonomie-et-responsabilisation","category-besoins","category-besoins-daccomplissement","category-besoins-dappartenance","category-besoins-destime","category-fiches-outils","category-fiches-outils-pour-les-aidants-proches","category-fiches-outils-pour-les-jeunes","category-fiches-outils-pour-les-professionnels","category-inclusion-sociale-et-reseau-sociaux","category-individualisation"],"_links":{"self":[{"href":"https:\/\/api-lux.be\/index.php\/wp-json\/wp\/v2\/posts\/8124","targetHints":{"allow":["GET"]}}],"collection":[{"href":"https:\/\/api-lux.be\/index.php\/wp-json\/wp\/v2\/posts"}],"about":[{"href":"https:\/\/api-lux.be\/index.php\/wp-json\/wp\/v2\/types\/post"}],"author":[{"embeddable":true,"href":"https:\/\/api-lux.be\/index.php\/wp-json\/wp\/v2\/users\/2"}],"replies":[{"embeddable":true,"href":"https:\/\/api-lux.be\/index.php\/wp-json\/wp\/v2\/comments?post=8124"}],"version-history":[{"count":3,"href":"https:\/\/api-lux.be\/index.php\/wp-json\/wp\/v2\/posts\/8124\/revisions"}],"predecessor-version":[{"id":8174,"href":"https:\/\/api-lux.be\/index.php\/wp-json\/wp\/v2\/posts\/8124\/revisions\/8174"}],"wp:attachment":[{"href":"https:\/\/api-lux.be\/index.php\/wp-json\/wp\/v2\/media?parent=8124"}],"wp:term":[{"taxonomy":"category","embeddable":true,"href":"https:\/\/api-lux.be\/index.php\/wp-json\/wp\/v2\/categories?post=8124"},{"taxonomy":"post_tag","embeddable":true,"href":"https:\/\/api-lux.be\/index.php\/wp-json\/wp\/v2\/tags?post=8124"}],"curies":[{"name":"wp","href":"https:\/\/api.w.org\/{rel}","templated":true}]}}