{"id":8120,"date":"2025-08-14T12:31:28","date_gmt":"2025-08-14T10:31:28","guid":{"rendered":"https:\/\/api-lux.be\/?p=8120"},"modified":"2025-08-19T09:29:57","modified_gmt":"2025-08-19T07:29:57","slug":"services-dinsertion-sociale-sis-en-province-du-luxembourg","status":"publish","type":"post","link":"https:\/\/api-lux.be\/index.php\/2025\/08\/14\/services-dinsertion-sociale-sis-en-province-du-luxembourg\/","title":{"rendered":"Services d&rsquo;Insertion Sociale (SIS) en province du Luxembourg"},"content":{"rendered":"\n<div class=\"wp-block-columns is-layout-flex wp-container-core-columns-is-layout-9d6595d7 wp-block-columns-is-layout-flex\">\n<div class=\"wp-block-column is-layout-flow wp-block-column-is-layout-flow\">\n<figure class=\"wp-block-image size-full\"><img loading=\"lazy\" decoding=\"async\" width=\"363\" height=\"363\" src=\"https:\/\/api-lux.be\/wp-content\/uploads\/2025\/08\/image.png\" alt=\"\" class=\"wp-image-8121\" srcset=\"https:\/\/api-lux.be\/wp-content\/uploads\/2025\/08\/image.png 363w, https:\/\/api-lux.be\/wp-content\/uploads\/2025\/08\/image-300x300.png 300w, https:\/\/api-lux.be\/wp-content\/uploads\/2025\/08\/image-150x150.png 150w\" sizes=\"auto, (max-width: 363px) 100vw, 363px\" \/><\/figure>\n<\/div>\n\n\n\n<div class=\"wp-block-column is-layout-flow wp-block-column-is-layout-flow\">\n<p>\ud83c\udf0d I<strong>nclusion, travail &amp; handicap<\/strong> &#8211; Les Services d\u2019Insertion Sociale (SIS) sont des structures d\u00e9di\u00e9es \u00e0 l\u2019accompagnement des adultes en situation de pr\u00e9carit\u00e9 ou d\u2019exclusion sociale. Ils proposent un soutien individuel et collectif, des outils pratiques pour exercer ses droits et des projets favorisant l\u2019autonomie et la participation sociale.<\/p>\n\n\n\n<!--more-->\n\n\n\n<h2 class=\"wp-block-heading\">Age cible (pour qui)<\/h2>\n\n\n\n<p>Adultes, usagers des SIS, en situation de pr\u00e9carit\u00e9 ou d\u2019exclusion sociale.<\/p>\n<\/div>\n<\/div>\n\n\n\n<h2 class=\"wp-block-heading\">Descriptif de l&rsquo;outil<\/h2>\n\n\n\n<p>\ud83d\udccc Les <strong>SIS<\/strong> sont des associations priv\u00e9es ou institutions publiques qui mettent en \u0153uvre des <strong>actions collectives et communautaires<\/strong> :<\/p>\n\n\n\n<ul class=\"wp-block-list\">\n<li>\ud83e\udde9 Travail de groupe mobilisant ressources collectives et individuelles.<\/li>\n\n\n\n<li>\u26a1 Mise en \u0153uvre de moyens pour faire face aux probl\u00e8mes li\u00e9s \u00e0 la pr\u00e9carit\u00e9.<\/li>\n\n\n\n<li>\ud83d\udcd1 \u00c9laboration d\u2019outils pour exercer les droits constitutionnels (article 23).<\/li>\n\n\n\n<li>\ud83e\udd1d Aide \u00e0 des projets collectifs initi\u00e9s par des personnes en situation de handicap.<\/li>\n\n\n\n<li>\ud83d\udc65 Accompagnement social individuel compl\u00e9mentaire au travail collectif.<\/li>\n\n\n\n<li>\ud83c\udf0d Cr\u00e9ation de liens sociaux diversifi\u00e9s, notamment interg\u00e9n\u00e9rationnels et interculturels.<\/li>\n<\/ul>\n\n\n\n<p>\ud83d\udccc <strong>SIS agr\u00e9\u00e9s en province de Luxembourg :<\/strong><br><em>Pour garantir des informations \u00e0 jour (contacts, services\u2026), nous avons choisi de vous rediriger, lorsque possible, vers les sites officiels des structures. Lorsqu\u2019aucun site officiel n\u2019existe, nous avons s\u00e9lectionn\u00e9 la page d\u2019information la plus pertinente et r\u00e9guli\u00e8rement mise \u00e0 jour. Les liens ont \u00e9t\u00e9 consult\u00e9s en ao\u00fbt 2025.<\/em><\/p>\n\n\n\n<ol class=\"wp-block-list\">\n<li><a href=\"https:\/\/lasource.be\/?page_id=46\">La Source<\/a> (Bouillon)<\/li>\n\n\n\n<li><a href=\"https:\/\/www.houffalize.be\/ma-commune\/social\/archipel\">L\u2019Archipel<\/a> (Houffalize)<\/li>\n\n\n\n<li><a href=\"https:\/\/miroirvagabond.be\/ateliers\/ateliers-creatifs-hangart\/\">Le Miroir Vagabond<\/a> (Hotton)<\/li>\n\n\n\n<li><a href=\"https:\/\/defits.be\">DEFITS <\/a>(Tellin)<\/li>\n\n\n\n<li><a href=\"https:\/\/integra-plus.blogspot.com\/p\/accueillir-et-informer-2.html\">Int\u00e9gra+<\/a> (Barvaux)<\/li>\n\n\n\n<li><a href=\"https:\/\/www.arlon.be\/ma-commune\/social\/cpas\/laction-sociale\/services\/insertion-sociale\">Service d\u2019Insertion Sociale du CPAS d\u2019Arlon<\/a><\/li>\n\n\n\n<li><a href=\"https:\/\/www.marche.be\/social\/centre-public-daction-sociale-cpas\/insertion-socioprofessionnelle\/insertion-sociale-336\/\">Service d\u2019Insertion Sociale de Marche<\/a><\/li>\n\n\n\n<li><a href=\"https:\/\/www.virton.be\/cpas\/les-services\/insertion-sociale\">Service d\u2019Insertion Sociale du CPAS de Virton<\/a><\/li>\n<\/ol>\n\n\n\n<p>\ud83d\udca1 <strong>Type d\u2019organisme<\/strong> : Divers (priv\u00e9 ou public)<br>\ud83d\udca1 <strong>Service gratuit<\/strong><\/p>\n\n\n\n<p>\ud83d\udccc <strong>L\u2019aide peut inclure <\/strong>:<\/p>\n\n\n\n<ul class=\"wp-block-list\">\n<li>\ud83e\uddfe \u00c9valuation des comp\u00e9tences et bilans socioprofessionnels.<\/li>\n\n\n\n<li>\ud83d\udee0\ufe0f \u00c9laboration de projet professionnel et d\u00e9finition de m\u00e9tiers adapt\u00e9s.<\/li>\n\n\n\n<li>\ud83c\udf93 Orientation vers pr\u00e9formations ou formations qualifiantes.<\/li>\n\n\n\n<li>\ud83d\udcbc Recherche active d\u2019emploi : r\u00e9daction de CV, lettres de motivation, r\u00e9ponses aux offres.<\/li>\n\n\n\n<li>\ud83c\udfa4 Pr\u00e9paration aux contacts employeurs : simulations d\u2019entretiens t\u00e9l\u00e9phoniques et d\u2019embauche, stages.<\/li>\n\n\n\n<li>\ud83c\udfe2 Prospection d\u2019entreprises et mise au travail.<\/li>\n\n\n\n<li>\ud83d\udcb0 Information sur les mesures d\u2019aide \u00e0 l\u2019emploi.<\/li>\n\n\n\n<li>\ud83d\udd17 Relais vers partenaires socioprofessionnels : ONEM, FOREM, agences int\u00e9rimaires, centres de formation.<\/li>\n<\/ul>\n\n\n\n<div class=\"wp-block-columns is-layout-flex wp-container-core-columns-is-layout-9d6595d7 wp-block-columns-is-layout-flex\">\n<div class=\"wp-block-column is-layout-flow wp-block-column-is-layout-flow\">\n<h2 class=\"wp-block-heading\">Objectif(s) d&rsquo;utilisation<\/h2>\n\n\n\n<p>\ud83c\udf10 <strong>Rompre l\u2019isolement social<\/strong> : permettre aux usagers de cr\u00e9er des liens vari\u00e9s et enrichissants.<\/p>\n\n\n\n<p>\ud83e\udd1d <strong>Participer \u00e0 la vie sociale, \u00e9conomique, politique et culturelle<\/strong> : offrir des occasions concr\u00e8tes d\u2019engagement et de citoyennet\u00e9.<\/p>\n\n\n\n<p>\ud83c\udfc5 <strong>Promouvoir la reconnaissance sociale<\/strong> : valoriser les comp\u00e9tences et initiatives des usagers.<\/p>\n\n\n\n<p>\ud83c\udf31 <strong>Am\u00e9liorer le bien-\u00eatre et la qualit\u00e9 de vie<\/strong> : par le soutien social, collectif et individuel.<\/p>\n\n\n\n<p>\ud83d\udddd\ufe0f <strong>Favoriser l\u2019autonomie<\/strong> : accompagner chaque usager dans un projet personnel et professionnel adapt\u00e9.<\/p>\n<\/div>\n\n\n\n<div class=\"wp-block-column is-layout-flow wp-block-column-is-layout-flow\">\n<h2 class=\"wp-block-heading\">Liens utiles<\/h2>\n\n\n\n<p>\ud83d\udcc4 <strong>SITE OFFICIEL SIS \u2013 Portail d&rsquo;orientation Province de Luxembourg<\/strong> : <a class=\"\" href=\"https:\/\/www.po-lux.be\/service\/2247\/#\">PO-Lux \u2013 SIS<\/a><\/p>\n\n\n\n<p>\ud83d\udc1d <strong>Autres fiches consultables sur API-Lux :<\/strong><\/p>\n\n\n\n<ul class=\"wp-block-list\">\n<li>\ud83d\udcd8 <a href=\"https:\/\/api-lux.be\/index.php\/2025\/08\/19\/trouver-sa-voie-les-structures-daccompagnement-a-la-formation-a-lemploi-et-a-linsertion-en-province-du-luxembourg\/\"><strong>Trouver sa voie<\/strong> <\/a>: les structures d\u2019accompagnement \u00e0 la formation, \u00e0 l\u2019emploi et \u00e0 l\u2019insertion en province du Luxembourg &#8211; petit guide<\/li>\n<\/ul>\n\n\n\n<ul class=\"wp-block-list\">\n<li>\ud83c\udfe2 <strong><a href=\"https:\/\/api-lux.be\/index.php\/2025\/04\/10\/linclusion-a-lemploi-en-province-du-luxembourg\/\">Entreprise de Travail Adapt\u00e9<\/a> <\/strong>en province du Luxembourg (ETA)<\/li>\n\n\n\n<li>\ud83d\udee0\ufe0f <a href=\"https:\/\/api-lux.be\/index.php\/2025\/08\/18\/les-entreprises-de-formation-par-le-travail-eft-en-province-du-luxembourg\/\"><strong>Entreprise de Formation par le travail<\/strong> <\/a>en province du Luxembourg (EFT) <\/li>\n\n\n\n<li>\ud83c\udf93 <strong><a href=\"https:\/\/api-lux.be\/index.php\/2025\/08\/14\/centres-dinsertion-socioprofessionnelle-cisp-province-de-luxembourg\/\">Centre d\u2019Insertion Socioprofessionnelle <\/a><\/strong>en province du Luxembourg (CISP)<\/li>\n\n\n\n<li>\ud83d\udd04<a href=\"https:\/\/api-lux.be\/index.php\/2025\/02\/14\/transition-insertion\/\"> <strong>Transition \u2013 Insertion professionnelle<\/strong><\/a><\/li>\n<\/ul>\n<\/div>\n<\/div>\n\n\n\n<div class=\"wp-block-columns is-layout-flex wp-container-core-columns-is-layout-9d6595d7 wp-block-columns-is-layout-flex\">\n<div class=\"wp-block-column is-layout-flow wp-block-column-is-layout-flow\"><\/div>\n\n\n\n<div class=\"wp-block-column is-layout-flow wp-block-column-is-layout-flow\"><\/div>\n<\/div>\n\n\n\n<p>Des outils \u00e0 nous partager ? <a href=\"https:\/\/api-lux.be\/index.php\/contact\/\">Cliquez ici<\/a><\/p>\n","protected":false},"excerpt":{"rendered":"<p>\ud83c\udf0d Inclusion, travail &amp; handicap &#8211; Les Services d\u2019Insertion Sociale (SIS) sont des structures d\u00e9di\u00e9es \u00e0 l\u2019accompagnement des adultes en situation de pr\u00e9carit\u00e9 ou d\u2019exclusion sociale. Ils proposent un soutien [&hellip;]<\/p>\n","protected":false},"author":2,"featured_media":0,"comment_status":"closed","ping_status":"closed","sticky":false,"template":"","format":"standard","meta":{"iawp_total_views":22,"footnotes":""},"categories":[28,4,27,14,18,46,48,49,47,17,20],"tags":[],"class_list":["post-8120","post","type-post","status-publish","format-standard","hentry","category-autonomie-et-responsabilisation","category-besoins","category-besoins-daccomplissement","category-besoins-dappartenance","category-besoins-destime","category-fiches-outils","category-fiches-outils-pour-les-aidants-proches","category-fiches-outils-pour-les-jeunes","category-fiches-outils-pour-les-professionnels","category-inclusion-sociale-et-reseau-sociaux","category-individualisation"],"_links":{"self":[{"href":"https:\/\/api-lux.be\/index.php\/wp-json\/wp\/v2\/posts\/8120","targetHints":{"allow":["GET"]}}],"collection":[{"href":"https:\/\/api-lux.be\/index.php\/wp-json\/wp\/v2\/posts"}],"about":[{"href":"https:\/\/api-lux.be\/index.php\/wp-json\/wp\/v2\/types\/post"}],"author":[{"embeddable":true,"href":"https:\/\/api-lux.be\/index.php\/wp-json\/wp\/v2\/users\/2"}],"replies":[{"embeddable":true,"href":"https:\/\/api-lux.be\/index.php\/wp-json\/wp\/v2\/comments?post=8120"}],"version-history":[{"count":3,"href":"https:\/\/api-lux.be\/index.php\/wp-json\/wp\/v2\/posts\/8120\/revisions"}],"predecessor-version":[{"id":8166,"href":"https:\/\/api-lux.be\/index.php\/wp-json\/wp\/v2\/posts\/8120\/revisions\/8166"}],"wp:attachment":[{"href":"https:\/\/api-lux.be\/index.php\/wp-json\/wp\/v2\/media?parent=8120"}],"wp:term":[{"taxonomy":"category","embeddable":true,"href":"https:\/\/api-lux.be\/index.php\/wp-json\/wp\/v2\/categories?post=8120"},{"taxonomy":"post_tag","embeddable":true,"href":"https:\/\/api-lux.be\/index.php\/wp-json\/wp\/v2\/tags?post=8120"}],"curies":[{"name":"wp","href":"https:\/\/api.w.org\/{rel}","templated":true}]}}