{"id":812,"date":"2025-02-14T11:36:55","date_gmt":"2025-02-14T10:36:55","guid":{"rendered":"http:\/\/localhost\/mdi_w\/?p=812"},"modified":"2025-05-27T16:44:33","modified_gmt":"2025-05-27T14:44:33","slug":"permettre-lexperimentation-en-contexte-reel","status":"publish","type":"post","link":"https:\/\/api-lux.be\/index.php\/2025\/02\/14\/permettre-lexperimentation-en-contexte-reel\/","title":{"rendered":"Permettre l&rsquo;exp\u00e9rimentation en contexte r\u00e9el"},"content":{"rendered":"\n<div class=\"wp-block-columns is-layout-flex wp-container-core-columns-is-layout-9d6595d7 wp-block-columns-is-layout-flex\">\n<div class=\"wp-block-column is-layout-flow wp-block-column-is-layout-flow\">\n<figure class=\"wp-block-image size-full\"><img loading=\"lazy\" decoding=\"async\" width=\"600\" height=\"400\" src=\"https:\/\/api-lux.be\/wp-content\/uploads\/2025\/02\/permettre_l_experimentation_en_contexte_reel.jpg\" alt=\"\" class=\"wp-image-455\" srcset=\"https:\/\/api-lux.be\/wp-content\/uploads\/2025\/02\/permettre_l_experimentation_en_contexte_reel.jpg 600w, https:\/\/api-lux.be\/wp-content\/uploads\/2025\/02\/permettre_l_experimentation_en_contexte_reel-300x200.jpg 300w\" sizes=\"auto, (max-width: 600px) 100vw, 600px\" \/><\/figure>\n<\/div>\n\n\n\n<div class=\"wp-block-column is-layout-flow wp-block-column-is-layout-flow\">\n<p>\ud83c\udfaf <strong>Strat\u00e9gie d\u2019apprentissage<\/strong> &#8211; Favoriser l&rsquo;engagement par des mises en situation dans le monde professionnel.<\/p>\n\n\n\n<!--more-->\n\n\n\n<h2 class=\"wp-block-heading\">\u00c2ge cible<\/h2>\n\n\n\n<p>De 13 \u00e0 21 ans.<\/p>\n<\/div>\n<\/div>\n\n\n\n<h2 class=\"wp-block-heading\">Descriptif de l&rsquo;outil<\/h2>\n\n\n\n<p>Cet outil repose sur l&rsquo;immersion des jeunes (accompagn\u00e9 ou non) dans des <strong>environnements professionnels<\/strong> \ud83c\udfe2 pour leur permettre d&rsquo;acqu\u00e9rir une <strong>exp\u00e9rience concr\u00e8te<\/strong> et <strong>significative<\/strong>. Il peut prendre plusieurs formes :<\/p>\n\n\n\n<p>\ud83d\udd0d <strong>Stages d&rsquo;observation ou de participation active<\/strong>: Les jeunes int\u00e8grent temporairement une entreprise, une association ou une structure professionnelle pour <strong>observer<\/strong> \ud83d\udc40 et\/ou <strong>r\u00e9aliser<\/strong> certaines t\u00e2ches sous supervision.<\/p>\n\n\n\n<p>\ud83d\udee0\ufe0f <strong>Ateliers pratiques<\/strong>: Organisation de sessions encadr\u00e9es dans des structures partenaires o\u00f9 les jeunes peuvent exp\u00e9rimenter des <strong>activit\u00e9s professionnelles concr\u00e8tes<\/strong> (exemple : travailler en \u00e9quipe \ud83e\udd1d sur un projet r\u00e9el, produire un objet \ud83d\udee0\ufe0f, r\u00e9pondre \u00e0 une commande \ud83d\udce6, etc.).<\/p>\n\n\n\n<p>\ud83e\udd1d <strong>Missions collectives<\/strong>: Participation \u00e0 des <strong>chantiers solidaires<\/strong> \ud83d\udea7, \u00e0 des projets \u00e0 vocation professionnelle dans des <strong>\u00e9tablissements publics<\/strong> \ud83c\udfeb ou des <strong>entreprises locales<\/strong> \ud83c\udfe2.<\/p>\n\n\n\n<p>Voici des exemples concrets d\u2019utilisation :<\/p>\n\n\n\n<p>\ud83c\udf33 <strong>R\u00e9novation d&rsquo;un parc<\/strong><br>Un groupe de jeunes de 15 ans participe \u00e0 un projet de <strong>r\u00e9novation d&rsquo;un parc<\/strong> en partenariat avec une mairie et des <strong>jardiniers professionnels<\/strong>.<\/p>\n\n\n\n<p>\ud83c\udfa8 <strong>Atelier artisanal<\/strong><br>Des jeunes en <strong>difficult\u00e9 scolaire<\/strong> int\u00e8grent un <strong>atelier artisanal<\/strong> pour concevoir et vendre des objets faits main, tout en d\u00e9veloppant des comp\u00e9tences pratiques.<\/p>\n\n\n\n<p>\ud83c\udf73 <strong>Stage chez un cuisinier<\/strong><br>Organisation d\u2019un <strong>stage d\u2019une semaine<\/strong> chez un <strong>cuisinier<\/strong> pour apprendre les bases du m\u00e9tier et explorer le monde de la <strong>restauration<\/strong>.<\/p>\n\n\n\n<p>\ud83c\udfaf <strong>Points d&rsquo;attention<\/strong> :<\/p>\n\n\n\n<ul class=\"wp-block-list\">\n<li>\ud83d\udd10 <strong>Cadre s\u00e9curis\u00e9 et accompagn\u00e9<\/strong>: Assurer un tuteur ou r\u00e9f\u00e9rent disponible pour encadrer les jeunes.<\/li>\n\n\n\n<li>\ud83e\uddd1\u200d\ud83c\udf93 <strong>Adapter aux capacit\u00e9s et int\u00e9r\u00eats<\/strong>: Tenir compte des capacit\u00e9s et int\u00e9r\u00eats des jeunes pour maximiser leur engagement.<\/li>\n\n\n\n<li>\ud83c\udfaf <strong>Objectifs clairs<\/strong>: D\u00e9finir des objectifs pr\u00e9cis pour encourager une participation active.<\/li>\n<\/ul>\n\n\n\n<div class=\"wp-block-columns is-layout-flex wp-container-core-columns-is-layout-9d6595d7 wp-block-columns-is-layout-flex\">\n<div class=\"wp-block-column is-layout-flow wp-block-column-is-layout-flow\">\n<h2 class=\"wp-block-heading\">Objectif(s) d&rsquo;utilisation<\/h2>\n\n\n\n<p>\ud83c\udfaf <strong>Autonomie<\/strong>: Permettre aux jeunes d&rsquo;exp\u00e9rimenter des situations professionnelles dans un cadre r\u00e9el tout en \u00e9tant accompagn\u00e9s.<\/p>\n\n\n\n<p>\ud83d\udd11 <strong>Responsabilisation<\/strong>: D\u00e9velopper leur sens des responsabilit\u00e9s et leur engagement dans des t\u00e2ches concr\u00e8tes.<\/p>\n\n\n\n<p>\ud83e\udd1d <strong>Sociabilisation<\/strong>: Favoriser l&rsquo;interaction avec des adultes et des pairs dans un contexte de travail.<\/p>\n\n\n\n<p>\ud83d\udc96 <strong>D\u00e9veloppement \u00e9motionnel<\/strong>: Renforcer la confiance en soi et la motivation \u00e0 travers des exp\u00e9riences valorisantes.<\/p>\n\n\n\n<p>\ud83d\udcda <strong>Apprentissage<\/strong>: Acqu\u00e9rir des comp\u00e9tences techniques et comportementales (gestion du temps, travail en \u00e9quipe, autonomie, etc.).<\/p>\n\n\n\n<p>\ud83c\udf1f <strong>Valorisation<\/strong>: Mettre en avant les r\u00e9alisations et les progr\u00e8s des jeunes, en leur permettant de percevoir leurs comp\u00e9tences.<\/p>\n\n\n\n<p>\ud83e\uddd8\u200d\u2642\ufe0f <strong>Auto-r\u00e9gulation<\/strong>: Apprendre \u00e0 g\u00e9rer ses \u00e9motions et comportements face \u00e0 des situations nouvelles.<\/p>\n<\/div>\n\n\n\n<div class=\"wp-block-column is-layout-flow wp-block-column-is-layout-flow\">\n<h2 class=\"wp-block-heading\">Variantes &#8211; am\u00e9nagement<\/h2>\n\n\n\n<p>\ud83d\udd0d <strong>Activit\u00e9s de d\u00e9couverte des m\u00e9tiers<\/strong>: Participation \u00e0 des \u00e9v\u00e9nements comme des forums de l&#8217;emploi ou des rencontres avec des professionnels pour explorer diff\u00e9rents m\u00e9tiers.<\/p>\n\n\n\n<p>\ud83c\udfa4 <strong>Simulations d\u2019entretiens professionnels<\/strong>: Pr\u00e9parer les jeunes aux entretiens d&#8217;embauche en les mettant en situation r\u00e9elle pour renforcer leur confiance et comp\u00e9tences.<\/p>\n\n\n\n<p>\ud83d\udcbc <strong>Projets de mini-entreprises<\/strong>: G\u00e9rer un projet entrepreneurial en conditions r\u00e9elles : production, gestion des commandes, communication, etc.<\/p>\n\n\n\n<p>\ud83d\udcbb <strong>Mise en situation virtuelle<\/strong>: Utiliser des plateformes de formation ou des simulateurs de m\u00e9tiers pour vivre des exp\u00e9riences professionnelles immersives.<\/p>\n\n\n\n<p>\u267f <strong>Am\u00e9nagements pour les jeunes en situation de handicap<\/strong>: Proposer des t\u00e2ches adapt\u00e9es et un accompagnement personnalis\u00e9 pour permettre \u00e0 tous de participer activement.<\/p>\n<\/div>\n<\/div>\n\n\n\n<p>Des outils \u00e0 nous partager ?&nbsp;<a href=\"https:\/\/api-lux.be\/index.php\/contact\/\">Cliquez ici<\/a><\/p>\n","protected":false},"excerpt":{"rendered":"<p>\ud83c\udfaf Strat\u00e9gie d\u2019apprentissage &#8211; Favoriser l&rsquo;engagement par des mises en situation dans le monde professionnel.<\/p>\n","protected":false},"author":10,"featured_media":0,"comment_status":"closed","ping_status":"closed","sticky":false,"template":"","format":"standard","meta":{"iawp_total_views":1,"footnotes":""},"categories":[24,28,4,22,27,18,46,47,21],"tags":[],"class_list":["post-812","post","type-post","status-publish","format-standard","hentry","category-adaptation-des-apprentissages","category-autonomie-et-responsabilisation","category-besoins","category-besoins-cognitifs","category-besoins-daccomplissement","category-besoins-destime","category-fiches-outils","category-fiches-outils-pour-les-professionnels","category-valorisation-confiance"],"_links":{"self":[{"href":"https:\/\/api-lux.be\/index.php\/wp-json\/wp\/v2\/posts\/812","targetHints":{"allow":["GET"]}}],"collection":[{"href":"https:\/\/api-lux.be\/index.php\/wp-json\/wp\/v2\/posts"}],"about":[{"href":"https:\/\/api-lux.be\/index.php\/wp-json\/wp\/v2\/types\/post"}],"author":[{"embeddable":true,"href":"https:\/\/api-lux.be\/index.php\/wp-json\/wp\/v2\/users\/10"}],"replies":[{"embeddable":true,"href":"https:\/\/api-lux.be\/index.php\/wp-json\/wp\/v2\/comments?post=812"}],"version-history":[{"count":6,"href":"https:\/\/api-lux.be\/index.php\/wp-json\/wp\/v2\/posts\/812\/revisions"}],"predecessor-version":[{"id":6648,"href":"https:\/\/api-lux.be\/index.php\/wp-json\/wp\/v2\/posts\/812\/revisions\/6648"}],"wp:attachment":[{"href":"https:\/\/api-lux.be\/index.php\/wp-json\/wp\/v2\/media?parent=812"}],"wp:term":[{"taxonomy":"category","embeddable":true,"href":"https:\/\/api-lux.be\/index.php\/wp-json\/wp\/v2\/categories?post=812"},{"taxonomy":"post_tag","embeddable":true,"href":"https:\/\/api-lux.be\/index.php\/wp-json\/wp\/v2\/tags?post=812"}],"curies":[{"name":"wp","href":"https:\/\/api.w.org\/{rel}","templated":true}]}}