{"id":8111,"date":"2025-08-14T11:46:31","date_gmt":"2025-08-14T09:46:31","guid":{"rendered":"https:\/\/api-lux.be\/?p=8111"},"modified":"2025-08-14T11:46:31","modified_gmt":"2025-08-14T09:46:31","slug":"anorevie-asbl","status":"publish","type":"post","link":"https:\/\/api-lux.be\/index.php\/2025\/08\/14\/anorevie-asbl\/","title":{"rendered":"Anor\u00e9Vie &#8211; asbl"},"content":{"rendered":"\n<div class=\"wp-block-columns is-layout-flex wp-container-core-columns-is-layout-9d6595d7 wp-block-columns-is-layout-flex\">\n<div class=\"wp-block-column is-layout-flow wp-block-column-is-layout-flow\">\n<figure class=\"wp-block-image size-full is-resized\"><img loading=\"lazy\" decoding=\"async\" width=\"240\" height=\"64\" src=\"https:\/\/api-lux.be\/wp-content\/uploads\/2025\/08\/anorevie-logo.png\" alt=\"\" class=\"wp-image-8112\" style=\"width:360px;height:auto\"\/><\/figure>\n<\/div>\n\n\n\n<div class=\"wp-block-column is-layout-flow wp-block-column-is-layout-flow\">\n<p>\ud83e\ude7a <strong>SOIN \u2013 SANTE <\/strong>&#8211; Centre th\u00e9rapeutique, bas\u00e9 \u00e0 Libramont, d\u00e9di\u00e9 \u00e0 l\u2019accueil, accompagnement et au soutien des personnes concern\u00e9es par l\u2019anorexie, la boulimie ou autres troubles alimentaires, ainsi qu\u2019\u00e0 leurs proches.<\/p>\n\n\n\n<!--more-->\n\n\n\n<h2 class=\"wp-block-heading\">Age cible (pour qui)<\/h2>\n\n\n\n<p>Tout \u00e2ge, avec adaptation des approches pour adolescents, jeunes adultes et adultes.<\/p>\n<\/div>\n<\/div>\n\n\n\n<h2 class=\"wp-block-heading\">Descriptif de l&rsquo;outil<\/h2>\n\n\n\n<p>\ud83c\udf1f <strong>Anor\u00e9Vie<\/strong> est une ressource territoriale cl\u00e9 pour l\u2019accompagnement, l\u2019orientation et la pr\u00e9vention des troubles alimentaires. <br>Cette <strong>ASBL<\/strong>, n\u00e9e de l\u2019initiative de <strong>Fran\u00e7oise Lievens<\/strong>, assistante sociale et accompagnante th\u00e9rapeutique, s\u2019appuie sur une <strong>\u00e9quipe pluridisciplinaire et h\u00e9t\u00e9rog\u00e8ne<\/strong> pour offrir un accompagnement global personnalis\u00e9 et pluridisciplinaire.<br>\ud83d\udccd <strong>Localisation<\/strong> : Route de Dinant 28, 6800 Libramont, Belgique.<\/p>\n\n\n\n<p>\ud83d\udc65 <strong>Une \u00e9quipe h\u00e9t\u00e9rog\u00e8ne<\/strong> : professionnels issus de l\u2019accompagnement social, de la psychologie, de la nutrition, de la psychomotricit\u00e9 et de l\u2019animation socio-\u00e9ducative, permettant une approche compl\u00e9mentaire et adapt\u00e9e \u00e0 chaque profil.<\/p>\n\n\n\n<p>\ud83d\udccc <strong>Services propos\u00e9s<\/strong> :<\/p>\n\n\n\n<ul class=\"wp-block-list\">\n<li>\ud83d\udc42 <strong>Entretiens individuels d\u2019accueil et d\u2019orientation<\/strong> : rep\u00e9rer les besoins, rassurer et guider vers les ressources adapt\u00e9es.<\/li>\n\n\n\n<li>\ud83d\udde3 <strong>Groupes de parole<\/strong> : rencontres r\u00e9guli\u00e8res pour partager exp\u00e9riences, \u00e9motions et strat\u00e9gies dans un cadre s\u00e9curis\u00e9 et bienveillant.<\/li>\n\n\n\n<li>\ud83d\udd04 <strong>Prises en charge pluridisciplinaires<\/strong> : int\u00e9grant les dimensions m\u00e9dicale, nutritionnelle, psychologique et corporelle.<\/li>\n\n\n\n<li>\ud83c\udf93 <strong>Missions de sensibilisation<\/strong> : interventions dans les \u00e9coles, clubs sportifs et associations pour informer, pr\u00e9venir et favoriser un rep\u00e9rage pr\u00e9coce des troubles alimentaires.<\/li>\n\n\n\n<li>\ud83e\udde0 <strong>Ateliers de connaissance de soi<\/strong> : pour travailler la confiance, l\u2019estime personnelle et les comp\u00e9tences relationnelles.<\/li>\n<\/ul>\n\n\n\n<div class=\"wp-block-columns is-layout-flex wp-container-core-columns-is-layout-9d6595d7 wp-block-columns-is-layout-flex\">\n<div class=\"wp-block-column is-layout-flow wp-block-column-is-layout-flow\">\n<h2 class=\"wp-block-heading\">Objectif(s) d&rsquo;utilisation<\/h2>\n\n\n\n<p>\ud83d\udc42 <strong>Accueillir et \u00e9couter<\/strong> dans un climat de confiance.<\/p>\n\n\n\n<p>\ud83e\udded <strong>Orienter<\/strong> vers les ressources internes et externes les plus pertinentes.<\/p>\n\n\n\n<p>\ud83e\uddd1\u200d\ud83e\udd1d\u200d\ud83e\uddd1 <strong>Soutenir familles et proches<\/strong> gr\u00e2ce \u00e0 des groupes de parole r\u00e9guliers.<\/p>\n\n\n\n<p>\ud83c\udf93 <strong>Sensibiliser<\/strong> les jeunes et les encadrants en milieu scolaire et associatif.<\/p>\n\n\n\n<p>\ud83e\udde0 <strong>Renforcer l\u2019estime de soi<\/strong> et les ressources personnelles.<\/p>\n<\/div>\n\n\n\n<div class=\"wp-block-column is-layout-flow wp-block-column-is-layout-flow\">\n<h2 class=\"wp-block-heading\">Liens utiles<\/h2>\n\n\n\n<p>\ud83c\udf10 <strong>SITE OFFICIEL<\/strong> : <a class=\"\" href=\"https:\/\/anorevie.be\">Anor\u00e9Vie<\/a> \u2013 consult\u00e9 le 14 ao\u00fbt 2024<\/p>\n\n\n\n<p>\ud83d\udcda <strong>Autres ressources dont la fiche est consultable sur notre plateforme API-Lux \ud83d\udc1d<\/strong> :<\/p>\n\n\n\n<ul class=\"wp-block-list\">\n<li>\ud83d\udc65 <strong><a href=\"https:\/\/api-lux.be\/index.php\/2025\/08\/13\/trajet-de-soins-trouble-du-comportement-alimentaire-tca-equipe-emas-reseau-matilda-province-de-luxembourg\/\">\u00c9quipe EMAS et trajet de soins<\/a><\/strong> (R\u00e9seau Mathilda)<\/li>\n\n\n\n<li>\ud83e\udde0 <strong><a href=\"https:\/\/api-lux.be\/index.php\/2025\/08\/14\/cepia-centre-dexpertise-sur-le-poids-limage-et-lalimentation\/\">CEPIA<\/a><\/strong> \u2013 Centre d\u2019expertise sur le poids, l\u2019image et l\u2019alimentation<\/li>\n<\/ul>\n\n\n\n<p><br><\/p>\n<\/div>\n<\/div>\n\n\n\n<div class=\"wp-block-columns is-layout-flex wp-container-core-columns-is-layout-9d6595d7 wp-block-columns-is-layout-flex\">\n<div class=\"wp-block-column is-layout-flow wp-block-column-is-layout-flow\">\n<h2 class=\"wp-block-heading\">Livre<\/h2>\n\n\n\n<div class=\"wp-block-columns is-layout-flex wp-container-core-columns-is-layout-9d6595d7 wp-block-columns-is-layout-flex\">\n<div class=\"wp-block-column is-layout-flow wp-block-column-is-layout-flow\" style=\"flex-basis:66.66%\">\n<p>Cet ouvrage de <strong><em>Fran\u00e7oise Lievens<\/em><\/strong> (<strong>\u00c9diteur<\/strong> : Demdel &#8211; <strong>Prix<\/strong> : 18 \u20ac), fondatrice de l\u2019ASBL Anor\u00e9Vie, propose un regard intime et sensible sur les troubles alimentaires tels que l\u2019anorexie et la boulimie. \u00c0 travers des r\u00e9cits poignants et des r\u00e9flexions personnelles, l\u2019auteure explore la souffrance corporelle, mentale et \u00e9motionnelle li\u00e9e \u00e0 ces pathologies souvent mal comprises. Le livre offre \u00e9galement des cl\u00e9s de compr\u00e9hension pour les soignants et les proches, afin de mieux accompagner les personnes concern\u00e9es<\/p>\n\n\n\n<p><strong>Directement aupr\u00e8s de l\u2019auteure<\/strong> : Vous pouvez commander le livre en contactant Fran\u00e7oise Lievens via les coordonn\u00e9es suivantes :<\/p>\n\n\n\n<ul class=\"wp-block-list\">\n<li>\ud83d\udce7 Email : <a href=\"mailto:fr.lievens@skynet.be\">fr.lievens@skynet.be<\/a><\/li>\n\n\n\n<li>\ud83d\udccd Adresse : Route de Dinant 28, 6800 Libramont, Belgique<\/li>\n\n\n\n<li>\ud83d\udcde T\u00e9l\u00e9phone : 061\/22.34.63 ou 0497\/53.88.52<\/li>\n<\/ul>\n\n\n\n<p><strong>En biblioth\u00e8que<\/strong> : Le livre est disponible, entre autre, \u00e0 la Biblioth\u00e8que Communale de Libramont-Chevigny, o\u00f9 des \u00e9v\u00e9nements de pr\u00e9sentation et de d\u00e9dicaces ont \u00e9t\u00e9 organis\u00e9s.<\/p>\n<\/div>\n\n\n\n<div class=\"wp-block-column is-layout-flow wp-block-column-is-layout-flow\" style=\"flex-basis:33.33%\">\n<figure class=\"wp-block-image size-full\"><img loading=\"lazy\" decoding=\"async\" width=\"357\" height=\"470\" src=\"https:\/\/api-lux.be\/wp-content\/uploads\/2025\/08\/livre-par-faim-d-enfance-francoise-lievens-1.jpg\" alt=\"\" class=\"wp-image-8114\" srcset=\"https:\/\/api-lux.be\/wp-content\/uploads\/2025\/08\/livre-par-faim-d-enfance-francoise-lievens-1.jpg 357w, https:\/\/api-lux.be\/wp-content\/uploads\/2025\/08\/livre-par-faim-d-enfance-francoise-lievens-1-228x300.jpg 228w\" sizes=\"auto, (max-width: 357px) 100vw, 357px\" \/><\/figure>\n<\/div>\n<\/div>\n\n\n\n<div class=\"wp-block-columns is-layout-flex wp-container-core-columns-is-layout-9d6595d7 wp-block-columns-is-layout-flex\">\n<div class=\"wp-block-column is-layout-flow wp-block-column-is-layout-flow\" style=\"flex-basis:33.33%\"><\/div>\n\n\n\n<div class=\"wp-block-column is-layout-flow wp-block-column-is-layout-flow\" style=\"flex-basis:66.66%\"><\/div>\n<\/div>\n<\/div>\n<\/div>\n\n\n\n<p>Des outils \u00e0 nous partager ? <a href=\"https:\/\/api-lux.be\/index.php\/contact\/\">Cliquez ici<\/a><\/p>\n","protected":false},"excerpt":{"rendered":"<p>\ud83e\ude7a SOIN \u2013 SANTE &#8211; Centre th\u00e9rapeutique, bas\u00e9 \u00e0 Libramont, d\u00e9di\u00e9 \u00e0 l\u2019accueil, accompagnement et au soutien des personnes concern\u00e9es par l\u2019anorexie, la boulimie ou autres troubles alimentaires, ainsi qu\u2019\u00e0 [&hellip;]<\/p>\n","protected":false},"author":2,"featured_media":0,"comment_status":"closed","ping_status":"closed","sticky":false,"template":"","format":"standard","meta":{"iawp_total_views":6,"footnotes":""},"categories":[4,5,46,48,47,6,7],"tags":[],"class_list":["post-8111","post","type-post","status-publish","format-standard","hentry","category-besoins","category-besoins-physiologiques","category-fiches-outils","category-fiches-outils-pour-les-aidants-proches","category-fiches-outils-pour-les-professionnels","category-sante-alimentation-sommeil-hygiene","category-soin-pistes-et-outils-professionnels"],"_links":{"self":[{"href":"https:\/\/api-lux.be\/index.php\/wp-json\/wp\/v2\/posts\/8111","targetHints":{"allow":["GET"]}}],"collection":[{"href":"https:\/\/api-lux.be\/index.php\/wp-json\/wp\/v2\/posts"}],"about":[{"href":"https:\/\/api-lux.be\/index.php\/wp-json\/wp\/v2\/types\/post"}],"author":[{"embeddable":true,"href":"https:\/\/api-lux.be\/index.php\/wp-json\/wp\/v2\/users\/2"}],"replies":[{"embeddable":true,"href":"https:\/\/api-lux.be\/index.php\/wp-json\/wp\/v2\/comments?post=8111"}],"version-history":[{"count":1,"href":"https:\/\/api-lux.be\/index.php\/wp-json\/wp\/v2\/posts\/8111\/revisions"}],"predecessor-version":[{"id":8115,"href":"https:\/\/api-lux.be\/index.php\/wp-json\/wp\/v2\/posts\/8111\/revisions\/8115"}],"wp:attachment":[{"href":"https:\/\/api-lux.be\/index.php\/wp-json\/wp\/v2\/media?parent=8111"}],"wp:term":[{"taxonomy":"category","embeddable":true,"href":"https:\/\/api-lux.be\/index.php\/wp-json\/wp\/v2\/categories?post=8111"},{"taxonomy":"post_tag","embeddable":true,"href":"https:\/\/api-lux.be\/index.php\/wp-json\/wp\/v2\/tags?post=8111"}],"curies":[{"name":"wp","href":"https:\/\/api.w.org\/{rel}","templated":true}]}}