{"id":8108,"date":"2025-08-14T11:10:35","date_gmt":"2025-08-14T09:10:35","guid":{"rendered":"https:\/\/api-lux.be\/?p=8108"},"modified":"2025-08-14T11:51:24","modified_gmt":"2025-08-14T09:51:24","slug":"cepia-centre-dexpertise-sur-le-poids-limage-et-lalimentation","status":"publish","type":"post","link":"https:\/\/api-lux.be\/index.php\/2025\/08\/14\/cepia-centre-dexpertise-sur-le-poids-limage-et-lalimentation\/","title":{"rendered":"CEPIA &#8211; Centre d&rsquo;expertise sur le poids, l&rsquo;image et l&rsquo;alimentation."},"content":{"rendered":"\n<div class=\"wp-block-columns is-layout-flex wp-container-core-columns-is-layout-9d6595d7 wp-block-columns-is-layout-flex\">\n<div class=\"wp-block-column is-layout-flow wp-block-column-is-layout-flow\">\n<figure class=\"wp-block-image size-full is-resized\"><img loading=\"lazy\" decoding=\"async\" width=\"300\" height=\"168\" src=\"https:\/\/api-lux.be\/wp-content\/uploads\/2025\/08\/download.png\" alt=\"\" class=\"wp-image-8109\" style=\"width:416px;height:auto\"\/><\/figure>\n<\/div>\n\n\n\n<div class=\"wp-block-column is-layout-flow wp-block-column-is-layout-flow\">\n<p>\ud83e\ude7a <strong>SOIN \u2013 SANTE<\/strong> &#8211; Centre de connaissances et de ressources interdisciplinaire pour les professionnels, engag\u00e9 dans la pr\u00e9vention, la prise en charge et le traitement des troubles li\u00e9s au poids et \u00e0 l\u2019image du corps en communaut\u00e9 francophone belge.<\/p>\n\n\n\n<!--more-->\n\n\n\n<h2 class=\"wp-block-heading\">Age cible (pour qui)<\/h2>\n\n\n\n<p>Destin\u00e9 aux professionnels de la sant\u00e9, de l\u2019\u00e9ducation et du secteur psychosocial,<br>intervenant aupr\u00e8s d\u2019adolescents, de jeunes adultes et de leurs familles.<br><\/p>\n<\/div>\n<\/div>\n\n\n\n<h2 class=\"wp-block-heading\">Descriptif de l&rsquo;outil<\/h2>\n\n\n\n<p>\ud83d\udca1 Centre de ressources interdisciplinaire pour les professionnels, engag\u00e9 dans la <strong>pr\u00e9vention<\/strong>, la <strong>prise en charge<\/strong> et le <strong>traitement<\/strong> des troubles li\u00e9s au poids et \u00e0 l\u2019image corporelle.<br>\ud83d\ude80 Le <strong>CEPIA<\/strong> est <strong>une ressource incontournable<\/strong> pour tout professionnel souhaitant agir efficacement face aux troubles alimentaires.  Particuli\u00e8rement adapt\u00e9 \u00e0 la pr\u00e9vention et \u00e0 la mise en place de parcours de soins structur\u00e9s<br>\ud83d\udcda Il combine <strong>formations gratuites<\/strong>, <strong>outils pr\u00eats \u00e0 l\u2019emploi<\/strong> et <strong>r\u00e9seau professionnel actif<\/strong>.<br>\ud83c\udf1f <strong>Accessible, fiable et engageant<\/strong>, il soutient concr\u00e8tement la pr\u00e9vention et la prise en charge coordonn\u00e9e.<br>\ud83d\udd0d Explorez-le d\u00e8s maintenant : <a class=\"\" href=\"https:\/\/www.cepia-poids-alimentation.be\/cepia.php\">cepia-poids-alimentation.be<\/a><\/p>\n\n\n\n<h4 class=\"wp-block-heading\"><strong>\ud83d\udd0d Fonctionnement et nature<\/strong><\/h4>\n\n\n\n<p>\ud83c\udfdb\ufe0f <strong>Centre de connaissances<\/strong> : formations, outils et recommandations adapt\u00e9es au terrain, valid\u00e9es scientifiquement.<br>\ud83d\udcbb <strong>Plateforme e-learning gratuite<\/strong> : modules en ligne pour comprendre, d\u00e9tecter et agir face aux troubles alimentaires (financement INAMI).<br>\ud83c\udf93 <strong>Formations sp\u00e9cialis\u00e9es<\/strong> :<\/p>\n\n\n\n<ul class=\"wp-block-list\">\n<li><strong>CBT-E (Th\u00e9rapie Cognitive Comportementale Am\u00e9lior\u00e9e)<\/strong> \ud83e\udde0 \u2192 aide \u00e0 modifier les pens\u00e9es et comportements li\u00e9s \u00e0 l\u2019alimentation et \u00e0 l\u2019image corporelle, adapt\u00e9e \u00e0 tous les TCA, avec \u00e9tapes pr\u00e9cises et travail sur la pr\u00e9vention des rechutes.<\/li>\n\n\n\n<li><strong>FBT (Th\u00e9rapie Bas\u00e9e sur la Famille)<\/strong> \ud83c\udfe0 \u2192 implique activement les parents dans le r\u00e9tablissement, particuli\u00e8rement pour les adolescents, avec un accompagnement progressif vers l\u2019autonomie alimentaire.<br>\ud83e\udd1d <strong>R\u00e9seau professionnel<\/strong> : espace d\u2019\u00e9changes entre m\u00e9decins, psychologues, di\u00e9t\u00e9ticiens, \u00e9ducateurs, enseignants\u2026<br>\ud83d\udee0\ufe0f <strong>Groupes de travail th\u00e9matiques<\/strong> : ob\u00e9sit\u00e9 infantile, activit\u00e9 physique, pr\u00e9vention scolaire, etc.<\/li>\n<\/ul>\n\n\n\n<h4 class=\"wp-block-heading\"><strong>\ud83e\uddf0 Outils disponibles sur le site<\/strong><\/h4>\n\n\n\n<p>\ud83d\udcc4 Fiches pratiques et <strong>questionnaires de d\u00e9pistage<\/strong> utilisables en consultation.<br>\ud83d\udcda Supports cibl\u00e9s : fiches pour enseignants, m\u00e9decins, familles ; outils pour l\u2019autisme ; guides par tranches d\u2019\u00e2ge (3-6, 6-12, 12-18 ans).<br>\ud83e\ude7a Mat\u00e9riel sp\u00e9cifique pour m\u00e9decins : organigrammes, fiches \u00ab communication non stigmatisante \u00bb, webinaires.<br>\ud83d\udcca Plans de traitement clairs et sch\u00e9mas de prise en charge par \u00e9tapes.<\/p>\n\n\n\n<div class=\"wp-block-columns is-layout-flex wp-container-core-columns-is-layout-9d6595d7 wp-block-columns-is-layout-flex\">\n<div class=\"wp-block-column is-layout-flow wp-block-column-is-layout-flow\">\n<h2 class=\"wp-block-heading\">Objectif(s) d&rsquo;utilisation<\/h2>\n\n\n\n<p>\ud83e\udde0 <strong>Renforcer<\/strong> la d\u00e9tection pr\u00e9coce des TCA par les professionnels.<br>\ud83c\udf93 <strong>Former<\/strong> \u00e0 des approches efficaces et valid\u00e9es (CBT-E, FBT).<br>\ud83d\udcd8 <strong>Fournir<\/strong> des outils concrets adapt\u00e9s \u00e0 divers contextes.<br>\ud83e\udd1d <strong>Encourager<\/strong> la coop\u00e9ration entre disciplines et la co-construction d\u2019actions.<br>\ud83d\udd04 <strong>Structurer<\/strong> un parcours coh\u00e9rent, de la pr\u00e9vention aux soins sp\u00e9cialis\u00e9s.<\/p>\n<\/div>\n\n\n\n<div class=\"wp-block-column is-layout-flow wp-block-column-is-layout-flow\">\n<h2 class=\"wp-block-heading\">Liens utiles<\/h2>\n\n\n\n<p>\ud83c\udf10 <strong>SITE OFFICIEL<\/strong> : <a class=\"\" href=\"https:\/\/www.cepia-poids-alimentation.be\/cepia.php\">CEPIA \u2013 Centre d\u2019expertise sur le poids, l\u2019image et l\u2019alimentation<\/a> \u2013 consult\u00e9 le 14 ao\u00fbt 2024<\/p>\n\n\n\n<p>\ud83d\udcda <strong>Autres ressources dont la fiche est consultable sur notre plateforme API-Lux \ud83d\udc1d<\/strong> :<\/p>\n\n\n\n<ul class=\"wp-block-list\">\n<li>\ud83d\udc65 <strong><a href=\"https:\/\/api-lux.be\/index.php\/2025\/08\/13\/trajet-de-soins-trouble-du-comportement-alimentaire-tca-equipe-emas-reseau-matilda-province-de-luxembourg\/\">\u00c9quipe EMAS et trajet de soins<\/a><\/strong> (R\u00e9seau Mathilda)<\/li>\n\n\n\n<li>\ud83c\udf10 <strong><a href=\"https:\/\/api-lux.be\/index.php\/2025\/08\/14\/anorevie-asbl\/\">Anor\u00e9Vie<\/a><\/strong> \u2013Centre th\u00e9rapeutique, bas\u00e9 \u00e0 Libramont<\/li>\n<\/ul>\n<\/div>\n<\/div>\n\n\n\n<div class=\"wp-block-columns is-layout-flex wp-container-core-columns-is-layout-9d6595d7 wp-block-columns-is-layout-flex\">\n<div class=\"wp-block-column is-layout-flow wp-block-column-is-layout-flow\">\n<h2 class=\"wp-block-heading\"><strong>Origine de l\u2019initiative CEPIA<\/strong><\/h2>\n\n\n\n<p><strong>\ud83e\udd1d Partenariats et financement :<\/strong> CEPIA est soutenu par la R\u00e9gion wallonne, la Fondation Roi Baudouin et l\u2019association MIATA (Maison d\u2019information et d\u2019accueil sur les troubles du comportement alimentaire), ce qui illustre son ancrage concret entre pouvoirs publics, chercheurs et associations de soutien familial. <\/p>\n\n\n\n<p><strong>\ud83d\udd0d Contexte politique :<\/strong> Le CEPIA s\u2019inscrit dans les politiques publiques en sant\u00e9 publique francophone, notamment la note de politique g\u00e9n\u00e9rale du 28 octobre 2022 et la D\u00e9claration de politique r\u00e9gionale 2019\u20132024 en Wallonie. <\/p>\n\n\n\n<p><strong>\ud83c\udfaf Objectif institutionnel :<\/strong> L\u2019initiative vise \u00e0 structurer une r\u00e9ponse coordonn\u00e9e aux d\u00e9fis du poids, de l\u2019image corporelle et des troubles alimentaires, en offrant aux professionnels des outils scientifiques, de la formation et des conseils op\u00e9rationnels.<\/p>\n<\/div>\n<\/div>\n\n\n\n<p>Des outils \u00e0 nous partager ? <a href=\"https:\/\/api-lux.be\/index.php\/contact\/\">Cliquez ici<\/a><\/p>\n","protected":false},"excerpt":{"rendered":"<p>\ud83e\ude7a SOIN \u2013 SANTE &#8211; Centre de connaissances et de ressources interdisciplinaire pour les professionnels, engag\u00e9 dans la pr\u00e9vention, la prise en charge et le traitement des troubles li\u00e9s au [&hellip;]<\/p>\n","protected":false},"author":2,"featured_media":0,"comment_status":"closed","ping_status":"closed","sticky":false,"template":"","format":"standard","meta":{"iawp_total_views":13,"footnotes":""},"categories":[4,5,46,47,6,7],"tags":[],"class_list":["post-8108","post","type-post","status-publish","format-standard","hentry","category-besoins","category-besoins-physiologiques","category-fiches-outils","category-fiches-outils-pour-les-professionnels","category-sante-alimentation-sommeil-hygiene","category-soin-pistes-et-outils-professionnels"],"_links":{"self":[{"href":"https:\/\/api-lux.be\/index.php\/wp-json\/wp\/v2\/posts\/8108","targetHints":{"allow":["GET"]}}],"collection":[{"href":"https:\/\/api-lux.be\/index.php\/wp-json\/wp\/v2\/posts"}],"about":[{"href":"https:\/\/api-lux.be\/index.php\/wp-json\/wp\/v2\/types\/post"}],"author":[{"embeddable":true,"href":"https:\/\/api-lux.be\/index.php\/wp-json\/wp\/v2\/users\/2"}],"replies":[{"embeddable":true,"href":"https:\/\/api-lux.be\/index.php\/wp-json\/wp\/v2\/comments?post=8108"}],"version-history":[{"count":2,"href":"https:\/\/api-lux.be\/index.php\/wp-json\/wp\/v2\/posts\/8108\/revisions"}],"predecessor-version":[{"id":8117,"href":"https:\/\/api-lux.be\/index.php\/wp-json\/wp\/v2\/posts\/8108\/revisions\/8117"}],"wp:attachment":[{"href":"https:\/\/api-lux.be\/index.php\/wp-json\/wp\/v2\/media?parent=8108"}],"wp:term":[{"taxonomy":"category","embeddable":true,"href":"https:\/\/api-lux.be\/index.php\/wp-json\/wp\/v2\/categories?post=8108"},{"taxonomy":"post_tag","embeddable":true,"href":"https:\/\/api-lux.be\/index.php\/wp-json\/wp\/v2\/tags?post=8108"}],"curies":[{"name":"wp","href":"https:\/\/api.w.org\/{rel}","templated":true}]}}