{"id":8102,"date":"2025-08-13T12:02:55","date_gmt":"2025-08-13T10:02:55","guid":{"rendered":"https:\/\/api-lux.be\/?p=8102"},"modified":"2025-08-14T11:54:37","modified_gmt":"2025-08-14T09:54:37","slug":"trajet-de-soins-trouble-du-comportement-alimentaire-tca-equipe-emas-reseau-matilda-province-de-luxembourg","status":"publish","type":"post","link":"https:\/\/api-lux.be\/index.php\/2025\/08\/13\/trajet-de-soins-trouble-du-comportement-alimentaire-tca-equipe-emas-reseau-matilda-province-de-luxembourg\/","title":{"rendered":"Trajet de soins Trouble du Comportement Alimentaire (TCA) &amp; \u00c9quipe EMAS (R\u00e9seau Matilda \u2013 Province de Luxembourg)"},"content":{"rendered":"\n<div class=\"wp-block-columns is-layout-flex wp-container-core-columns-is-layout-9d6595d7 wp-block-columns-is-layout-flex\">\n<div class=\"wp-block-column is-layout-flow wp-block-column-is-layout-flow\"><div class=\"wp-block-image\">\n<figure class=\"aligncenter size-full\"><img loading=\"lazy\" decoding=\"async\" width=\"500\" height=\"500\" src=\"https:\/\/api-lux.be\/wp-content\/uploads\/2025\/08\/Gommette-TCA-troubles-des-conduites-alimentaires-hyperphagie-boulimie-anorexie.jpg\" alt=\"\" class=\"wp-image-8103\" srcset=\"https:\/\/api-lux.be\/wp-content\/uploads\/2025\/08\/Gommette-TCA-troubles-des-conduites-alimentaires-hyperphagie-boulimie-anorexie.jpg 500w, https:\/\/api-lux.be\/wp-content\/uploads\/2025\/08\/Gommette-TCA-troubles-des-conduites-alimentaires-hyperphagie-boulimie-anorexie-300x300.jpg 300w, https:\/\/api-lux.be\/wp-content\/uploads\/2025\/08\/Gommette-TCA-troubles-des-conduites-alimentaires-hyperphagie-boulimie-anorexie-150x150.jpg 150w\" sizes=\"auto, (max-width: 500px) 100vw, 500px\" \/><\/figure>\n<\/div><\/div>\n\n\n\n<div class=\"wp-block-column is-layout-flow wp-block-column-is-layout-flow\">\n<p>\ud83e\ude7a SOIN \u2013 SANTE &#8211; Le trajet de soins TCA est un dispositif mis en place par le R\u00e9seau <a href=\"https:\/\/matilda-lux.be\">Matilda<\/a> en province de Luxembourg qui propose un parcours coordonn\u00e9 pour rep\u00e9rer t\u00f4t les troubles alimentaires chez les jeunes et leur offrir un soutien adapt\u00e9.<\/p>\n\n\n\n<!--more-->\n\n\n\n<h2 class=\"wp-block-heading\">Age cible (pour qui)<\/h2>\n\n\n\n<p>Jeunes de <strong>0 \u00e0 23 ans inclus<\/strong> pr\u00e9sentant un trouble du comportement alimentaire (anorexie nerveuse, boulimie nerveuse ou hyperphagie) et non hospitalis\u00e9s.<\/p>\n<\/div>\n<\/div>\n\n\n\n<h2 class=\"wp-block-heading\">Descriptif de l&rsquo;outil<\/h2>\n\n\n\n<p>\ud83d\udcdd Ce dispositif pluridisciplinaire et gratuit, actif depuis f\u00e9vrier 2024, permet la d\u00e9tection rapide et la prise en charge ambulatoire des troubles du comportement alimentaire chez les jeunes de 0 \u00e0 23 ans. <br>L\u2019\u00c9quipe Multidisciplinaire Ambulatoire de Soutien (EMAS) appuie les soignants de premi\u00e8re ligne pour assurer un suivi coordonn\u00e9 et efficace.<\/p>\n\n\n\n<p>\u2699\ufe0f <strong>Fonctionnement &amp; finalit\u00e9<\/strong><\/p>\n\n\n\n<ul class=\"wp-block-list\">\n<li>\ud83e\ude7a <strong>Activation<\/strong> : Le m\u00e9decin traitant diagnostique, constitue l\u2019\u00e9quipe pluridisciplinaire et active formellement le trajet de soins.<\/li>\n\n\n\n<li>\ud83e\udd1d <strong>Concertation multidisciplinaire<\/strong> : \u00c9laboration d\u2019un plan de traitement personnalis\u00e9 avec r\u00e9\u00e9valuation r\u00e9guli\u00e8re (pr\u00e9sentiel, en ligne ou hybride).<\/li>\n\n\n\n<li>\ud83d\udc69\u200d\u2695\ufe0f <strong>Prestataires mobilis\u00e9s<\/strong> : m\u00e9decin traitant, psychologue conventionn\u00e9 (20 s\u00e9ances\/an), di\u00e9t\u00e9ticien conventionn\u00e9 (15 s\u00e9ances\/an), et autres professionnels sp\u00e9cialis\u00e9s selon besoin.<\/li>\n<\/ul>\n\n\n\n<p>\ud83d\udcb0 <strong>Co\u00fbt et accessibilit\u00e9<\/strong><\/p>\n\n\n\n<ul class=\"wp-block-list\">\n<li>\ud83c\udd93 <strong>Gratuit pour le patient<\/strong> : aucun ticket mod\u00e9rateur pour les s\u00e9ances couvertes par des prestataires conventionn\u00e9s. (<a href=\"https:\/\/psylux.be\/?taxonomies%5bspeciality%5d%5b%5d=120\">Psychologues<\/a>, <a href=\"https:\/\/matilda-lux.be\/wp-content\/uploads\/2025\/04\/Liste-dieteticiens-conventionnes-TCA-province-du-Luxembourg-par-commune.pdf\">di\u00e9t\u00e9ticiens<\/a> ou consulter la liste sur la page du r\u00e9seau <a href=\"https:\/\/matilda-lux.be\/trajet-de-soins-tca-troubles-des-conduites-alimentaires\/\">Matilda<\/a> )<\/li>\n<\/ul>\n\n\n\n<p>\ud83d\udc65 <strong>R\u00f4le de l\u2019\u00c9quipe EMAS<\/strong><\/p>\n\n\n\n<ul class=\"wp-block-list\">\n<li>\ud83e\udded <strong>Soutien aux prestataires<\/strong> : conseils, appui dans les situations complexes, inventaire des ressources locales.<\/li>\n\n\n\n<li>\ud83d\udcda <strong>Renforcement des comp\u00e9tences<\/strong> : formations, \u00e9changes d\u2019expertise, accompagnement des \u00e9quipes.<\/li>\n\n\n\n<li>\ud83d\udcde <strong>Contacts directs<\/strong> : Pour toutes demandes d\u2019informations, l\u2019\u00e9quipe EMAS est joignable<\/li>\n\n\n\n<li>Par email&nbsp;:&nbsp;<a href=\"mailto:emas@matilda-lux.be\">emas@matilda-lux.be<\/a><\/li>\n\n\n\n<li>Par t\u00e9l\u00e9phone&nbsp;: +32 494 56 92 30 \u2013 du lundi au vendredi, de 9h \u00e0 12h et de 13h \u00e0 16h.<\/li>\n<\/ul>\n\n\n\n<p>\ud83d\udcc4 <strong>Outil de coordination<\/strong><\/p>\n\n\n\n<ul class=\"wp-block-list\">\n<li>\ud83d\uddc2\ufe0f <strong>Document de liaison<\/strong> t\u00e9l\u00e9chargeable pour activer et suivre le trajet de soins.<\/li>\n<\/ul>\n\n\n\n<div class=\"wp-block-columns is-layout-flex wp-container-core-columns-is-layout-9d6595d7 wp-block-columns-is-layout-flex\">\n<div class=\"wp-block-column is-layout-flow wp-block-column-is-layout-flow\">\n<h2 class=\"wp-block-heading\">Objectif(s) d&rsquo;utilisation<\/h2>\n\n\n\n<p>\ud83d\udd75 <strong>D\u00e9tecter pr\u00e9cocement<\/strong> les troubles alimentaires chez les jeunes.<\/p>\n\n\n\n<p>\ud83d\udccb <strong>Structurer<\/strong> un plan de soins multidisciplinaire et personnalis\u00e9.<\/p>\n\n\n\n<p>\ud83c\udf10 <strong>Coordonner efficacement<\/strong> les acteurs de la prise en charge.<\/p>\n\n\n\n<p>\ud83c\udd98 <strong>Soutenir les prestataires<\/strong> gr\u00e2ce \u00e0 l\u2019expertise de l\u2019EMAS.<\/p>\n\n\n\n<p>\ud83d\udca1 <strong>Renforcer les comp\u00e9tences<\/strong> des intervenants par formation et partage.<\/p>\n\n\n\n<p>\ud83c\udd93 <strong>Garantir l\u2019accessibilit\u00e9<\/strong> financi\u00e8re pour les familles.<\/p>\n<\/div>\n\n\n\n<div class=\"wp-block-column is-layout-flow wp-block-column-is-layout-flow\">\n<h2 class=\"wp-block-heading\">Liens utiles<\/h2>\n\n\n\n<p>\ud83d\udcc4 <strong>ARTICLE<\/strong> :<a href=\"https:\/\/www.inami.fgov.be\/fr\/themes\/soins-de-sante-cout-et-remboursement\/les-prestations-de-sante-que-vous-rembourse-votre-mutualite\/soins-de-sante-mentale\/prise-en-charge-des-troubles-du-comportement-alimentaire-pour-les-jeunes-jusqu-a-23-ans-inclus\"> <em>Prise en charge des troubles du comportement alimentaire pour les jeunes jusqu\u2019\u00e0 23 ans inclus \u2013 INAMI<\/em><\/a> \u2013 consult\u00e9 le 13 ao\u00fbt 2025.<\/p>\n\n\n\n<p>\ud83d\udcc4 <strong>ARTICLE<\/strong> : <a class=\"\" href=\"https:\/\/matilda-lux.be\/trajet-de-soins-tca-troubles-des-conduites-alimentaires\/\"><em>Trajet de soins TCA \u2013 R\u00e9seau Matilda<\/em><\/a> \u2013 consult\u00e9 le 13 ao\u00fbt 2025.<\/p>\n\n\n\n<p><strong>\ud83d\udccb <\/strong><a href=\"https:\/\/www.cepia-poids-alimentation.be\/pdf\/materiel\/3_Questionnaire_court_de_depistage_des_troubles_alimentaires_a_utiliser_dans_les_soins_primaires.pdf\"><strong>QUESTIONNAIRE<\/strong> COURT DE D\u00c9PISTAGE DES TROUBLES ALIMENTAIRES \u00c0<br>UTILISER DANS LES SOINS PRIMAIRES<\/a> &#8211; CEPIA (Centre d&rsquo;Expertise, Poids, images, Alimentation.) &#8211; consult\u00e9 le 13 ao\u00fbt 2025<\/p>\n\n\n\n<p>\ud83d\udcda <strong>Autres ressources dont la fiche est consultable sur notre plateforme API-Lux \ud83d\udc1d<\/strong> :<\/p>\n\n\n\n<ul class=\"wp-block-list\">\n<li>\ud83e\udde0 <strong><a href=\"https:\/\/api-lux.be\/index.php\/2025\/08\/14\/cepia-centre-dexpertise-sur-le-poids-limage-et-lalimentation\/\">CEPIA<\/a><\/strong> \u2013 Centre d\u2019expertise sur le poids, l\u2019image et l\u2019alimentation<\/li>\n\n\n\n<li>\ud83c\udf10 <a href=\"https:\/\/api-lux.be\/index.php\/2025\/08\/14\/anorevie-asbl\/\"><strong>Anor\u00e9Vie<\/strong> <\/a>\u2013 Centre th\u00e9rapeutique, bas\u00e9 \u00e0 Libramont<\/li>\n<\/ul>\n<\/div>\n<\/div>\n\n\n\n<div class=\"wp-block-columns is-layout-flex wp-container-core-columns-is-layout-9d6595d7 wp-block-columns-is-layout-flex\">\n<div class=\"wp-block-column is-layout-flow wp-block-column-is-layout-flow\">\n<figure class=\"wp-block-image size-large\"><img loading=\"lazy\" decoding=\"async\" width=\"1024\" height=\"576\" src=\"https:\/\/api-lux.be\/wp-content\/uploads\/2025\/08\/FINAL-pour-site-trajet-de-soins-TCA-29-08-2024-1-1024x576.png\" alt=\"\" class=\"wp-image-8104\" srcset=\"https:\/\/api-lux.be\/wp-content\/uploads\/2025\/08\/FINAL-pour-site-trajet-de-soins-TCA-29-08-2024-1-1024x576.png 1024w, https:\/\/api-lux.be\/wp-content\/uploads\/2025\/08\/FINAL-pour-site-trajet-de-soins-TCA-29-08-2024-1-300x169.png 300w, https:\/\/api-lux.be\/wp-content\/uploads\/2025\/08\/FINAL-pour-site-trajet-de-soins-TCA-29-08-2024-1-768x432.png 768w, https:\/\/api-lux.be\/wp-content\/uploads\/2025\/08\/FINAL-pour-site-trajet-de-soins-TCA-29-08-2024-1-1536x864.png 1536w, https:\/\/api-lux.be\/wp-content\/uploads\/2025\/08\/FINAL-pour-site-trajet-de-soins-TCA-29-08-2024-1.png 1920w\" sizes=\"auto, (max-width: 1024px) 100vw, 1024px\" \/><\/figure>\n\n\n\n<p><\/p>\n<\/div>\n<\/div>\n\n\n\n<p>Des outils \u00e0 nous partager ? <a href=\"https:\/\/api-lux.be\/index.php\/contact\/\">Cliquez ici<\/a><\/p>\n","protected":false},"excerpt":{"rendered":"<p>\ud83e\ude7a SOIN \u2013 SANTE &#8211; Le trajet de soins TCA est un dispositif mis en place par le R\u00e9seau Matilda en province de Luxembourg qui propose un parcours coordonn\u00e9 pour [&hellip;]<\/p>\n","protected":false},"author":2,"featured_media":0,"comment_status":"closed","ping_status":"closed","sticky":false,"template":"","format":"standard","meta":{"iawp_total_views":81,"footnotes":""},"categories":[4,5,8,48,47,6],"tags":[],"class_list":["post-8102","post","type-post","status-publish","format-standard","hentry","category-besoins","category-besoins-physiologiques","category-bien-etre","category-fiches-outils-pour-les-aidants-proches","category-fiches-outils-pour-les-professionnels","category-sante-alimentation-sommeil-hygiene"],"_links":{"self":[{"href":"https:\/\/api-lux.be\/index.php\/wp-json\/wp\/v2\/posts\/8102","targetHints":{"allow":["GET"]}}],"collection":[{"href":"https:\/\/api-lux.be\/index.php\/wp-json\/wp\/v2\/posts"}],"about":[{"href":"https:\/\/api-lux.be\/index.php\/wp-json\/wp\/v2\/types\/post"}],"author":[{"embeddable":true,"href":"https:\/\/api-lux.be\/index.php\/wp-json\/wp\/v2\/users\/2"}],"replies":[{"embeddable":true,"href":"https:\/\/api-lux.be\/index.php\/wp-json\/wp\/v2\/comments?post=8102"}],"version-history":[{"count":3,"href":"https:\/\/api-lux.be\/index.php\/wp-json\/wp\/v2\/posts\/8102\/revisions"}],"predecessor-version":[{"id":8119,"href":"https:\/\/api-lux.be\/index.php\/wp-json\/wp\/v2\/posts\/8102\/revisions\/8119"}],"wp:attachment":[{"href":"https:\/\/api-lux.be\/index.php\/wp-json\/wp\/v2\/media?parent=8102"}],"wp:term":[{"taxonomy":"category","embeddable":true,"href":"https:\/\/api-lux.be\/index.php\/wp-json\/wp\/v2\/categories?post=8102"},{"taxonomy":"post_tag","embeddable":true,"href":"https:\/\/api-lux.be\/index.php\/wp-json\/wp\/v2\/tags?post=8102"}],"curies":[{"name":"wp","href":"https:\/\/api.w.org\/{rel}","templated":true}]}}