{"id":808,"date":"2025-02-14T11:36:55","date_gmt":"2025-02-14T10:36:55","guid":{"rendered":"http:\/\/localhost\/mdi_w\/?p=808"},"modified":"2025-07-01T13:54:16","modified_gmt":"2025-07-01T11:54:16","slug":"support-interactif","status":"publish","type":"post","link":"https:\/\/api-lux.be\/index.php\/2025\/02\/14\/support-interactif\/","title":{"rendered":"Supports interactifs"},"content":{"rendered":"\n<div class=\"wp-block-columns is-layout-flex wp-container-core-columns-is-layout-9d6595d7 wp-block-columns-is-layout-flex\">\n<div class=\"wp-block-column is-layout-flow wp-block-column-is-layout-flow\"><div class=\"wp-block-image\">\n<figure class=\"aligncenter size-full is-resized\"><img decoding=\"async\" src=\"https:\/\/api-lux.be\/wp-content\/uploads\/2025\/02\/supports.jpg\" alt=\" \" class=\"wp-image-202\" style=\"width:319px;height:auto\"\/><\/figure>\n<\/div><\/div>\n\n\n\n<div class=\"wp-block-column is-layout-flow wp-block-column-is-layout-flow\">\n<p>\ud83d\udde3\ufe0f <strong>COMMUNICATION <\/strong>&#8211; Int\u00e9grer des supports interactifs pour enrichir l\u2019apprentissage avec des outils visuels, tactiles et auditifs.<\/p>\n\n\n\n<!--more-->\n\n\n\n<h2 class=\"wp-block-heading\">\u00c2ge cible<\/h2>\n\n\n\n<p><strong>Tout \u00e2ge<\/strong>&#8211; selon adaptation aux capacit\u00e9s cognitives et sensorielles des jeunes.<\/p>\n<\/div>\n<\/div>\n\n\n\n<h2 class=\"wp-block-heading\">Descriptif de l&rsquo;outil<\/h2>\n\n\n\n<p>\u270f\ufe0f Les supports interactifs regroupent des outils num\u00e9riques et mat\u00e9riels favorisant l\u2019apprentissage actif chez les jeunes porteurs d\u2019une d\u00e9ficience intellectuelle. Ils exploitent des modalit\u00e9s sensorielles vari\u00e9es (visuelle, tactile, auditive) pour compenser les difficult\u00e9s d\u2019abstraction, de concentration et de m\u00e9morisation souvent associ\u00e9es \u00e0 ce profil.<\/p>\n\n\n\n<p>\ud83e\udde0 <strong>Pourquoi \u00e7a fonctionne ?<\/strong><br>Ces outils permettent :<\/p>\n\n\n\n<ul class=\"wp-block-list\">\n<li><strong>De soutenir l\u2019attention<\/strong> par des stimuli attrayants et concrets.<\/li>\n\n\n\n<li><strong>De pallier les difficult\u00e9s de lecture ou de compr\u00e9hension orale<\/strong> gr\u00e2ce \u00e0 des images, pictogrammes et sons.<\/li>\n\n\n\n<li><strong>De valoriser la participation active<\/strong> via des jeux, manipulations et choix personnalis\u00e9s.<\/li>\n\n\n\n<li><strong>De renforcer la confiance en soi<\/strong>, en proposant des exercices adapt\u00e9s, accessibles et gratifiants.<\/li>\n<\/ul>\n\n\n\n<p><strong>Exemples d\u2019utilisation :<\/strong><\/p>\n\n\n\n<ul class=\"wp-block-list\">\n<li>Utiliser des pictogrammes pour aider \u00e0 formuler des demandes.<\/li>\n\n\n\n<li>Proposer des jeux num\u00e9riques interactifs pour travailler les chiffres ou le rep\u00e9rage spatial.<\/li>\n\n\n\n<li>Diffuser des vid\u00e9os \u00e9ducatives courtes pour introduire une notion (r\u00e8gle de s\u00e9curit\u00e9, gestion des \u00e9motions\u2026).<\/li>\n\n\n\n<li>Organiser des ateliers th\u00e9\u00e2tre ou musique interactive pour favoriser l\u2019expression et le vivre ensemble.<\/li>\n<\/ul>\n\n\n\n<p>\u2757 <strong>Points d\u2019attention :<\/strong><\/p>\n\n\n\n<ul class=\"wp-block-list\">\n<li>Pr\u00e9voir un environnement calme et structur\u00e9 pour \u00e9viter la surcharge sensorielle.<\/li>\n\n\n\n<li>Toujours adapter la dur\u00e9e et la complexit\u00e9 selon le niveau cognitif.<\/li>\n\n\n\n<li>Accompagner la prise en main des outils pour \u00e9viter la mise en \u00e9chec.<\/li>\n\n\n\n<li>Favoriser des outils sans publicit\u00e9 <\/li>\n<\/ul>\n\n\n\n<p>Voici quelques pistes int\u00e9ressantes :<\/p>\n\n\n\n<h4 class=\"wp-block-heading\"><strong>\ud83d\udcd8 Communication &amp; Pictogrammes<\/strong><\/h4>\n\n\n\n<ul class=\"wp-block-list\">\n<li><strong>\ud83c\udf0d <a href=\"https:\/\/www.arasaac.org\/\" target=\"_blank\" rel=\"noreferrer noopener\">ARASAAC<\/a><\/strong> \u2192 Banque de pictogrammes gratuits et outils de cr\u00e9ation de supports visuels.<\/li>\n\n\n\n<li><strong>\ud83d\udccc <a href=\"https:\/\/www.cboard.io\/\" target=\"_blank\" rel=\"noreferrer noopener\">AAC en ligne \u2013 Cboard<\/a><\/strong> \u2192 Outil de communication avec pictogrammes, fonctionne sur navigateur.<\/li>\n<\/ul>\n\n\n\n<hr class=\"wp-block-separator has-alpha-channel-opacity\"\/>\n\n\n\n<h4 class=\"wp-block-heading\"><strong>\ud83d\udcda Apprentissage &amp; \u00c9ducation interactive<\/strong><\/h4>\n\n\n\n<ul class=\"wp-block-list\">\n<li><strong>\ud83c\udfa8 <a href=\"https:\/\/www.gcompris.net\/index-fr.html\" data-type=\"link\" data-id=\"https:\/\/www.gcompris.net\/index-fr.html\" target=\"_blank\" rel=\"noreferrer noopener\">GCompris Online<\/a><\/strong> \u2192 Suite d\u2019activit\u00e9s \u00e9ducatives adapt\u00e9es (maths, lecture, logique, etc.).<\/li>\n\n\n\n<li><strong>\ud83e\udde9 <a href=\"https:\/\/www.didacto.com\/\" target=\"_blank\" rel=\"noreferrer noopener\">Didacto Jeux \u00e9ducatifs<\/a><\/strong> \u2192 R\u00e9f\u00e9rencement de jeux \u00e9ducatifs, avec quelques ressources gratuites.<\/li>\n\n\n\n<li><strong>\ud83d\udcdd <a class=\"\" href=\"https:\/\/www.cartablefantastique.fr\/\">Cartable F<\/a><a href=\"https:\/\/www.cartablefantastique.fr\/\" target=\"_blank\" rel=\"noreferrer noopener\">a<\/a><a class=\"\" href=\"https:\/\/www.cartablefantastique.fr\/\">ntastique<\/a><\/strong> \u2192 Adaptations scolaires pour les enfants avec troubles cognitifs.<\/li>\n<\/ul>\n\n\n\n<hr class=\"wp-block-separator has-alpha-channel-opacity\"\/>\n\n\n\n<h4 class=\"wp-block-heading\"><strong>\ud83c\udfb5 Loisirs &amp; Activit\u00e9s Ludiques<\/strong><\/h4>\n\n\n\n<ul class=\"wp-block-list\">\n<li><strong>\ud83c\udfb2 <a href=\"https:\/\/www.pepit.be\/\" target=\"_blank\" rel=\"noreferrer noopener\">Jeux \u00e9ducatifs en ligne \u2013 Pepit<\/a><\/strong> \u2192 Exercices interactifs adapt\u00e9s aux enfants avec des besoins sp\u00e9cifiques.<\/li>\n\n\n\n<li><strong>\ud83c\udfad <a href=\"https:\/\/lacompagniedesreves.com\/\" target=\"_blank\" rel=\"noreferrer noopener\">Th\u00e9\u00e2tre &amp; Expression \u2013 La Compagnie des R\u00eaves<\/a><\/strong> \u2192 Ateliers de th\u00e9\u00e2tre et jeux de r\u00f4le pour travailler l\u2019expression et la confiance en soi.<\/li>\n\n\n\n<li><strong>\ud83d\udcfa <a href=\"https:\/\/www.vinzetlou.net\/\" target=\"_blank\" rel=\"noreferrer noopener\">Vinz et Lou \u2013 Apprentissage interactif<\/a><\/strong> \u2192 Vid\u00e9os et jeux \u00e9ducatifs sur la citoyennet\u00e9 et le vivre ensemble.<\/li>\n<\/ul>\n\n\n\n<hr class=\"wp-block-separator has-alpha-channel-opacity\"\/>\n\n\n\n<div class=\"wp-block-columns is-layout-flex wp-container-core-columns-is-layout-9d6595d7 wp-block-columns-is-layout-flex\">\n<div class=\"wp-block-column is-layout-flow wp-block-column-is-layout-flow\">\n<h2 class=\"wp-block-heading\">Objectif(s) d&rsquo;utilisation<\/h2>\n\n\n\n<p>\ud83c\udfb2 <strong>Stimuler l\u2019attention et la motivation<\/strong> \u00e0 travers des activit\u00e9s engageantes et sensorielles.<\/p>\n\n\n\n<p>\ud83d\udde3\ufe0f <strong>Faciliter la communication et l\u2019expression<\/strong> chez les jeunes avec difficult\u00e9s de langage.<\/p>\n\n\n\n<p>\ud83c\udf9b\ufe0f <strong>Renforcer la compr\u00e9hension<\/strong> en associant images, sons et actions concr\u00e8tes.<\/p>\n\n\n\n<p>\ud83e\udd1d <strong>Favoriser l\u2019inclusion et la coop\u00e9ration<\/strong> via des supports accessibles \u00e0 tous.<\/p>\n\n\n\n<p>\ud83e\udde9 <strong>Offrir des supports diff\u00e9renci\u00e9s<\/strong> pour s\u2019adapter aux besoins sp\u00e9cifiques de chaque enfant.<\/p>\n<\/div>\n<\/div>\n\n\n\n<p>Des outils \u00e0 nous partager ?&nbsp;<a href=\"https:\/\/api-lux.be\/index.php\/contact\/\">Cliquez ici<\/a><\/p>\n","protected":false},"excerpt":{"rendered":"<p>\ud83d\udde3\ufe0f COMMUNICATION &#8211; Int\u00e9grer des supports interactifs pour enrichir l\u2019apprentissage avec des outils visuels, tactiles et auditifs.<\/p>\n","protected":false},"author":10,"featured_media":0,"comment_status":"closed","ping_status":"closed","sticky":false,"template":"","format":"standard","meta":{"iawp_total_views":1,"footnotes":""},"categories":[24,10,28,4,22,27,9,13,23,46,48,47,25,26],"tags":[],"class_list":["post-808","post","type-post","status-publish","format-standard","hentry","category-adaptation-des-apprentissages","category-amenagement-environnement","category-autonomie-et-responsabilisation","category-besoins","category-besoins-cognitifs","category-besoins-daccomplissement","category-besoins-de-securite","category-coherence","category-communication","category-fiches-outils","category-fiches-outils-pour-les-aidants-proches","category-fiches-outils-pour-les-professionnels","category-materiel-specifique","category-outils-pedagogiques-pour-les-pro"],"_links":{"self":[{"href":"https:\/\/api-lux.be\/index.php\/wp-json\/wp\/v2\/posts\/808","targetHints":{"allow":["GET"]}}],"collection":[{"href":"https:\/\/api-lux.be\/index.php\/wp-json\/wp\/v2\/posts"}],"about":[{"href":"https:\/\/api-lux.be\/index.php\/wp-json\/wp\/v2\/types\/post"}],"author":[{"embeddable":true,"href":"https:\/\/api-lux.be\/index.php\/wp-json\/wp\/v2\/users\/10"}],"replies":[{"embeddable":true,"href":"https:\/\/api-lux.be\/index.php\/wp-json\/wp\/v2\/comments?post=808"}],"version-history":[{"count":8,"href":"https:\/\/api-lux.be\/index.php\/wp-json\/wp\/v2\/posts\/808\/revisions"}],"predecessor-version":[{"id":7729,"href":"https:\/\/api-lux.be\/index.php\/wp-json\/wp\/v2\/posts\/808\/revisions\/7729"}],"wp:attachment":[{"href":"https:\/\/api-lux.be\/index.php\/wp-json\/wp\/v2\/media?parent=808"}],"wp:term":[{"taxonomy":"category","embeddable":true,"href":"https:\/\/api-lux.be\/index.php\/wp-json\/wp\/v2\/categories?post=808"},{"taxonomy":"post_tag","embeddable":true,"href":"https:\/\/api-lux.be\/index.php\/wp-json\/wp\/v2\/tags?post=808"}],"curies":[{"name":"wp","href":"https:\/\/api.w.org\/{rel}","templated":true}]}}