{"id":806,"date":"2025-02-14T11:36:55","date_gmt":"2025-02-14T10:36:55","guid":{"rendered":"http:\/\/localhost\/mdi_w\/?p=806"},"modified":"2025-07-01T13:51:10","modified_gmt":"2025-07-01T11:51:10","slug":"td-snap","status":"publish","type":"post","link":"https:\/\/api-lux.be\/index.php\/2025\/02\/14\/td-snap\/","title":{"rendered":"Logiciel : TD- SNAP"},"content":{"rendered":"\n<div class=\"wp-block-columns is-layout-flex wp-container-core-columns-is-layout-9d6595d7 wp-block-columns-is-layout-flex\">\n<div class=\"wp-block-column is-layout-flow wp-block-column-is-layout-flow\"><div class=\"wp-block-image\">\n<figure class=\"aligncenter size-full is-resized\"><img loading=\"lazy\" decoding=\"async\" width=\"825\" height=\"675\" src=\"https:\/\/api-lux.be\/wp-content\/uploads\/2025\/02\/TD-snap.jpeg\" alt=\"\" class=\"wp-image-1787\" style=\"width:322px;height:auto\" srcset=\"https:\/\/api-lux.be\/wp-content\/uploads\/2025\/02\/TD-snap.jpeg 825w, https:\/\/api-lux.be\/wp-content\/uploads\/2025\/02\/TD-snap-300x245.jpeg 300w, https:\/\/api-lux.be\/wp-content\/uploads\/2025\/02\/TD-snap-768x628.jpeg 768w\" sizes=\"auto, (max-width: 825px) 100vw, 825px\" \/><\/figure>\n<\/div><\/div>\n\n\n\n<div class=\"wp-block-column is-layout-flow wp-block-column-is-layout-flow\">\n<p>\ud83d\udde3\ufe0f <strong>COMMUNICATION<\/strong> &#8211; Une application qui permet de donner une voix \u00e0 ceux qui en ont besoin.<\/p>\n\n\n\n<!--more-->\n\n\n\n<h2 class=\"wp-block-heading\">\u00c2ge cible<\/h2>\n\n\n\n<p>Tout \u00e2ge<\/p>\n<\/div>\n<\/div>\n\n\n\n<h2 class=\"wp-block-heading\">Descriptif de l&rsquo;outil<\/h2>\n\n\n\n<p>\ud83d\udd39 <strong>Principe cl\u00e9<\/strong> : TD Snap est un logiciel de <strong>Communication Augment\u00e9e et Alternative (CAA)<\/strong> destin\u00e9 aux enfants et adultes ayant des difficult\u00e9s langagi\u00e8res. Il leur permet de <strong>s\u2019exprimer via des pictogrammes, un clavier virtuel et une synth\u00e8se vocale<\/strong>.<\/p>\n\n\n\n<p>\ud83d\udcb0 TD Snap <strong>est un logiciel payant.<\/strong> Il fait partie de la gamme de produits propos\u00e9s par <strong>Tobii Dynavox<\/strong>, sp\u00e9cialis\u00e9e dans les solutions de communication augment\u00e9e et alternative (CAA). Les prix peuvent varier en fonction des options choisies et des besoins sp\u00e9cifiques des utilisateurs, comme le nombre d&rsquo;images ou de fonctionnalit\u00e9s suppl\u00e9mentaires.<\/p>\n\n\n\n<p>\ud83d\udd39 <strong>Comment \u00e7a fonctionne ?<\/strong> <br>\ud83d\udcf1 <strong>Disponible sur tablette et ordinateur<\/strong> : Interface ergonomique adapt\u00e9e \u00e0 diff\u00e9rents niveaux de comp\u00e9tence. <br>\ud83d\udd23 <strong>Utilisation de pictogrammes et d\u2019images<\/strong> : Permet une communication simplifi\u00e9e et accessible. <br>\ud83d\udd0a <strong>Synth\u00e8se vocale int\u00e9gr\u00e9e<\/strong> : Le logiciel prononce les phrases s\u00e9lectionn\u00e9es. <br>\ud83c\udfa8 <strong>Personnalisation possible<\/strong> : Ajout de nouveaux mots, pictogrammes et phrases pour s\u2019adapter aux besoins sp\u00e9cifiques de l\u2019utilisateur.<\/p>\n\n\n\n<p>\u26a0\ufe0f <strong>Points d\u2019attention<\/strong> :<\/p>\n\n\n\n<ul class=\"wp-block-list\">\n<li>\ud83d\udca1 Une adaptation progressive est n\u00e9cessaire pour que l\u2019utilisateur prenne confiance dans cet outil.<\/li>\n\n\n\n<li>\ud83d\udee0\ufe0f Un accompagnement par un professionnel (orthophoniste, \u00e9ducateur) est conseill\u00e9 pour une utilisation optimale.<\/li>\n\n\n\n<li>\ud83d\udcdc Respecter les pr\u00e9f\u00e9rences de l\u2019utilisateur en fonction de ses besoins et capacit\u00e9s.<\/li>\n<\/ul>\n\n\n\n<div class=\"wp-block-columns is-layout-flex wp-container-core-columns-is-layout-9d6595d7 wp-block-columns-is-layout-flex\">\n<div class=\"wp-block-column is-layout-flow wp-block-column-is-layout-flow\">\n<h2 class=\"wp-block-heading\">Objectif(s) d&rsquo;utilisation<\/h2>\n\n\n\n<p>\ud83d\udde8\ufe0f <strong>Faciliter l\u2019expression<\/strong> des personnes ayant une communication limit\u00e9e ou absente.<\/p>\n\n\n\n<p>\ud83c\udfeb <strong>Favoriser l\u2019inclusion<\/strong> en permettant \u00e0 tous d\u2019interagir au quotidien.<\/p>\n\n\n\n<p>\ud83d\udc65 <strong>Encourager les interactions sociales<\/strong> en rendant possible la participation aux \u00e9changes.<\/p>\n\n\n\n<p>\ud83d\udcaa <strong>Renforcer la confiance en soi<\/strong> en offrant un moyen de participation aux conversations.<\/p>\n\n\n\n<p>\ud83d\udcc8 <strong>D\u00e9velopper l\u2019autonomie<\/strong> en donnant un acc\u00e8s libre \u00e0 l\u2019\u00e9change et \u00e0 l\u2019expression des besoins.<\/p>\n\n\n\n<p>\ud83d\udcac <strong>Permettre une communication efficace<\/strong> pour les personnes ayant des difficult\u00e9s d\u2019expression orale.<\/p>\n<\/div>\n\n\n\n<div class=\"wp-block-column is-layout-flow wp-block-column-is-layout-flow\">\n<h2 class=\"wp-block-heading\">Liens utiles<\/h2>\n\n\n\n<p>\ud83c\udf10 <strong>VERS LE SITE OFFICIEL:<\/strong><br><a href=\"https:\/\/fr.tobiidynavox.com\/pages\/td-snap\" target=\"_blank\" rel=\"noreferrer noopener\">https:\/\/fr.tobiidynavox.com\/pages\/td-snap<\/a><\/p>\n\n\n\n<p>\ud83c\udfa5 <strong>TUTORIEL<\/strong> <a href=\"https:\/\/www.youtube.com\/watch?v=3IPLFQl98Wo\" target=\"_blank\" rel=\"noreferrer noopener\">pour apprendre \u00e0 utiliser l&rsquo;application <\/a>(Youtube &#8211; 1h19min- Tobii Dynavox)<\/p>\n<\/div>\n<\/div>\n\n\n\n<p>Des outils \u00e0 nous partager ?&nbsp;<a href=\"https:\/\/api-lux.be\/index.php\/contact\/\">Cliquez ici<\/a><\/p>\n","protected":false},"excerpt":{"rendered":"<p>\ud83d\udde3\ufe0f COMMUNICATION &#8211; Une application qui permet de donner une voix \u00e0 ceux qui en ont besoin.<\/p>\n","protected":false},"author":10,"featured_media":0,"comment_status":"closed","ping_status":"closed","sticky":false,"template":"","format":"standard","meta":{"iawp_total_views":12,"footnotes":""},"categories":[24,28,4,22,27,14,18,5,8,23,46,48,47,19,17,6,7],"tags":[],"class_list":["post-806","post","type-post","status-publish","format-standard","hentry","category-adaptation-des-apprentissages","category-autonomie-et-responsabilisation","category-besoins","category-besoins-cognitifs","category-besoins-daccomplissement","category-besoins-dappartenance","category-besoins-destime","category-besoins-physiologiques","category-bien-etre","category-communication","category-fiches-outils","category-fiches-outils-pour-les-aidants-proches","category-fiches-outils-pour-les-professionnels","category-gestion-des-emotions","category-inclusion-sociale-et-reseau-sociaux","category-sante-alimentation-sommeil-hygiene","category-soin-pistes-et-outils-professionnels"],"_links":{"self":[{"href":"https:\/\/api-lux.be\/index.php\/wp-json\/wp\/v2\/posts\/806","targetHints":{"allow":["GET"]}}],"collection":[{"href":"https:\/\/api-lux.be\/index.php\/wp-json\/wp\/v2\/posts"}],"about":[{"href":"https:\/\/api-lux.be\/index.php\/wp-json\/wp\/v2\/types\/post"}],"author":[{"embeddable":true,"href":"https:\/\/api-lux.be\/index.php\/wp-json\/wp\/v2\/users\/10"}],"replies":[{"embeddable":true,"href":"https:\/\/api-lux.be\/index.php\/wp-json\/wp\/v2\/comments?post=806"}],"version-history":[{"count":9,"href":"https:\/\/api-lux.be\/index.php\/wp-json\/wp\/v2\/posts\/806\/revisions"}],"predecessor-version":[{"id":7727,"href":"https:\/\/api-lux.be\/index.php\/wp-json\/wp\/v2\/posts\/806\/revisions\/7727"}],"wp:attachment":[{"href":"https:\/\/api-lux.be\/index.php\/wp-json\/wp\/v2\/media?parent=806"}],"wp:term":[{"taxonomy":"category","embeddable":true,"href":"https:\/\/api-lux.be\/index.php\/wp-json\/wp\/v2\/categories?post=806"},{"taxonomy":"post_tag","embeddable":true,"href":"https:\/\/api-lux.be\/index.php\/wp-json\/wp\/v2\/tags?post=806"}],"curies":[{"name":"wp","href":"https:\/\/api.w.org\/{rel}","templated":true}]}}