{"id":802,"date":"2025-02-14T11:36:55","date_gmt":"2025-02-14T10:36:55","guid":{"rendered":"http:\/\/localhost\/mdi_w\/?p=802"},"modified":"2025-07-01T13:50:00","modified_gmt":"2025-07-01T11:50:00","slug":"soutenir-la-perception-concrete-du-changement","status":"publish","type":"post","link":"https:\/\/api-lux.be\/index.php\/2025\/02\/14\/soutenir-la-perception-concrete-du-changement\/","title":{"rendered":"La photo m\u00e9moire: visualiser l&rsquo;\u00e9volution d&rsquo;un jeune"},"content":{"rendered":"\n<div class=\"wp-block-columns is-layout-flex wp-container-core-columns-is-layout-9d6595d7 wp-block-columns-is-layout-flex\">\n<div class=\"wp-block-column is-layout-flow wp-block-column-is-layout-flow\">\n<figure class=\"wp-block-image size-full\"><img loading=\"lazy\" decoding=\"async\" width=\"612\" height=\"408\" src=\"https:\/\/api-lux.be\/wp-content\/uploads\/2025\/02\/soutenir_la_perception_concrete_du_changement_.jpg\" alt=\"\" class=\"wp-image-409\" srcset=\"https:\/\/api-lux.be\/wp-content\/uploads\/2025\/02\/soutenir_la_perception_concrete_du_changement_.jpg 612w, https:\/\/api-lux.be\/wp-content\/uploads\/2025\/02\/soutenir_la_perception_concrete_du_changement_-300x200.jpg 300w\" sizes=\"auto, (max-width: 612px) 100vw, 612px\" \/><\/figure>\n<\/div>\n\n\n\n<div class=\"wp-block-column is-layout-flow wp-block-column-is-layout-flow\">\n<p>\ud83e\udd1d\ufe0f <strong>Soutenir et mobiliser: trucs et astuces<\/strong> &#8211; <br>La Photo-M\u00e9moire : Un T\u00e9moignage Visuel du Chemin Parcouru \ud83d\udcf7\u2728<\/p>\n\n\n\n<!--more-->\n\n\n\n<h2 class=\"wp-block-heading\">Age cible (pour qui)<\/h2>\n\n\n\n<p><b> &#8211; de 3 \u00e0 18 an(s)<\/b><\/p>\n<\/div>\n<\/div>\n\n\n\n<h2 class=\"wp-block-heading\">Descriptif de l&rsquo;outil<\/h2>\n\n\n\n<p>\ud83d\udd39 <strong>Principe cl\u00e9<\/strong> : Capturer des images d\u2019un jeune \u00e0 intervalles r\u00e9guliers permet de mat\u00e9rialiser son \u00e9volution dans le temps. Ces clich\u00e9s offrent un aper\u00e7u tangible des changements physiques, mais aussi de son d\u00e9veloppement \u00e9motionnel, relationnel et personnel.<\/p>\n\n\n\n<p>\ud83d\udd39 <strong>Pourquoi ?<\/strong><\/p>\n\n\n\n<ul class=\"wp-block-list\">\n<li>Permet au jeune de <strong>prendre conscience de son \u00e9volution<\/strong> et de ses progr\u00e8s.<\/li>\n\n\n\n<li>Aide \u00e0 renforcer son <strong>estime de soi<\/strong> en mettant en lumi\u00e8re son parcours.<\/li>\n\n\n\n<li>Valorise les efforts fournis au-del\u00e0 des r\u00e9sultats imm\u00e9diats.<\/li>\n<\/ul>\n\n\n\n<p>\ud83d\udd39 <strong>Comment ?<\/strong> <br>\ud83d\udcc5 <strong>Prendre des photos \u00e0 des moments cl\u00e9s<\/strong> : D\u00e9but de l\u2019accompagnement, apr\u00e8s un projet important, en fin de cycle&#8230; <br>\ud83d\udcdd <strong>Associer chaque photo \u00e0 un souvenir ou une r\u00e9alisation<\/strong> : Lui demander d\u2019\u00e9crire ou de raconter ce qu\u2019il ressent \u00e0 ce moment-l\u00e0. <br>\ud83d\udcd4 <strong>Cr\u00e9er un album \u00e9volutif<\/strong> : Un carnet de progression o\u00f9 l\u2019on compile les images avec des annotations. \ud83c\udf9e <strong>Mettre en place une r\u00e9trospective<\/strong> : En fin de parcours, montrer au jeune son cheminement sous forme de diaporama ou de collage.<\/p>\n\n\n\n<p>\ud83c\udfaf <strong>Exemples concrets<\/strong> :<\/p>\n\n\n\n<ul class=\"wp-block-list\">\n<li><strong>\u00c0 l\u2019\u00e9cole<\/strong> \ud83c\udfeb : Photographier un \u00e9l\u00e8ve au d\u00e9but et \u00e0 la fin d\u2019un projet collectif (par ex. un spectacle ou un potager scolaire) pour qu\u2019il prenne conscience de son investissement.<\/li>\n\n\n\n<li><strong>En famille<\/strong> \ud83c\udfe1 : Cr\u00e9er un album de souvenirs montrant les diff\u00e9rentes \u00e9tapes de son \u00e9volution (perte de dents, nouvelles exp\u00e9riences, apprentissage d\u2019un instrument&#8230;).<\/li>\n\n\n\n<li><strong>Dans un cadre \u00e9ducatif ou th\u00e9rapeutique<\/strong> \ud83c\udfe5 : Comparer des photos prises \u00e0 plusieurs mois d\u2019intervalle pour aider un jeune \u00e0 constater son \u00e9volution et valoriser les efforts fournis.<\/li>\n<\/ul>\n\n\n\n<p>\u26a0\ufe0f <strong>Points d\u2019attention<\/strong> :<\/p>\n\n\n\n<ul class=\"wp-block-list\">\n<li><strong>Toujours obtenir l\u2019accord du jeune et de sa famille<\/strong> avant toute prise de photo.<\/li>\n\n\n\n<li>Respecter le droit \u00e0 l\u2019image et \u00e9viter toute diffusion non consentie.<\/li>\n\n\n\n<li>Ne pas se focaliser uniquement sur l\u2019apparence physique, mais aussi sur les postures et les expressions qui t\u00e9moignent d\u2019une \u00e9volution int\u00e9rieure.<\/li>\n<\/ul>\n\n\n\n<div class=\"wp-block-columns is-layout-flex wp-container-core-columns-is-layout-9d6595d7 wp-block-columns-is-layout-flex\">\n<div class=\"wp-block-column is-layout-flow wp-block-column-is-layout-flow\">\n<h2 class=\"wp-block-heading\">Liens utiles<\/h2>\n\n\n\n<p>\/<br><br><\/p>\n<\/div>\n\n\n\n<div class=\"wp-block-column is-layout-flow wp-block-column-is-layout-flow\">\n<h2 class=\"wp-block-heading\">Objectif(s) d&rsquo;utilisation<\/h2>\n\n\n\n<p>\ud83c\udfaf <strong>Aider le jeune \u00e0 prendre conscience de ses progr\u00e8s<\/strong> et \u00e0 visualiser son parcours. <\/p>\n<\/div>\n<\/div>\n\n\n\n<p><br>\ud83c\udfaf <strong>Renforcer la valorisation personnelle<\/strong> en montrant des changements positifs au fil du temps. <br>\ud83c\udfaf <strong>Cr\u00e9er un support motivant<\/strong> qui permet au jeune de se projeter dans l\u2019avenir avec confiance. <br>\ud83c\udfaf <strong>Encourager l&rsquo;expression \u00e9motionnelle<\/strong> en associant chaque image \u00e0 une r\u00e9flexion ou un ressenti.<\/p>\n\n\n\n<div class=\"wp-block-columns is-layout-flex wp-container-core-columns-is-layout-9d6595d7 wp-block-columns-is-layout-flex\">\n<div class=\"wp-block-column is-layout-flow wp-block-column-is-layout-flow\">\n<h2 class=\"wp-block-heading\">Variantes &#8211; am\u00e9nagement<\/h2>\n<\/div>\n<\/div>\n\n\n\n<p>\ud83d\udcda <strong>Cr\u00e9er un carnet de progression illustr\u00e9<\/strong> : Le jeune peut y coller ses photos et y \u00e9crire quelques lignes sur ce qu\u2019il ressent. <br>\ud83c\udfad <strong>Ajouter des photos d\u2019activit\u00e9s et de moments forts<\/strong> : Pas seulement des portraits, mais aussi des instants marquants v\u00e9cus. <br>\ud83c\udfa8 <strong>Proposer un projet cr\u00e9atif autour des photos<\/strong> : Collage, diaporama personnalis\u00e9, exposition au sein d\u2019un groupe&#8230; <br>\ud83c\udfa4 <strong>Int\u00e9grer une dimension narrative<\/strong> : Le jeune peut commenter les photos \u00e0 l\u2019oral ou \u00e0 l\u2019\u00e9crit pour mieux prendre conscience de son cheminement.<\/p>\n\n\n\n<p>Des outils \u00e0 nous partager ?\u00a0<a href=\"https:\/\/api-lux.be\/index.php\/contact\/\">Cliquez ici<\/a><\/p>\n","protected":false},"excerpt":{"rendered":"<p>\ud83e\udd1d\ufe0f Soutenir et mobiliser: trucs et astuces &#8211; La Photo-M\u00e9moire : Un T\u00e9moignage Visuel du Chemin Parcouru \ud83d\udcf7\u2728<\/p>\n","protected":false},"author":10,"featured_media":0,"comment_status":"closed","ping_status":"closed","sticky":false,"template":"","format":"standard","meta":{"iawp_total_views":1,"footnotes":""},"categories":[4,27,18,8,46,48,49,47,29,21],"tags":[],"class_list":["post-802","post","type-post","status-publish","format-standard","hentry","category-besoins","category-besoins-daccomplissement","category-besoins-destime","category-bien-etre","category-fiches-outils","category-fiches-outils-pour-les-aidants-proches","category-fiches-outils-pour-les-jeunes","category-fiches-outils-pour-les-professionnels","category-projection","category-valorisation-confiance"],"_links":{"self":[{"href":"https:\/\/api-lux.be\/index.php\/wp-json\/wp\/v2\/posts\/802","targetHints":{"allow":["GET"]}}],"collection":[{"href":"https:\/\/api-lux.be\/index.php\/wp-json\/wp\/v2\/posts"}],"about":[{"href":"https:\/\/api-lux.be\/index.php\/wp-json\/wp\/v2\/types\/post"}],"author":[{"embeddable":true,"href":"https:\/\/api-lux.be\/index.php\/wp-json\/wp\/v2\/users\/10"}],"replies":[{"embeddable":true,"href":"https:\/\/api-lux.be\/index.php\/wp-json\/wp\/v2\/comments?post=802"}],"version-history":[{"count":7,"href":"https:\/\/api-lux.be\/index.php\/wp-json\/wp\/v2\/posts\/802\/revisions"}],"predecessor-version":[{"id":7723,"href":"https:\/\/api-lux.be\/index.php\/wp-json\/wp\/v2\/posts\/802\/revisions\/7723"}],"wp:attachment":[{"href":"https:\/\/api-lux.be\/index.php\/wp-json\/wp\/v2\/media?parent=802"}],"wp:term":[{"taxonomy":"category","embeddable":true,"href":"https:\/\/api-lux.be\/index.php\/wp-json\/wp\/v2\/categories?post=802"},{"taxonomy":"post_tag","embeddable":true,"href":"https:\/\/api-lux.be\/index.php\/wp-json\/wp\/v2\/tags?post=802"}],"curies":[{"name":"wp","href":"https:\/\/api.w.org\/{rel}","templated":true}]}}