{"id":799,"date":"2025-02-14T11:36:55","date_gmt":"2025-02-14T10:36:55","guid":{"rendered":"http:\/\/localhost\/mdi_w\/?p=799"},"modified":"2025-07-01T13:49:45","modified_gmt":"2025-07-01T11:49:45","slug":"utiliser-les-points-forts","status":"publish","type":"post","link":"https:\/\/api-lux.be\/index.php\/2025\/02\/14\/utiliser-les-points-forts\/","title":{"rendered":"S\u2019appuyer sur les forces du Jeune pour favoriser sa confiance"},"content":{"rendered":"\n<div class=\"wp-block-columns is-layout-flex wp-container-core-columns-is-layout-9d6595d7 wp-block-columns-is-layout-flex\">\n<div class=\"wp-block-column is-layout-flow wp-block-column-is-layout-flow\">\n<figure class=\"wp-block-image size-full\"><img loading=\"lazy\" decoding=\"async\" width=\"612\" height=\"408\" src=\"https:\/\/api-lux.be\/wp-content\/uploads\/2025\/02\/utiliser_les_points_forts.jpg\" alt=\"\" class=\"wp-image-392\" srcset=\"https:\/\/api-lux.be\/wp-content\/uploads\/2025\/02\/utiliser_les_points_forts.jpg 612w, https:\/\/api-lux.be\/wp-content\/uploads\/2025\/02\/utiliser_les_points_forts-300x200.jpg 300w\" sizes=\"auto, (max-width: 612px) 100vw, 612px\" \/><\/figure>\n<\/div>\n\n\n\n<div class=\"wp-block-column is-layout-flow wp-block-column-is-layout-flow\">\n<p>Renforcer la confiance des jeunes en se basant sur leurs comp\u00e9tences actuelles.<\/p>\n\n\n\n<!--more-->\n\n\n\n<h2 class=\"wp-block-heading\">Age cible (pour qui)<\/h2>\n\n\n\n<p><b> &#8211; de 3 \u00e0 18 an(s)<\/b><\/p>\n<\/div>\n<\/div>\n\n\n\n<h2 class=\"wp-block-heading\">Descriptif de l&rsquo;outil<\/h2>\n\n\n\n<p>\ud83d\udd39 <strong>Principe cl\u00e9<\/strong> : Encourager les jeunes \u00e0 progresser en utilisant leurs forces et en se concentrant sur leur <strong>Zone Proximale de D\u00e9veloppement<\/strong> (concept introduit par le psychologue Lev Vygotsky). Cette zone correspond au niveau juste au-dessus de leurs capacit\u00e9s actuelles, o\u00f9 ils peuvent r\u00e9ussir avec un peu d\u2019aide. En ciblant des exercices dans cette zone, les jeunes vivent des r\u00e9ussites r\u00e9guli\u00e8res, ce qui booste leur confiance et favorise un sentiment de comp\u00e9tence.<\/p>\n\n\n\n<p>\ud83d\udd39 <strong>Pourquoi ?<\/strong> Plut\u00f4t que de pointer les lacunes, il s&rsquo;agit d&rsquo;\u00e9valuer les ressources potentielles du jeune, ses centres d&rsquo;int\u00e9r\u00eat et les intelligences qu&rsquo;il mobilise naturellement. Adapter les apprentissages \u00e0 ce qui lui r\u00e9ussit permet de maintenir son engagement et de lui donner envie de relever de nouveaux d\u00e9fis.<\/p>\n\n\n\n<p>\ud83d\udd39 <strong>Comment ?<\/strong> En <a href=\"https:\/\/api-lux.be\/index.php\/2025\/02\/14\/apprentissages-detournes-informels\/\" target=\"_blank\" rel=\"noreferrer noopener\">d\u00e9tournant les t\u00e2ches<\/a> et en adaptant les apprentissages (relationnels, cognitifs ou \u00e9motionnels) aux points forts du jeune, il se sent plus comp\u00e9tent et s\u2019engage plus activement. L\u2019accent est mis sur les r\u00e9ussites plut\u00f4t que sur les difficult\u00e9s, ce qui favorise un \u00e9tat d&rsquo;esprit positif.<\/p>\n\n\n\n<p>\ud83d\udca1 <strong>Chaque jeune poss\u00e8de un profil unique selon <a href=\"https:\/\/api-lux.be\/index.php\/2025\/02\/14\/intelligence-multiple-et-octofun\/\" target=\"_blank\" rel=\"noreferrer noopener\">les intelligences multiples<\/a> (logique, linguistique, kinesth\u00e9sique, musicale, interpersonnelle, etc.). <\/strong>Il est normal de ne pas exceller dans toutes ces formes d\u2019intelligence. En identifiant ses forces, le jeune peut apprendre \u00e0 s\u2019appuyer sur elles pour progresser sereinement et d\u00e9velopper d&rsquo;autres comp\u00e9tences en confiance.<\/p>\n\n\n\n<p>\ud83c\udfaf <strong>Exemples concrets<\/strong> :<\/p>\n\n\n\n<ul class=\"wp-block-list\">\n<li><strong>\u00c0 l&rsquo;\u00e9cole<\/strong> : Un \u00e9l\u00e8ve manuel et passionn\u00e9 de bricolage, mais en difficult\u00e9 relationnelle avec ses pairs, peut animer un atelier bois et montrer aux autres comment r\u00e9aliser un projet. Cela l\u2019aide \u00e0 trouver sa place dans le groupe et \u00e0 d\u00e9velopper de nouvelles comp\u00e9tences sociales.<\/li>\n\n\n\n<li><strong>En famille<\/strong> : Un enfant qui adore raconter des histoires mais qui a du mal avec l\u2019\u00e9criture peut enregistrer ses r\u00e9cits \u00e0 l\u2019oral avant de les transcrire avec l\u2019aide d\u2019un adulte, renfor\u00e7ant ainsi progressivement sa confiance en ses capacit\u00e9s d\u2019expression \u00e9crite.<\/li>\n\n\n\n<li><strong>Dans le quotidien<\/strong> : Un adolescent timide qui aime la cuisine peut \u00eatre encourag\u00e9 \u00e0 pr\u00e9parer un repas pour la famille et expliquer sa recette, ce qui lui permet d\u2019interagir avec son entourage tout en valorisant une comp\u00e9tence dans laquelle il se sent \u00e0 l\u2019aise.<\/li>\n<\/ul>\n\n\n\n<p>\u26a0\ufe0f <strong>Points d\u2019attention<\/strong> :<\/p>\n\n\n\n<ul class=\"wp-block-list\">\n<li>Identifier les points forts et centres d\u2019int\u00e9r\u00eat du jeune pour les utiliser comme leviers d\u2019apprentissage.<\/li>\n\n\n\n<li>Veiller \u00e0 ne pas surcharger les attentes : une progression progressive est essentielle.<\/li>\n\n\n\n<li>Valoriser chaque effort, m\u00eame minime, afin d\u2019entretenir la motivation.<\/li>\n<\/ul>\n\n\n\n<div class=\"wp-block-columns is-layout-flex wp-container-core-columns-is-layout-9d6595d7 wp-block-columns-is-layout-flex\">\n<div class=\"wp-block-column is-layout-flow wp-block-column-is-layout-flow\">\n<h2 class=\"wp-block-heading\">Liens utiles<\/h2>\n\n\n\n<p>\/ <br><br><\/p>\n<\/div>\n\n\n\n<div class=\"wp-block-column is-layout-flow wp-block-column-is-layout-flow\">\n<h2 class=\"wp-block-heading\">Objectif(s) d&rsquo;utilisation<\/h2>\n\n\n\n<p>\ud83c\udfaf <strong>D\u00e9velopper la confiance et le sentiment de comp\u00e9tence<\/strong> en permettant au jeune de r\u00e9ussir dans un cadre adapt\u00e9<\/p>\n<\/div>\n<\/div>\n\n\n\n<p>. \ud83c\udfaf <strong>Encourager la motivation et l\u2019engagement<\/strong> en proposant des d\u00e9fis progressifs align\u00e9s sur ses int\u00e9r\u00eats. <br>\ud83c\udfaf <strong>Faciliter l\u2019apprentissage et la d\u00e9couverte<\/strong> en mettant l\u2019accent sur le plaisir et les forces individuelles. <br>\ud83c\udfaf <strong>Renforcer l\u2019autonomie et l\u2019implication<\/strong> en aidant le jeune \u00e0 exploiter ses ressources personnelles dans divers contextes.<\/p>\n\n\n\n<div class=\"wp-block-columns is-layout-flex wp-container-core-columns-is-layout-9d6595d7 wp-block-columns-is-layout-flex\">\n<div class=\"wp-block-column is-layout-flow wp-block-column-is-layout-flow\">\n<h2 class=\"wp-block-heading\">Variantes &#8211; am\u00e9nagement<\/h2>\n<\/div>\n<\/div>\n\n\n\n<p>\ud83c\udfaf <strong>Associer les activit\u00e9s aux centres d&rsquo;int\u00e9r\u00eat personnels<\/strong> pour maximiser l&rsquo;engagement. <br>\ud83d\udcc8 <strong>Cr\u00e9er des d\u00e9fis graduels<\/strong> pour observer des progr\u00e8s tangibles sans mettre trop de pression. <br>\ud83d\udcac <strong>Utiliser des encouragements fr\u00e9quents<\/strong> pour renforcer le sentiment de r\u00e9ussite. <br>\ud83c\udfa8 <strong>Encourager l\u2019exp\u00e9rimentation<\/strong> : proposer au jeune de tester diff\u00e9rentes fa\u00e7ons d\u2019apprendre et de progresser \u00e0 travers des approches vari\u00e9es (visuelles, pratiques, auditives, etc.).<\/p>\n\n\n\n<p>Des outils \u00e0 nous partager ?\u00a0<a href=\"https:\/\/api-lux.be\/index.php\/contact\/\">Cliquez ici<\/a><\/p>\n","protected":false},"excerpt":{"rendered":"<p>Renforcer la confiance des jeunes en se basant sur leurs comp\u00e9tences actuelles.<\/p>\n","protected":false},"author":1,"featured_media":0,"comment_status":"closed","ping_status":"closed","sticky":false,"template":"","format":"standard","meta":{"iawp_total_views":1,"footnotes":""},"categories":[24,4,22,18,9,12,13,23,46,48,47,19,20,21],"tags":[],"class_list":["post-799","post","type-post","status-publish","format-standard","hentry","category-adaptation-des-apprentissages","category-besoins","category-besoins-cognitifs","category-besoins-destime","category-besoins-de-securite","category-cadre-et-limites","category-coherence","category-communication","category-fiches-outils","category-fiches-outils-pour-les-aidants-proches","category-fiches-outils-pour-les-professionnels","category-gestion-des-emotions","category-individualisation","category-valorisation-confiance"],"_links":{"self":[{"href":"https:\/\/api-lux.be\/index.php\/wp-json\/wp\/v2\/posts\/799","targetHints":{"allow":["GET"]}}],"collection":[{"href":"https:\/\/api-lux.be\/index.php\/wp-json\/wp\/v2\/posts"}],"about":[{"href":"https:\/\/api-lux.be\/index.php\/wp-json\/wp\/v2\/types\/post"}],"author":[{"embeddable":true,"href":"https:\/\/api-lux.be\/index.php\/wp-json\/wp\/v2\/users\/1"}],"replies":[{"embeddable":true,"href":"https:\/\/api-lux.be\/index.php\/wp-json\/wp\/v2\/comments?post=799"}],"version-history":[{"count":5,"href":"https:\/\/api-lux.be\/index.php\/wp-json\/wp\/v2\/posts\/799\/revisions"}],"predecessor-version":[{"id":7722,"href":"https:\/\/api-lux.be\/index.php\/wp-json\/wp\/v2\/posts\/799\/revisions\/7722"}],"wp:attachment":[{"href":"https:\/\/api-lux.be\/index.php\/wp-json\/wp\/v2\/media?parent=799"}],"wp:term":[{"taxonomy":"category","embeddable":true,"href":"https:\/\/api-lux.be\/index.php\/wp-json\/wp\/v2\/categories?post=799"},{"taxonomy":"post_tag","embeddable":true,"href":"https:\/\/api-lux.be\/index.php\/wp-json\/wp\/v2\/tags?post=799"}],"curies":[{"name":"wp","href":"https:\/\/api.w.org\/{rel}","templated":true}]}}