{"id":797,"date":"2025-02-14T11:36:55","date_gmt":"2025-02-14T10:36:55","guid":{"rendered":"http:\/\/localhost\/mdi_w\/?p=797"},"modified":"2025-07-01T13:48:28","modified_gmt":"2025-07-01T11:48:28","slug":"baisser-ses-attentes-en-tant-quadulte","status":"publish","type":"post","link":"https:\/\/api-lux.be\/index.php\/2025\/02\/14\/baisser-ses-attentes-en-tant-quadulte\/","title":{"rendered":"Adapter les attentes pour favoriser l&rsquo;\u00e9volution globale de l&rsquo;enfant"},"content":{"rendered":"\n<div class=\"wp-block-columns is-layout-flex wp-container-core-columns-is-layout-9d6595d7 wp-block-columns-is-layout-flex\">\n<div class=\"wp-block-column is-layout-flow wp-block-column-is-layout-flow\"><div class=\"wp-block-image\">\n<figure class=\"aligncenter size-full is-resized\"><img loading=\"lazy\" decoding=\"async\" width=\"2000\" height=\"1600\" src=\"https:\/\/api-lux.be\/wp-content\/uploads\/2025\/02\/developpement-de-l-enfant-formation-mediaskol.jpg\" alt=\"\" class=\"wp-image-4184\" style=\"width:330px;height:auto\" srcset=\"https:\/\/api-lux.be\/wp-content\/uploads\/2025\/02\/developpement-de-l-enfant-formation-mediaskol.jpg 2000w, https:\/\/api-lux.be\/wp-content\/uploads\/2025\/02\/developpement-de-l-enfant-formation-mediaskol-300x240.jpg 300w, https:\/\/api-lux.be\/wp-content\/uploads\/2025\/02\/developpement-de-l-enfant-formation-mediaskol-1024x819.jpg 1024w, https:\/\/api-lux.be\/wp-content\/uploads\/2025\/02\/developpement-de-l-enfant-formation-mediaskol-768x614.jpg 768w, https:\/\/api-lux.be\/wp-content\/uploads\/2025\/02\/developpement-de-l-enfant-formation-mediaskol-1536x1229.jpg 1536w\" sizes=\"auto, (max-width: 2000px) 100vw, 2000px\" \/><\/figure>\n<\/div><\/div>\n\n\n\n<div class=\"wp-block-column is-layout-flow wp-block-column-is-layout-flow\">\n<p>\ud83e\ude84 <strong>Accompagner vers plus d\u2019autonomie et cultiver la singularit\u00e9<\/strong> &#8211; Favoriser l&rsquo;\u00e9volution globale de l\u2019enfant en respectant son rythme et ses capacit\u00e9s.<\/p>\n\n\n\n<!--more-->\n\n\n\n<h2 class=\"wp-block-heading\">Age cible (pour qui)<\/h2>\n\n\n\n<p><b> &#8211; de 3 \u00e0 18 an(s)<\/b><\/p>\n<\/div>\n<\/div>\n\n\n\n<h2 class=\"wp-block-heading\">Descriptif de l&rsquo;outil<\/h2>\n\n\n\n<p>\ud83d\udd39 <strong>Principe cl\u00e9<\/strong> : Adapter les attentes des adultes (\u00e9ducateurs, enseignants, animateurs, parents&#8230;) au rythme propre de chaque enfant. Plut\u00f4t que de se focaliser uniquement sur les performances scolaires ou comportementales, cet outil met l\u2019accent sur le bien-\u00eatre global et l\u2019\u00e9volution progressive de l\u2019enfant dans diff\u00e9rents domaines : relationnel, \u00e9motionnel et cognitif et de prioriser l&rsquo;action.<\/p>\n\n\n\n<p>\ud83d\udd39 <strong>Pourquoi ?<\/strong> Lorsqu\u2019un enfant est dans une dynamique positive, il est tentant d\u2019augmenter les exigences envers lui. Or, si les attentes simultan\u00e9es de son entourage deviennent trop \u00e9lev\u00e9es, il risque de se sentir submerg\u00e9 et d\u2019\u00e9puiser ses ressources \u00e9motionnelles.<\/p>\n\n\n\n<p>\ud83d\udd39 <strong>Comment ?<\/strong> Il s\u2019agit d\u2019\u00e9valuer r\u00e9guli\u00e8rement les attentes de chaque adulte intervenant aupr\u00e8s de l\u2019enfant (\u00e9cole, famille, milieu de vie), afin d\u2019\u00e9viter une surcharge et de garantir un \u00e9quilibre entre les diff\u00e9rents domaines de progression. Accepter de baisser certaines attentes permet \u00e0 l\u2019enfant de mieux investir les espaces o\u00f9 il a le plus besoin d\u2019\u00e9nergie et de soutien.<\/p>\n\n\n\n<p>\ud83c\udfaf <strong>Exemple concret<\/strong> : Un enfant fait des progr\u00e8s en autonomie \u00e0 la maison (habillage, organisation personnelle). Plut\u00f4t que d\u2019ajouter simultan\u00e9ment des exigences scolaires plus \u00e9lev\u00e9es, on lui laisse du temps pour consolider cette nouvelle comp\u00e9tence avant d\u2019augmenter les demandes dans un autre domaine.<\/p>\n\n\n\n<p>\u26a0\ufe0f <strong>Points d\u2019attention<\/strong> :<\/p>\n\n\n\n<ul class=\"wp-block-list\">\n<li>Coordonner les attentes avec l\u2019ensemble des partenaires \u00e9ducatifs pour \u00e9viter une surcharge.<\/li>\n\n\n\n<li>V\u00e9rifier la simultan\u00e9it\u00e9 des demandes et accepter que l\u2019enfant ne puisse pas tout g\u00e9rer en m\u00eame temps.<\/li>\n\n\n\n<li>Valoriser chaque progr\u00e8s, m\u00eame minime, pour encourager l\u2019enfant dans son \u00e9volution.<\/li>\n<\/ul>\n\n\n\n<div class=\"wp-block-columns is-layout-flex wp-container-core-columns-is-layout-9d6595d7 wp-block-columns-is-layout-flex\">\n<div class=\"wp-block-column is-layout-flow wp-block-column-is-layout-flow\">\n<h2 class=\"wp-block-heading\">Liens utiles: pour aller<br>plus loin<\/h2>\n\n\n\n<p>\ud83d\udccb** <strong>FICHE OUTIL API-Lux<\/strong> : <a href=\"https:\/\/apilux.be\/index.php\/2025\/02\/14\/adaptation-continue\/\" target=\"_blank\" rel=\"noreferrer noopener\">Adaptation continue<\/a><\/p>\n\n\n\n<p>\ud83d\udccb** <strong>FICHE OUTIL API-Lux<\/strong>: <a href=\"https:\/\/apilux.be\/index.php\/2025\/03\/13\/coherence-et-continuite-des-mondes\/\" target=\"_blank\" rel=\"noreferrer noopener\">Coh\u00e9rence dans les approches \u00e9ducatives:<\/a><\/p>\n<\/div>\n\n\n\n<div class=\"wp-block-column is-layout-flow wp-block-column-is-layout-flow\">\n<h2 class=\"wp-block-heading\">Objectif(s) d&rsquo;utilisation<\/h2>\n\n\n\n<p>\ud83c\udfaf <strong>Permettre une progression sans pression excessive<\/strong>, en adaptant les exigences \u00e0 son bien-\u00eatre global. <\/p>\n<\/div>\n<\/div>\n\n\n\n<p>\ud83c\udfaf <strong>Favoriser un d\u00e9veloppement \u00e9quilibr\u00e9<\/strong> en tenant compte des capacit\u00e9s r\u00e9elles de l\u2019enfant. <br>\ud83c\udfaf <strong>Renforcer la confiance en soi<\/strong> en mettant l\u2019accent sur les r\u00e9ussites et non sur les performances imm\u00e9diates. <br>\ud83c\udfaf <strong>Encourager l\u2019autor\u00e9gulation \u00e9motionnelle<\/strong> en \u00e9vitant l\u2019\u00e9puisement li\u00e9 \u00e0 des attentes trop nombreuses ou simultan\u00e9es.<\/p>\n\n\n\n<div class=\"wp-block-columns is-layout-flex wp-container-core-columns-is-layout-9d6595d7 wp-block-columns-is-layout-flex\">\n<div class=\"wp-block-column is-layout-flow wp-block-column-is-layout-flow\">\n<h2 class=\"wp-block-heading\">Variantes &#8211; am\u00e9nagement<\/h2>\n<\/div>\n<\/div>\n\n\n\n<p>\ud83d\udcd6 <strong>Journal de progression<\/strong> : Inviter l\u2019enfant \u00e0 documenter ses petits progr\u00e8s \u00e0 son rythme, qu\u2019ils soient acad\u00e9miques, relationnels ou \u00e9motionnels. <br>\ud83c\udfb2 <strong>Activit\u00e9s bas\u00e9es sur le plaisir<\/strong> : Proposer des t\u00e2ches adapt\u00e9es \u00e0 son niveau d\u2019\u00e9volution, centr\u00e9es sur le jeu et la d\u00e9couverte pour rendre l\u2019apprentissage motivant. <br>\ud83e\udd1d <strong>\u00c9change r\u00e9gulier avec les diff\u00e9rents encadrants<\/strong> : Mettre en place des temps de coordination pour ajuster collectivement les attentes et assurer un accompagnement harmonieux.<\/p>\n","protected":false},"excerpt":{"rendered":"<p>\ud83e\ude84 Accompagner vers plus d\u2019autonomie et cultiver la singularit\u00e9 &#8211; Favoriser l&rsquo;\u00e9volution globale de l\u2019enfant en respectant son rythme et ses capacit\u00e9s.<\/p>\n","protected":false},"author":1,"featured_media":0,"comment_status":"closed","ping_status":"closed","sticky":false,"template":"","format":"standard","meta":{"iawp_total_views":2,"footnotes":""},"categories":[24,4,22,18,9,12,13,23,46,48,47,19,20,21],"tags":[],"class_list":["post-797","post","type-post","status-publish","format-standard","hentry","category-adaptation-des-apprentissages","category-besoins","category-besoins-cognitifs","category-besoins-destime","category-besoins-de-securite","category-cadre-et-limites","category-coherence","category-communication","category-fiches-outils","category-fiches-outils-pour-les-aidants-proches","category-fiches-outils-pour-les-professionnels","category-gestion-des-emotions","category-individualisation","category-valorisation-confiance"],"_links":{"self":[{"href":"https:\/\/api-lux.be\/index.php\/wp-json\/wp\/v2\/posts\/797","targetHints":{"allow":["GET"]}}],"collection":[{"href":"https:\/\/api-lux.be\/index.php\/wp-json\/wp\/v2\/posts"}],"about":[{"href":"https:\/\/api-lux.be\/index.php\/wp-json\/wp\/v2\/types\/post"}],"author":[{"embeddable":true,"href":"https:\/\/api-lux.be\/index.php\/wp-json\/wp\/v2\/users\/1"}],"replies":[{"embeddable":true,"href":"https:\/\/api-lux.be\/index.php\/wp-json\/wp\/v2\/comments?post=797"}],"version-history":[{"count":7,"href":"https:\/\/api-lux.be\/index.php\/wp-json\/wp\/v2\/posts\/797\/revisions"}],"predecessor-version":[{"id":7719,"href":"https:\/\/api-lux.be\/index.php\/wp-json\/wp\/v2\/posts\/797\/revisions\/7719"}],"wp:attachment":[{"href":"https:\/\/api-lux.be\/index.php\/wp-json\/wp\/v2\/media?parent=797"}],"wp:term":[{"taxonomy":"category","embeddable":true,"href":"https:\/\/api-lux.be\/index.php\/wp-json\/wp\/v2\/categories?post=797"},{"taxonomy":"post_tag","embeddable":true,"href":"https:\/\/api-lux.be\/index.php\/wp-json\/wp\/v2\/tags?post=797"}],"curies":[{"name":"wp","href":"https:\/\/api.w.org\/{rel}","templated":true}]}}