{"id":796,"date":"2025-02-14T11:36:55","date_gmt":"2025-02-14T10:36:55","guid":{"rendered":"http:\/\/localhost\/mdi_w\/?p=796"},"modified":"2025-07-01T13:48:09","modified_gmt":"2025-07-01T11:48:09","slug":"tableaux-de-motivation-renforcement-positif-des-reussites","status":"publish","type":"post","link":"https:\/\/api-lux.be\/index.php\/2025\/02\/14\/tableaux-de-motivation-renforcement-positif-des-reussites\/","title":{"rendered":"Tableaux de motivation: renforcement positif des r\u00e9ussites"},"content":{"rendered":"\n<div class=\"wp-block-columns is-layout-flex wp-container-core-columns-is-layout-9d6595d7 wp-block-columns-is-layout-flex\">\n<div class=\"wp-block-column is-layout-flow wp-block-column-is-layout-flow\"><div class=\"wp-block-image\">\n<figure class=\"aligncenter size-full is-resized\"><img loading=\"lazy\" decoding=\"async\" width=\"637\" height=\"335\" src=\"https:\/\/api-lux.be\/wp-content\/uploads\/2025\/02\/Tableau-de-motivation-familial-FB.jpg\" alt=\"\" class=\"wp-image-2064\" style=\"width:320px;height:auto\" srcset=\"https:\/\/api-lux.be\/wp-content\/uploads\/2025\/02\/Tableau-de-motivation-familial-FB.jpg 637w, https:\/\/api-lux.be\/wp-content\/uploads\/2025\/02\/Tableau-de-motivation-familial-FB-300x158.jpg 300w\" sizes=\"auto, (max-width: 637px) 100vw, 637px\" \/><\/figure>\n<\/div><\/div>\n\n\n\n<div class=\"wp-block-column is-layout-flow wp-block-column-is-layout-flow\">\n<p>\ud83e\udd1d\ufe0f <strong>Soutenir et mobiliser: trucs et astuces<\/strong> &#8211; Outil visuel interactif pour encourager les comportements positifs, \u00e0 renforcer la confiance en soi et \u00e0 offrir un soutien \u00e9motionnel adapt\u00e9.<\/p>\n\n\n\n<h2 class=\"wp-block-heading\">\u00c2ge cible<\/h2>\n\n\n\n<p>Selon l&rsquo;\u00e2ge r\u00e9el de d\u00e9veloppement o\u00f9 se situe l&rsquo;enfant &#8211; de 3 \u00e0 16 ans.<\/p>\n<\/div>\n<\/div>\n\n\n\n<h2 class=\"wp-block-heading\">Descriptif de l&rsquo;outil<\/h2>\n\n\n\n<p>Le tableau de motivation est con\u00e7u pour encourager les comportements positifs chez les enfants en visualisant leurs progr\u00e8s et en les r\u00e9compensant pour leurs efforts \ud83c\udf1f. Il se pr\u00e9sente sous forme de tableau o\u00f9 sont inscrits des t\u00e2ches ou objectifs \ud83d\udcdd \u00e0 atteindre.<\/p>\n\n\n\n<p>\ud83d\udfe2 <strong>Comment \u00e7a marche ?<\/strong> <strong> Par exemple<\/strong><\/p>\n\n\n\n<ul class=\"wp-block-list\">\n<li>\ud83c\udf1f Chaque t\u00e2che accomplie permet \u00e0 l&rsquo;enfant de recevoir une \u00e9toile, un autocollant ou un point.<\/li>\n\n\n\n<li>\ud83d\udcc5 Instaurer des routines positives et aider \u00e0 d\u00e9velopper l&rsquo;autodiscipline.<\/li>\n\n\n\n<li>\ud83c\udfe1\ud83c\udfeb Utilisable en \u00e9cole, centre de loisirs et autres espaces de vie pour favoriser les comportements positifs.<\/li>\n\n\n\n<li>\ud83d\udce5 Des tableaux \u00e0 t\u00e9l\u00e9charger (personnalis\u00e9s par th\u00e8me) sont disponibles en ligne.<\/li>\n<\/ul>\n\n\n\n<div class=\"wp-block-columns is-layout-flex wp-container-core-columns-is-layout-9d6595d7 wp-block-columns-is-layout-flex\">\n<div class=\"wp-block-column is-layout-flow wp-block-column-is-layout-flow\">\n<h2 class=\"wp-block-heading\">Objectif(s) d&rsquo;utilisation<\/h2>\n\n\n\n<p>\u2705 <strong>Encourager les comportements positifs<\/strong> : Renforcer les bonnes attitudes de mani\u00e8re ludique et motivante. <br>\ud83d\udc9b <strong>D\u00e9velopper l&rsquo;estime de soi<\/strong> : Permettre \u00e0 l&rsquo;enfant de voir ses progr\u00e8s et d&rsquo;\u00eatre fier de lui. <br>\ud83d\udcc6 <strong>Structurer les journ\u00e9es<\/strong> : Instaurer des routines claires et pr\u00e9visibles.<br>\ud83c\udfaf <strong>Motiver et responsabiliser<\/strong> : Inciter \u00e0 l&rsquo;autodiscipline par des objectifs clairs et accessibles. <br>\ud83c\udfc5 <strong>Favoriser la pers\u00e9v\u00e9rance<\/strong> : Apprendre \u00e0 pers\u00e9v\u00e9rer gr\u00e2ce \u00e0 un syst\u00e8me de r\u00e9compenses.<\/p>\n\n\n\n<h2 class=\"wp-block-heading\">Liens utiles<\/h2>\n\n\n\n<p>\ud83c\udf10 <a href=\"https:\/\/educationspecialisee.ca\/feuilles-de-route-tableaux-de-motivation\/\" target=\"_blank\" rel=\"noreferrer noopener\"><strong>MOD\u00c8LES DIVERS<\/strong> <\/a>(Copyright \u00a9 2025 Les tr\u00e9sors en \u00e9ducation sp\u00e9cialis\u00e9e)<\/p>\n\n\n\n<p><strong>ARTICLE POUR ALLER PLUS LOIN<\/strong>: <a href=\"https:\/\/naitreetgrandir.com\/fr\/etape\/1_3_ans\/comportement\/tableau-de-motivation\/\" target=\"_blank\" rel=\"noreferrer noopener\">Le tableau de motivation<\/a> (\u00a9 Fondation Lucie et Andr\u00e9 Chagnon, 2009-2025.\u00a0Tous droits r\u00e9serv\u00e9s. Ressource na\u00eetre et grandir)<\/p>\n<\/div>\n\n\n\n<div class=\"wp-block-column is-layout-flow wp-block-column-is-layout-flow\">\n<h2 class=\"wp-block-heading\">Variantes &#8211; am\u00e9nagement<\/h2>\n\n\n\n<p>\ud83d\udca1 <strong>Suggestions de r\u00e9compenses<\/strong> \ud83c\udf81<\/p>\n\n\n\n<p>\ud83c\udfc6 <strong>Des privil\u00e8ges<\/strong> :<br>\ud83c\udfae Gagner du temps d&rsquo;\u00e9cran (tablette, console de jeux, etc.).<br>\ud83c\udf7d\ufe0f Choisir le menu d&rsquo;un repas.<br>\ud83d\udd70\ufe0f Se coucher 5 minutes plus tard par point accumul\u00e9.<\/p>\n\n\n\n<p>\ud83c\udf89 <strong>Des activit\u00e9s sp\u00e9ciales<\/strong> :<br>\ud83d\udecc Organiser une soir\u00e9e pyjama avec des amis.<br>\ud83c\udfb2 Faire une soir\u00e9e jeux de soci\u00e9t\u00e9 en famille.<br>\u2702\ufe0f Proposer une activit\u00e9 de bricolage inhabituelle.<\/p>\n\n\n\n<p>\ud83d\udecd\ufe0f <strong>De petits objets abordables<\/strong> :<br>\u270f\ufe0f Crayons color\u00e9s.<br>\ud83e\uddfd Gommes \u00e0 effacer originales.<br>\ud83c\udccf Cartes de collection.<\/p>\n\n\n\n<p>\ud83d\ude04 <strong>De petites \u00ab\u00a0folies\u00a0\u00bb<\/strong> :<br>\ud83c\udf70 Manger un dessert avant le repas.<br>\ud83c\udfe0 Sortir tous les coussins pour construire une cabane.<\/p>\n\n\n\n<p>\ud83e\udec2 <strong>En groupe, le tableau de motivation peut aussi favoriser la coop\u00e9ration<\/strong> et l&rsquo;esprit d&rsquo;\u00e9quipe \ud83c\udfad <\/p>\n<\/div>\n<\/div>\n\n\n\n<p>Des outils \u00e0 nous partager ?&nbsp;<a href=\"https:\/\/api-lux.be\/index.php\/contact\/\">Cliquez ici<\/a><\/p>\n","protected":false},"excerpt":{"rendered":"<p>\ud83e\udd1d\ufe0f Soutenir et mobiliser: trucs et astuces &#8211; Outil visuel interactif pour encourager les comportements positifs, \u00e0 renforcer la confiance en soi et \u00e0 offrir un soutien \u00e9motionnel adapt\u00e9. \u00c2ge [&hellip;]<\/p>\n","protected":false},"author":1,"featured_media":0,"comment_status":"closed","ping_status":"closed","sticky":false,"template":"","format":"standard","meta":{"iawp_total_views":289,"footnotes":""},"categories":[24,10,28,4,22,27,18,9,12,15,46,48,47,20,25,26,21],"tags":[],"class_list":["post-796","post","type-post","status-publish","format-standard","hentry","category-adaptation-des-apprentissages","category-amenagement-environnement","category-autonomie-et-responsabilisation","category-besoins","category-besoins-cognitifs","category-besoins-daccomplissement","category-besoins-destime","category-besoins-de-securite","category-cadre-et-limites","category-famille-et-milieu-de-vie","category-fiches-outils","category-fiches-outils-pour-les-aidants-proches","category-fiches-outils-pour-les-professionnels","category-individualisation","category-materiel-specifique","category-outils-pedagogiques-pour-les-pro","category-valorisation-confiance"],"_links":{"self":[{"href":"https:\/\/api-lux.be\/index.php\/wp-json\/wp\/v2\/posts\/796","targetHints":{"allow":["GET"]}}],"collection":[{"href":"https:\/\/api-lux.be\/index.php\/wp-json\/wp\/v2\/posts"}],"about":[{"href":"https:\/\/api-lux.be\/index.php\/wp-json\/wp\/v2\/types\/post"}],"author":[{"embeddable":true,"href":"https:\/\/api-lux.be\/index.php\/wp-json\/wp\/v2\/users\/1"}],"replies":[{"embeddable":true,"href":"https:\/\/api-lux.be\/index.php\/wp-json\/wp\/v2\/comments?post=796"}],"version-history":[{"count":12,"href":"https:\/\/api-lux.be\/index.php\/wp-json\/wp\/v2\/posts\/796\/revisions"}],"predecessor-version":[{"id":7718,"href":"https:\/\/api-lux.be\/index.php\/wp-json\/wp\/v2\/posts\/796\/revisions\/7718"}],"wp:attachment":[{"href":"https:\/\/api-lux.be\/index.php\/wp-json\/wp\/v2\/media?parent=796"}],"wp:term":[{"taxonomy":"category","embeddable":true,"href":"https:\/\/api-lux.be\/index.php\/wp-json\/wp\/v2\/categories?post=796"},{"taxonomy":"post_tag","embeddable":true,"href":"https:\/\/api-lux.be\/index.php\/wp-json\/wp\/v2\/tags?post=796"}],"curies":[{"name":"wp","href":"https:\/\/api.w.org\/{rel}","templated":true}]}}